{"id":400345,"date":"2025-09-18T16:32:17","date_gmt":"2025-09-18T16:32:17","guid":{"rendered":"https:\/\/www.europesays.com\/fr\/400345\/"},"modified":"2025-09-18T16:32:17","modified_gmt":"2025-09-18T16:32:17","slug":"10000-manifestants-selon-les-organisateurs-et-aucun-debordement","status":"publish","type":"post","link":"https:\/\/www.europesays.com\/fr\/400345\/","title":{"rendered":"10000 manifestants selon les organisateurs et aucun d\u00e9bordement"},"content":{"rendered":"<p>            Par<br \/>\n        <strong><br \/>\n            <a href=\"https:\/\/actu.fr\/auteur\/redaction-nice\" title=\"Consulter tous les articles de R\u00e9daction Nice\" target=\"_blank\" rel=\"noopener\">R\u00e9daction Nice<\/a><br \/>\n        <\/strong><\/p>\n<p>        Publi\u00e9 le<\/p>\n<p>            18 sept. 2025 \u00e0 7h47<br \/>\n        ; mis \u00e0 jour le 18 sept. 2025 \u00e0 18h19    <\/p>\n<p>\u00a0<\/p>\n<p class=\" wall-content\">Le succ\u00e8s de cette nouvelle mobilisation <strong>a \u00e9t\u00e9 au rendez-vous<\/strong>. En tout cas, plus que lors des rassemblements du <a href=\"https:\/\/actu.fr\/societe\/direct-10-septembre-a-nice-suivez-les-blocages-et-actions-dans-les-alpes-maritimes_63135477.html\" target=\"_blank\" rel=\"noopener\">10\u00a0septembre<\/a>. Ce jeudi 18\u00a0septembre, <strong>des milliers de manifestants<\/strong> ont pris part au cort\u00e8ge parti de la gare Thiers, dans le centre de <a href=\"https:\/\/actu.fr\/nice\/\" target=\"_blank\" rel=\"noopener\">Nice<\/a> (<a href=\"https:\/\/actu.fr\/provence-alpes-cote-d-azur\/alpes-maritimes_06\" target=\"_blank\" rel=\"noopener\">Alpes-Maritimes<\/a>).<\/p>\n<p class=\" wall-content\">Ils \u00e9taient <strong>10000 selon les organisateurs<\/strong>, <strong>2300 selon <\/strong>les premiers chiffres partag\u00e9s \u00e0 midi par<strong> la pr\u00e9fecture<\/strong> des Alpes-Maritimes \u00e0 actu Nice. La manifestation s\u2019est d\u00e9roul\u00e9e sans encombres, ni interpellations.<\/p>\n<p class=\" wall-content\">Une autre manifestation a eu lieu dans l\u2019apr\u00e8s-midi <strong>entre la gare du Sud et la place Garibaldi<\/strong>.<\/p>\n<p class=\" wall-content\">\u00c0 l\u2019\u00e9chelle nationale, la CGT a recens\u00e9 \u00ab<strong>\u2009plus d\u2019un million de personnes<\/strong>\u2009\u00bb dans les manifestations organis\u00e9es ce jeudi \u00e0 travers le pays.<\/p>\n<p class=\" wall-content\">Revivez le direct des manifestations \u00e0 <a href=\"https:\/\/actu.fr\/nice\/\" target=\"_blank\" rel=\"noopener\">Nice<\/a>\u00a0avec la r\u00e9daction d\u2019actu Nice.<\/p>\n<p>18h20 : ce direct est \u00e0 pr\u00e9sent termin\u00e9. Merci de l\u2019avoir suivi.17h\u2009: Christian Estrosi et \u00c9ric Ciotti rejoignent le cort\u00e8ge<\/p>\n<p class=\" wall-content\">\u00c0 quelques m\u00e8tres de la place Garibaldi, lieu d\u2019arriv\u00e9e de cette seconde manifestation,<strong> le maire de Nice, <a href=\"https:\/\/actu.fr\/tag\/christian-estrosi\" target=\"_blank\" rel=\"noopener\">Christian Estrosi<\/a><\/strong>, et le <strong>d\u00e9put\u00e9 des Alpes-Maritimes <a href=\"https:\/\/actu.fr\/tag\/eric-ciotti\" target=\"_blank\" rel=\"noopener\">\u00c9ric Ciotti<\/a><\/strong>, <a href=\"https:\/\/actu.fr\/provence-alpes-cote-d-azur\/nice_06088\/elections-municipales-2026-voici-ce-que-promet-eric-ciotti-s-il-devient-maire-de-nice_63083692.html\" target=\"_blank\" rel=\"noopener\">candidat aux \u00e9lections municipales<\/a> les <a href=\"https:\/\/actu.fr\/provence-alpes-cote-d-azur\/nice_06088\/municipales-2026-a-nice-voici-tous-les-candidats-declares-pour-l-election_63153431.html\" target=\"_blank\" rel=\"noopener\">15 et 22\u00a0mars prochains<\/a>, ont rejoint le cort\u00e8ge compos\u00e9 principalement de pharmaciens et de kin\u00e9s.<\/p>\n<p>Votre r\u00e9gion, votre actu !<\/p>\n<p>Recevez chaque jour les infos qui comptent pour vous.<\/p>\n<p>\t<a href=\"https:\/\/actu.fr\/newsletter\" class=\"ac-btn ac-btn--corner ac-btn--medium ac-btn--blue800\" target=\"_blank\" rel=\"noopener\">S&rsquo;incrire<\/a><\/p>\n<p class=\" wall-content\">Plus t\u00f4t dans l\u2019apr\u00e8s-midi, la s\u00e9natrice <strong>Dominique Estrosi Sassone<\/strong> avait, elle aussi, pris part \u00e0 la manifestation.<\/p>\n<p>    <a href=\"https:\/\/www.facebook.com\/plugins\/post.php?href=https%3A%2F%2Fwww.facebook.com%2Fphoto.php%3Ffbid%3D1343365093817752%26set%3Da.261647685322837%26type%3D3&amp;show_text=true&amp;width=350\" title=\"Ouvrie le lien\" target=\"_blank\" rel=\"noopener\">Cliquez ici pour visualiser le contenu<\/a><\/p>\n<p>15h30\u2009: les manifestants partent en direction de la place Garibaldi<\/p>\n<p class=\" wall-content\">Selon nos confr\u00e8res de Nice-Matin, <strong>500\u00a0personnes<\/strong>, majoritairement des professionnels de sant\u00e9, sont attendues pour le second rassemblement, organis\u00e9 cette fois-ci devant la gare du Sud. Les manifestants suivent en ce moment <strong>les voies du tram<\/strong> direction la place Garibaldi. Pour rappel, <a href=\"https:\/\/actu.fr\/provence-alpes-cote-d-azur\/nice_06088\/greve-du-18-septembre-a-nice-quels-impacts-sur-les-bus-et-trams-lignes-d-azur_63166848.html\" target=\"_blank\" rel=\"noopener\">aucun tramway ne circule<\/a> ce jeudi 18\u00a0septembre.<\/p>\n<p class=\" wall-content\">Selon le syndicat des pharmaciens d\u2019officine, <strong>plus de 9 pharmacies sur 10 <\/strong>sont ferm\u00e9es ce 18\u00a0septembre dans le d\u00e9partement des Alpes-Maritimes.<\/p>\n<p>14h\u2009: une seconde manifestation s\u2019organise devant la gare du Sud<\/p>\n<p class=\" wall-content\">Comme d\u00e9clar\u00e9 aupr\u00e8s de la pr\u00e9fecture des Alpes-Maritimes, <strong>un second rassemblement <\/strong>a lieu ce<strong> jeudi 18\u00a0septembre<\/strong>. \u00c0 14h, devant la gare du Sud, quelques professionnels de sant\u00e9 ont r\u00e9pondu \u00e0 l\u2019appel de l\u2019intersyndicale. Le cort\u00e8ge devrait partir en direction de la <strong>place Garibaldi <\/strong>pour une arriv\u00e9e aux alentours de<strong>\u00a017h<\/strong>.<\/p>\n<p>12h30\u2009: la pr\u00e9fecture donne une premi\u00e8re estimation de participants<\/p>\n<p class=\" wall-content\">Selon la pr\u00e9fecture des Alpes-Maritimes, <strong>2300 manifestants<\/strong> ont d\u00e9fil\u00e9 de la gare Thiers \u00e0 la place Mass\u00e9na, ce matin \u00e0 Nice. C\u2019est presque 8000 personnes de moins que les chiffres partag\u00e9s par les organisateurs. Le bilan d\u00e9finitif sera donn\u00e9 dans la soir\u00e9e.<\/p>\n<p>    <img   decoding=\"async\" loading=\"lazy\" src=\"https:\/\/www.europesays.com\/fr\/wp-content\/uploads\/2025\/09\/actu-nice-9-960x640.png\" alt=\"2300 manifestants ont d\u00e9fil\u00e9 ce jeudi 18 septembre selon un premier bilan de la pr\u00e9fecture des Alpes-Maritimes.\" width=\"960\" height=\"640\"\/><br \/>\n    2300 manifestants ont d\u00e9fil\u00e9 ce jeudi 18\u00a0septembre, selon un premier bilan de la pr\u00e9fecture des Alpes-Maritimes. (\u00a9Florine Amenta \/ actu.fr Nice)12h00\u2009: tous les syndicats sont r\u00e9unis sur la place Mass\u00e9na<\/p>\n<p class=\" wall-content\">Arriv\u00e9s depuis quelques minutes, les manifestants sont install\u00e9s sur la place Mass\u00e9na. Alors que Bruno Retailleau, ministre de l\u2019Int\u00e9rieur, vient d\u2019annoncer l\u2019interpellation de <strong>79\u00a0personnes partout en France<\/strong>, \u00e0 Nice, il n\u2019y a pas eu d\u2019intervention des forces de l\u2019ordre.<\/p>\n<p class=\" wall-content\">Selon la CGT, <strong>10000 personnes ont d\u00e9fil\u00e9 \u00e0 Nice ce jeudi 18\u00a0septembre<\/strong>. La pr\u00e9fecture des Alpes-Maritimes<strong> n\u2019a pas encore communiqu\u00e9<\/strong> sur les chiffres de participation. Un appel \u00e0 la manifestation \u00ab\u2009pour la paix\u2009\u00bb vient d\u2019\u00eatre effectu\u00e9 par une membre de l\u2019association France Palestine Solidarit\u00e9, le rendez-vous est donn\u00e9 \u00e0 16h sur la place Garibaldi.<\/p>\n<p>11h30\u2009: le cort\u00e8ge arrive sur la place Mass\u00e9na<\/p>\n<p class=\" wall-content\">Toujours sans accroc et dans la bonne ambiance, la manifestation continue et <strong>arrive dans quelques minutes<\/strong> sur la place Mass\u00e9na. \u00ab\u2009On n\u2019est <strong>pas l\u00e0 pour foutre la merde<\/strong>, on est l\u00e0 pour \u00eatre entendus\u2009\u00bb, scande au micro un membre de la FO des Alpes-Maritimes.<\/p>\n<p class=\" wall-content\">\u00ab\u2009Pour un monde meilleur, m\u00eame si Macron ne veut pas, on est l\u00e0\u2009\u00bb chantent les manifestants de la F.S.U (F\u00e9d\u00e9ration syndicale unitaire). Au milieu de pancartes \u00ab\u2009Macron d\u00e9gage\u2009\u00bb, quelques manifestants abordent des <strong>gilets jaunes, certains avec l\u2019inscription RIC<\/strong>, en r\u00e9f\u00e9rence au \u00ab\u2009R\u00e9f\u00e9rendum d\u2019initiative citoyenne\u2009\u00bb, revendication popularis\u00e9e par les Gilets Jaunes.<strong><br \/><\/strong><\/p>\n<p>11h20\u2009: les manifestants sont arr\u00eat\u00e9s devant Nicetoile<\/p>\n<p class=\" wall-content\">Le cort\u00e8ge vient de s\u2019arr\u00eater devant le centre commercial Nicetoile.<strong> \u00ab\u2009On est fatigu\u00e9s\u2009\u00bb, \u00ab\u2009c\u2019est le budget de la honte\u2009\u00bb, \u00ab\u2009\u00e7a suffit\u2009!\u2009\u00bb<\/strong>, crient les manifestants. Au milieu de la foule, un pantin d\u2019Emmanuel Macron est envoy\u00e9 en l\u2019air.<\/p>\n<p>    <img   decoding=\"async\" loading=\"lazy\" src=\"https:\/\/www.europesays.com\/fr\/wp-content\/uploads\/2025\/09\/actu-nice-7-960x640.png\" alt=\"Un pantin d'Emmanuel Macron vol dans le cort\u00e8ge de la manifestation du 18 septembre.\" width=\"960\" height=\"640\"\/><br \/>\n    Un pantin d\u2019Emmanuel Macron vol dans le cort\u00e8ge de la manifestation du 18\u00a0septembre. (\u00a9Florine Amenta \/ actu.fr Nice)10h40\u2009: le cort\u00e8ge s\u2019\u00e9lance vers l\u2019avenue Jean M\u00e9decin<\/p>\n<p class=\" wall-content\">Alors que l\u2019avenue Thiers \u00e9tait bloqu\u00e9e, le cort\u00e8ge commence doucement \u00e0 avancer <strong>vers l\u2019avenue Jean M\u00e9decin<\/strong>. Plusieurs centaines de manifestants de l\u2019intersyndicale s\u2019\u00e9lancent en direction de la place Mass\u00e9na. En t\u00eate de cort\u00e8ge, la CFDT se redit \u00ab\u2009contre la retraite \u00e0 64\u00a0ans\u2009\u00bb et pour que ce ne soit pas \u00ab\u2009toujours les m\u00eames qui paient\u2009\u00bb. Les jeunes du<strong> front populaire \u00e9tudiant<\/strong> sont aussi pr\u00e9sents.<\/p>\n<p>    <img   decoding=\"async\" loading=\"lazy\" src=\"https:\/\/www.europesays.com\/fr\/wp-content\/uploads\/2025\/09\/actu-nice-4-960x640.png\" alt=\"Le cort\u00e8ge part de la gare \u00e0 10h40, direction l'avenue Jean M\u00e9decin. \" width=\"960\" height=\"640\"\/><br \/>\n    Le cort\u00e8ge est parti de la gare \u00e0 10h40, direction l\u2019avenue Jean M\u00e9decin puis la place Mass\u00e9na. (\u00a9Florine Amenta \/ actu.fr Nice)10h30\u2009: une centaine de manifestants devant la gare Thiers, \u00e0 Nice<\/p>\n<p class=\" wall-content\">Une centaine de manifestants sont r\u00e9unis sur le parvis de la gare Thiers, \u00e0 Nice. Au milieu des <strong>nombreux drapeaux de la CGT,<\/strong> les \u00e9cologistes sont aussi pr\u00e9sents, notamment l\u2019\u00e9lu Jean-Christophe Picard. Un <strong>grand drapeau palestinien<\/strong> flotte aussi sur le cort\u00e8ge qui se forme doucement. Des militants de <strong>la France insoumise<\/strong> sont aussi pr\u00e9sents, parmi les pancartes\u2009: \u00ab\u2009le SMIC \u00e0 1600 euros\u2009\u00bb, \u00ab\u2009profs en col\u00e8re\u2009\u00bb ou encore \u00ab\u2009retrait\u00e9s maltrait\u00e9s\u2009\u00bb.<\/p>\n<p>10h\u2009: pas de ralentissement sur l\u2019A8<\/p>\n<p class=\" wall-content\">Sur les routes, aucun ralentissement cons\u00e9quent n\u2019est \u00e0 signaler. Il faut<strong> une trentaine de minutes pour rejoindre Cannes<\/strong> depuis le centre-ville de Nice par l\u2019autoroute A8. \u00c0 l\u2019a\u00e9roport de Nice, des VTC sont mobilis\u00e9s.\u00a0Selon nos confr\u00e8res de Nice-Matin, certaines bloquent l\u2019acc\u00e8s aux VTC non-gr\u00e9vistes.<\/p>\n<p>9h30\u2009: des premiers manifestants arrivent<\/p>\n<p class=\" wall-content\">Un <strong>premier regroupement de manifestants<\/strong> vient d\u2019arriver \u00e0 la gare de Nice. Quelques drapeaux de la CGT et de la FO flottent d\u00e9j\u00e0 sur fond de musique entra\u00eenante.\u00a0Au micro de BFM TV, des repr\u00e9sentants des syndicats ont rappel\u00e9 leur revendication principale\u2009: \u00ab\u2009une meilleure justice sociale\u2009\u00bb. Ils<strong>\u00a0esp\u00e8rent plus de monde<\/strong> que lors de la manifestation de la semaine derni\u00e8re qui avait r\u00e9uni <a href=\"https:\/\/actu.fr\/societe\/direct-10-septembre-a-nice-suivez-les-blocages-et-actions-dans-les-alpes-maritimes_63135477.html\" target=\"_blank\" rel=\"noopener\">quelques centaines de manifestants<\/a> dans le d\u00e9partement.<\/p>\n<p>8h45\u2009: pas de manifestants devant la gare<\/p>\n<p class=\" wall-content\">Il y a du monde dans les rues et sur les routes de Nice, mais <strong>pas encore de manifestants sur le parvis de la gare Thiers<\/strong>. Les commer\u00e7ants \u00e0 l\u2019entr\u00e9e de la gare ont \u00e9t\u00e9 invit\u00e9s \u00e0 ne pas installer leurs terrasses pour l\u2019instant. La boutique Paul est m\u00eame ferm\u00e9e. Des policiers patrouillent aux alentours, mais aucun rassemblement n\u2019est encore \u00e0 signaler.<\/p>\n<p>    <img   decoding=\"async\" loading=\"lazy\" src=\"https:\/\/www.europesays.com\/fr\/wp-content\/uploads\/2025\/09\/actu-nice-1-960x640.png\" alt=\"\u00c0 Nice, le d\u00e9part de la manifestation est pr\u00e9vu entre 9h et 10h sur le parvis de la gare Thiers. \u00c0 8h30, aucun manifestant n'\u00e9tait encore sur place.\" width=\"960\" height=\"640\"\/><br \/>\n    \u00c0 Nice, le d\u00e9part de la manifestation est pr\u00e9vu entre 9h et 10h sur le parvis de la gare Thiers. \u00c0 8h30, aucun manifestant n\u2019\u00e9tait encore sur place.7\u2009h\u200950\u2009: le cort\u00e8ge s\u2019\u00e9lancera de la gare de Nice Ville<\/p>\n<p class=\" wall-content\">Comme indiqu\u00e9 par la r\u00e9daction d\u2019<a href=\"https:\/\/actu.fr\/provence-alpes-cote-d-azur\/nice_06088\/manifestation-du-18-septembre-a-nice-on-connait-le-parcours-du-cortege_63166709.html\" target=\"_blank\" rel=\"noopener\">actu Nice<\/a>, le cort\u00e8ge de manifestants men\u00e9 par les syndicats se r\u00e9unira <strong>sur le parvis de la gare de Nice Ville \u00e0 10h<\/strong> pour un <strong>d\u00e9part du cort\u00e8ge \u00e0 10h30<\/strong>.<\/p>\n<p>    <a href=\"https:\/\/www.google.com\/maps\/embed?pb=!1m30!1m8!1m3!1d11537.79239690148!2d7.266264!3d43.701236!3m2!1i1024!2i768!4f13.1!4m19!3e2!4m5!1s0x12cdd00630b6fb9d%3A0x70199f2a745ea0d5!2sNice-Ville%2C%20Av.%20Thiers%2C%2006008%20Nice!3m2!1d43.704612!2d7.261933!4m5!1s0x12cdd0078065f833%3A0x96157c8db9160bba!2sPharmacie%20Riviera%2024h%2F24%20(de%20Garde)%2C%2066%20Av.%20Jean%20M%C3%A9decin%2C%2006000%20Nice!3m2!1d43.7053502!2d7.2652057!4m5!1s0x12cddaa161703019%3A0x4069c261780c67c!2sPl.%20Massena%2C%20Nice!3m2!1d43.697205!2d7.2705956!5e0!3m2!1sfr!2sfr!4v1758115909957!5m2!1sfr!2sfr\" title=\"Ouvrie le lien\" target=\"_blank\" rel=\"noopener\">Cliquez ici pour visualiser le contenu<\/a><\/p>\n<p class=\" wall-content\">Les manifestants vont emprunter l\u2019avenue Jean-M\u00e9decin pour rallier leur <strong>point d\u2019arriv\u00e9e, la place Mass\u00e9na<\/strong>.<\/p>\n<p>7h46\u2009: les transports en gr\u00e8ve<\/p>\n<p class=\" wall-content\">Le r\u00e9seau de transports en commun des Lignes d\u2019Azur a indiqu\u00e9 que le s<strong>ervice est tr\u00e8s r\u00e9duit<\/strong> ce jeudi. <a href=\"https:\/\/actu.fr\/provence-alpes-cote-d-azur\/nice_06088\/greve-du-18-septembre-a-nice-quels-impacts-sur-les-bus-et-trams-lignes-d-azur_63166848.html\" target=\"_blank\" rel=\"noopener\">Aucune ligne de tramway<\/a> ne circule de la journ\u00e9e. Ce sera \u00e9galement le cas d\u2019un grand nombre de lignes de bus.<\/p>\n<p class=\" wall-content\">Les lignes de bus qui ne circulent pas\u2009:<\/p>\n<ul class=\" wall-content\">\n<li>Les lignes de bus 5, 6, 7, 8, 10, 11, 12, 14, 15, 16, 17, 18, 20, 21, 30, 32, 33, 35, 36, 37, 38, 39, 41, 42, 49, 57, 58, 64, 70, 71, 72, 81, 98, 99, C\u0153ur de Vence 3, Cadam Est, \u00c9cole du ch\u00e2teau et 75D.<\/li>\n<\/ul>\n<p class=\" wall-content\">Les lignes de bus qui\u00a0circulent en service partiel\u2009:<\/p>\n<ul class=\" wall-content\">\n<li>Les lignes 9, 19, 31, 34, 44, 47, 50, 51, 52, 54, 55, 60, 61, 62, 63, 75, 76, C\u0153ur de Vence 1, lignes sp\u00e9cifiques R et V sont assur\u00e9s partiellement.<\/li>\n<\/ul>\n<p class=\" wall-content\">En r\u00e9ponse \u00e0 cette forte mobilisation des salari\u00e9s des Lignes d\u2019Azur, la Ville de Nice a fait le choix de rendre le<a href=\"https:\/\/actu.fr\/provence-alpes-cote-d-azur\/nice_06088\/nice-le-stationnement-sera-gratuit-en-ville-pendant-24h-voici-pourquoi_63169207.html\" target=\"_blank\" rel=\"noopener\"> stationnement sur voirie gratuit<\/a> toute la journ\u00e9e.<\/p>\n<p class=\" wall-content\">Personnalisez votre actualit\u00e9 en ajoutant vos villes et m\u00e9dias en favori avec <a href=\"https:\/\/moncompte.actu.fr\" title=\"D\u00e9couvez Mon Actu\" rel=\"nofollow noopener\" data-trk=\"{&quot;cta&quot;:{&quot;action&quot;:&quot;https:\\\/\\\/moncompte.actu.fr&quot;,&quot;category&quot;:&quot;mon compte&quot;,&quot;from&quot;:&quot;article footer&quot;,&quot;name&quot;:&quot;Mon actu&quot;,&quot;type&quot;:&quot;cta&quot;}}\" target=\"_blank\">Mon Actu<\/a>.<\/p>\n","protected":false},"excerpt":{"rendered":"Par R\u00e9daction Nice Publi\u00e9 le 18 sept. 2025 \u00e0 7h47 ; mis \u00e0 jour le 18 sept. 2025&hellip;\n","protected":false},"author":2,"featured_media":400346,"comment_status":"","ping_status":"","sticky":false,"template":"","format":"standard","meta":{"footnotes":""},"categories":[2819],"tags":[1111,11,1777,674,1011,27,52713,1272,12,2401,882,25,104],"class_list":{"0":"post-400345","1":"post","2":"type-post","3":"status-publish","4":"format-standard","5":"has-post-thumbnail","7":"category-nice","8":"tag-actu","9":"tag-actualites","10":"tag-eu","11":"tag-europe","12":"tag-fr","13":"tag-france","14":"tag-greve-du-18-septembre","15":"tag-manifestations","16":"tag-news","17":"tag-nice","18":"tag-provence-alpes-cote-dazur","19":"tag-republique-francaise","20":"tag-societe"},"share_on_mastodon":{"url":"https:\/\/pubeurope.com\/@fr\/115226263437547037","error":""},"_links":{"self":[{"href":"https:\/\/www.europesays.com\/fr\/wp-json\/wp\/v2\/posts\/400345","targetHints":{"allow":["GET"]}}],"collection":[{"href":"https:\/\/www.europesays.com\/fr\/wp-json\/wp\/v2\/posts"}],"about":[{"href":"https:\/\/www.europesays.com\/fr\/wp-json\/wp\/v2\/types\/post"}],"author":[{"embeddable":true,"href":"https:\/\/www.europesays.com\/fr\/wp-json\/wp\/v2\/users\/2"}],"replies":[{"embeddable":true,"href":"https:\/\/www.europesays.com\/fr\/wp-json\/wp\/v2\/comments?post=400345"}],"version-history":[{"count":0,"href":"https:\/\/www.europesays.com\/fr\/wp-json\/wp\/v2\/posts\/400345\/revisions"}],"wp:featuredmedia":[{"embeddable":true,"href":"https:\/\/www.europesays.com\/fr\/wp-json\/wp\/v2\/media\/400346"}],"wp:attachment":[{"href":"https:\/\/www.europesays.com\/fr\/wp-json\/wp\/v2\/media?parent=400345"}],"wp:term":[{"taxonomy":"category","embeddable":true,"href":"https:\/\/www.europesays.com\/fr\/wp-json\/wp\/v2\/categories?post=400345"},{"taxonomy":"post_tag","embeddable":true,"href":"https:\/\/www.europesays.com\/fr\/wp-json\/wp\/v2\/tags?post=400345"}],"curies":[{"name":"wp","href":"https:\/\/api.w.org\/{rel}","templated":true}]}}