{"id":400353,"date":"2025-09-18T16:36:21","date_gmt":"2025-09-18T16:36:21","guid":{"rendered":"https:\/\/www.europesays.com\/fr\/400353\/"},"modified":"2025-09-18T16:36:21","modified_gmt":"2025-09-18T16:36:21","slug":"un-homme-condamne-a-15-ans-de-prison-pour-proxenetisme-envers-cinq-adolescentes-de-laide-sociale-a-lenfance","status":"publish","type":"post","link":"https:\/\/www.europesays.com\/fr\/400353\/","title":{"rendered":"un homme condamn\u00e9 \u00e0 15 ans de prison pour prox\u00e9n\u00e9tisme envers cinq adolescentes de l\u2019Aide sociale \u00e0 l\u2019Enfance"},"content":{"rendered":"<p>Yanis S-E., un Martiniquais \u00e2g\u00e9 de 31 ans, a \u00e9t\u00e9 condamn\u00e9 \u00e0 15 ans de r\u00e9clusion p\u00e9nitentiaire par la cour criminelle de la Gironde, mercredi. Il \u00e9tait notamment accus\u00e9 de prox\u00e9n\u00e9tisme envers cinq jeunes filles mineures, plac\u00e9es en foyer d\u2019accueil.<\/p>\n<p class=\"fig-paragraph\">Face \u00e0 la\u00a0<a href=\"http:\/\/www.lefigaro.fr\/bordeaux\/la-cour-criminelle-departementale-siege-pour-la-premiere-fois-en-gironde-20231208\" data-fig-type=\"NewsFlash\" data-gtm-custom-categorie=\"navigation\" data-gtm-custom-action=\"crossclick\" data-gtm-custom-label=\"Contextuel\" data-gtm-event=\"customEventSPE\" data-fig-domain=\"LEFIGARO\" rel=\"nofollow noopener\" target=\"_blank\">cour criminelle de la Gironde,<\/a>\u00a0l\u2019accus\u00e9 a ni\u00e9 les faits qui lui \u00e9taient reproch\u00e9s durant l\u2019int\u00e9gralit\u00e9 de ses trois jours de proc\u00e8s. \u00c2g\u00e9 de 31 ans, le Martiniquais Yanis S-E. a bredouill\u00e9\u00a0: \u00abJe m\u2019excuse pour tout,\u00bb avant d\u2019\u00eatre condamn\u00e9 \u00e0 15 ans de\u00a0<a href=\"http:\/\/www.lefigaro.fr\/bordeaux\/c-est-pousser-au-crime-des-bouteilles-de-vin-livrees-a-la-prison-de-bordeaux-gradignan-scandalisent-les-agents-penitentiaires-20250909\" data-fig-type=\"NewsFlash\" data-gtm-custom-categorie=\"navigation\" data-gtm-custom-action=\"crossclick\" data-gtm-custom-label=\"Contextuel\" data-gtm-event=\"customEventSPE\" data-fig-domain=\"LEFIGARO\" rel=\"nofollow noopener\" target=\"_blank\">r\u00e9clusion criminelle<\/a>. Le trentenaire \u00e9tait accus\u00e9 de \u00abprox\u00e9n\u00e9tisme aggrav\u00e9\u00bb envers cinq jeunes filles, \u00e2g\u00e9es de 13 \u00e0 17 ans, plac\u00e9es dans un foyer de l\u2019<a href=\"http:\/\/www.lefigaro.fr\/actualite-france\/aide-sociale-a-l-enfance-le-gouvernement-reforme-l-accueil-des-bebes-20250906\" data-fig-type=\"NewsFlash\" data-gtm-custom-categorie=\"navigation\" data-gtm-custom-action=\"crossclick\" data-gtm-custom-label=\"Contextuel\" data-gtm-event=\"customEventSPE\" data-fig-domain=\"LEFIGARO\" rel=\"nofollow noopener\" target=\"_blank\">Aide sociale \u00e0 l\u2019Enfance<\/a>\u00a0(Ase) qui en avaient fugu\u00e9. Le condamn\u00e9 a aussi \u00e9t\u00e9 accus\u00e9 du \u00abviol\u00bb de l\u2019une d\u2019entre elles. Les chefs de \u00abd\u00e9tention de stup\u00e9fiants\u00bb et le refus de composer le code secret de son t\u00e9l\u00e9phone aux enqu\u00eateurs lui \u00e9taient \u00e9galement reproch\u00e9s. Ce sont les deux seuls faits qu\u2019il a reconnus devant la justice. Selon son avocate, Me El\u00e9na Badescu, Yanis S-E. qui encourait 20 ans de r\u00e9clusion criminelle, a \u00e9t\u00e9 \u00absonn\u00e9\u00bb par sa condamnation \u00abvertigineuse\u00bb pour \u00abun homme qui comparaissait libre\u00bb. La peine prononc\u00e9e \u00e9tait toutefois conforme aux r\u00e9quisitions du parquet.<\/p>\n<p class=\"fig-paragraph\">Et pour cause. Les faits qui ont \u00e9t\u00e9 jug\u00e9s ont \u00e9t\u00e9 d\u00e9couverts apr\u00e8s le signalement au parquet de la fugue de trois jeunes filles mineures, soup\u00e7onn\u00e9s de se prostituer. D\u2019apr\u00e8s l\u2019ordonnance de mise en accusation que nous avons pu consulter, Yanis S-E a commis un d\u00e9lit de recours \u00e0 la prostitution en rencontrant Lola*, l\u2019une des adolescentes, sur internet. D\u2019apr\u00e8s les t\u00e9moignages des victimes, cette derni\u00e8re lui aurait propos\u00e9 de devenir son \u00abmaquereau\u00bb et celui des autres adolescentes. Plusieurs SMS \u00e9chang\u00e9s entre Yanis S-E. et les adolescentes en attestent &#8211; \u00abJ\u2019ai un pote y veut se faire sucer. Tu veux\u00a0? Pour 30 balles\u00a0? 40 balles &#8211; Je ne sais pas. C\u2019est qui\u00a0?\u00bb. Ces conversations d\u00e9montrent aussi que ce dernier g\u00e9rait leurs annonces, les mettait en relation avec des clients et les laissait se prostituer dans son studio \u00e0 M\u00e9rignac, o\u00f9 il d\u00e9tenait une arme. En \u00e9change, il percevait 50% de l\u2019argent qu\u2019elles gagnaient. Les jeunes filles se rendaient aussi chez le condamn\u00e9, surnomm\u00e9 \u00abChabin\u00bb, pour consommer alcool, cigarette, cannabis et coca\u00efne. Le plus souvent, ce dernier les faisait venir en Uber et ne les fournissait en drogues qu\u2019en \u00e9change d\u2019une prestation sexuelle.<\/p>\n<p>                                    <a class=\"fig-a11y-skip a11y-hidden\" href=\"#fig-a11y-skip-main-inarticle\"><br \/>\n        Passer la publicit\u00e9<br \/>\n    <\/a><\/p>\n<p>D\u00e9faillance du foyer d\u2019accueil\u00a0?<\/p>\n<p class=\"fig-paragraph\">Le foyer, o\u00f9 sont plac\u00e9es les cinq victimes, n\u2019est pas poursuivi en justice. \u00abUn foyer d\u2019accueil n\u2019est pas un centre \u00e9ducatif ferm\u00e9 o\u00f9 l\u2019on peut maintenir les adolescentes si elles veulent en sortir\u00bb, explique V\u00e9ronique Compan, avocate g\u00e9n\u00e9rale du proc\u00e8s. \u00abDans ce dossier, la question de la responsabilit\u00e9 du foyer ne s\u2019est pas pos\u00e9e. C\u2019est d\u2019ailleurs lui qui a alert\u00e9 le parquet des mineurs\u00bb, pr\u00e9cise le parquet g\u00e9n\u00e9ral de Bordeaux. Cette affaire, loin d\u2019\u00eatre une exception &#8211;\u00a0<a href=\"http:\/\/www.lefigaro.fr\/story\/plus-c-est-jeune-plus-c-est-cher-hotels-miteux-proxenetes-de-14-ans-recrutement-en-ligne-dans-l-enfer-du-trafic-de-prostitution-des-mineurs-20250513\" data-fig-type=\"Article\" data-gtm-custom-categorie=\"navigation\" data-gtm-custom-action=\"crossclick\" data-gtm-custom-label=\"Contextuel\" data-gtm-event=\"customEventSPE\" data-fig-domain=\"LEFIGARO\" rel=\"nofollow noopener\" target=\"_blank\">20.000 mineurs se prostituent en France<\/a>\u00a0&#8211; \u00abpose question sur les placements en foyer et leurs contr\u00f4les\u00bb, reconna\u00eet toutefois le parquet g\u00e9n\u00e9ral en insistant sur le fait qu\u2019il s\u2019agit d\u2019un \u00abph\u00e9nom\u00e8ne national\u00bb.<\/p>\n<p class=\"fig-body-link\">\n            \u00c0 lire aussi<br \/>\n        <a class=\"fig-body-link__link\" href=\"http:\/\/www.lefigaro.fr\/story\/plus-c-est-jeune-plus-c-est-cher-hotels-miteux-proxenetes-de-14-ans-recrutement-en-ligne-dans-l-enfer-du-trafic-de-prostitution-des-mineurs-20250513\" data-fig-type=\"Article\" data-gtm-custom-categorie=\"navigation\" data-gtm-custom-action=\"crossclick\" data-gtm-custom-label=\"Contextuel\" data-gtm-event=\"customEventSPE\" data-fig-domain=\"LEFIGARO\" rel=\"nofollow noopener\" target=\"_blank\">\u00abPlus c\u2019est jeune, plus c\u2019est cher\u00bb\u00a0: h\u00f4tels miteux, prox\u00e9n\u00e8tes de 14 ans, recrutement en ligne\u2026 Dans l\u2019enfer du trafic de prostitution des mineurs<br \/>\n    <\/a>\n<\/p>\n<p class=\"fig-paragraph\">Yanis S-E comparaissait au c\u00f4t\u00e9 de son complice pr\u00e9sum\u00e9, le Martiniquais Brice B. dont les agissements ont \u00e9t\u00e9 d\u00e9couverts durant l\u2019instruction. Ce dernier a \u00e9t\u00e9 condamn\u00e9 \u00e0 deux ans de prison dont 20 mois de sursis probatoire.<\/p>\n","protected":false},"excerpt":{"rendered":"Yanis S-E., un Martiniquais \u00e2g\u00e9 de 31 ans, a \u00e9t\u00e9 condamn\u00e9 \u00e0 15 ans de r\u00e9clusion p\u00e9nitentiaire par&hellip;\n","protected":false},"author":2,"featured_media":400354,"comment_status":"","ping_status":"","sticky":false,"template":"","format":"standard","meta":{"footnotes":""},"categories":[2817],"tags":[1111,11,21686,1997,1777,674,1011,27,303,12,2219,2899,25],"class_list":{"0":"post-400353","1":"post","2":"type-post","3":"status-publish","4":"format-standard","5":"has-post-thumbnail","7":"category-bordeaux","8":"tag-actu","9":"tag-actualites","10":"tag-aide-sociale-a-lenfance","11":"tag-bordeaux","12":"tag-eu","13":"tag-europe","14":"tag-fr","15":"tag-france","16":"tag-justice","17":"tag-news","18":"tag-nouvelle-aquitaine","19":"tag-prostitution","20":"tag-republique-francaise"},"share_on_mastodon":{"url":"https:\/\/pubeurope.com\/@fr\/115226278808995600","error":""},"_links":{"self":[{"href":"https:\/\/www.europesays.com\/fr\/wp-json\/wp\/v2\/posts\/400353","targetHints":{"allow":["GET"]}}],"collection":[{"href":"https:\/\/www.europesays.com\/fr\/wp-json\/wp\/v2\/posts"}],"about":[{"href":"https:\/\/www.europesays.com\/fr\/wp-json\/wp\/v2\/types\/post"}],"author":[{"embeddable":true,"href":"https:\/\/www.europesays.com\/fr\/wp-json\/wp\/v2\/users\/2"}],"replies":[{"embeddable":true,"href":"https:\/\/www.europesays.com\/fr\/wp-json\/wp\/v2\/comments?post=400353"}],"version-history":[{"count":0,"href":"https:\/\/www.europesays.com\/fr\/wp-json\/wp\/v2\/posts\/400353\/revisions"}],"wp:featuredmedia":[{"embeddable":true,"href":"https:\/\/www.europesays.com\/fr\/wp-json\/wp\/v2\/media\/400354"}],"wp:attachment":[{"href":"https:\/\/www.europesays.com\/fr\/wp-json\/wp\/v2\/media?parent=400353"}],"wp:term":[{"taxonomy":"category","embeddable":true,"href":"https:\/\/www.europesays.com\/fr\/wp-json\/wp\/v2\/categories?post=400353"},{"taxonomy":"post_tag","embeddable":true,"href":"https:\/\/www.europesays.com\/fr\/wp-json\/wp\/v2\/tags?post=400353"}],"curies":[{"name":"wp","href":"https:\/\/api.w.org\/{rel}","templated":true}]}}