{"id":400357,"date":"2025-09-18T16:39:11","date_gmt":"2025-09-18T16:39:11","guid":{"rendered":"https:\/\/www.europesays.com\/fr\/400357\/"},"modified":"2025-09-18T16:39:11","modified_gmt":"2025-09-18T16:39:11","slug":"toulouse-rouee-de-coups-pour-une-trottinette-la-victime-finit-avec-21-jours-dincapacite-de-travail","status":"publish","type":"post","link":"https:\/\/www.europesays.com\/fr\/400357\/","title":{"rendered":"Toulouse. Rou\u00e9e de coups pour une trottinette, la victime finit avec 21 jours d&rsquo;incapacit\u00e9 de travail"},"content":{"rendered":"<p>            Par<br \/>\n        <strong><br \/>\n            <a href=\"https:\/\/actu.fr\/auteur\/lea-afonso\" title=\"Consulter tous les articles de L\u00e9a Afonso\" rel=\"nofollow noopener\" target=\"_blank\">L\u00e9a Afonso<\/a><br \/>\n        <\/strong><\/p>\n<p>        Publi\u00e9 le<\/p>\n<p>            18 sept. 2025 \u00e0 18h14        <\/p>\n<p>L\u2019agression s\u2019est d\u00e9roul\u00e9e en pleine rue \u00e0 Toulouse, dans la nuit du 26 au 27\u00a0juillet 2025. Le tout dans des circonstances aussi violentes que confuses. Une <strong>femme<\/strong> a \u00e9t\u00e9 <strong>violemment<\/strong> <strong>prise \u00e0 partie<\/strong> par un groupe de <strong>cinq individus<\/strong> alors qu\u2019elle tentait de r\u00e9cup\u00e9rer sa trottinette, qu\u2019elle venait de voir se faire voler sous ses yeux.<\/p>\n<p>Une agression en pleine nuit<\/p>\n<p class=\" wall-content\"><strong>T\u00e9moin du vol de sa trottinette<\/strong>, la victime d\u00e9cide d\u2019intervenir. Mais elle est rapidement <strong>encercl\u00e9e<\/strong> et <strong>rou\u00e9e<\/strong> de coups par le groupe, compos\u00e9 de cinq personnes. Le passage \u00e0 tabac est brutal\u2009: elle subit de nombreuses l\u00e9sions, dont <strong>une fracture du bras<\/strong>, entra\u00eenant une <strong>incapacit\u00e9 totale de travail de 21\u00a0jours.<\/strong><\/p>\n<p class=\" wall-content\">Les faits ont partiellement \u00e9t\u00e9 capt\u00e9s par les cam\u00e9ras de vid\u00e9oprotection de la ville, ce qui a permis aux enqu\u00eateurs d\u2019identifier deux des agresseurs pr\u00e9sum\u00e9s.<\/p>\n<p>Deux suspects interpell\u00e9s, un seul condamn\u00e9<\/p>\n<p class=\" wall-content\">\u00c2g\u00e9s de <strong>19 et 20\u00a0ans<\/strong>, les deux jeunes hommes, d\u00e9j\u00e0 connus des services de police, sont <strong>interpell\u00e9s<\/strong>. Lors de leur audition, \u00ab\u2009ils admettent avoir eu une altercation avec la victime, mais assurent qu\u2019il s\u2019agissait d\u2019un quiproquo autour de la propri\u00e9t\u00e9 de la trottinette\u2009\u00bb, selon le procureur de Toulouse. Ils nient toutefois \u00eatre les auteurs des coups, malgr\u00e9 les images vid\u00e9o qui montrent une partie des violences.<\/p>\n<p class=\" wall-content\">Le dossier de l\u2019un des deux suspects, \u00e2g\u00e9 de 20\u00a0ans, a \u00e9t\u00e9 annul\u00e9 en raison d\u2019une nullit\u00e9 de proc\u00e9dure \u2014 un probl\u00e8me \u2014 dans les proc\u00e8s-verbaux, entra\u00eenant sa relaxe. Le second, \u00e2g\u00e9 de 19\u00a0ans, a \u00e9t\u00e9 condamn\u00e9 \u00e0 <strong>huit mois de prison avec sursis<\/strong> probatoire, assortis d\u2019une mise \u00e0 l\u2019\u00e9preuve pendant 18\u00a0mois.<\/p>\n<p class=\" wall-content\">Personnalisez votre actualit\u00e9 en ajoutant vos villes et m\u00e9dias en favori avec <a href=\"https:\/\/moncompte.actu.fr\" title=\"D\u00e9couvez Mon Actu\" rel=\"nofollow noopener\" data-trk=\"{&quot;cta&quot;:{&quot;action&quot;:&quot;https:\\\/\\\/moncompte.actu.fr&quot;,&quot;category&quot;:&quot;mon compte&quot;,&quot;from&quot;:&quot;article footer&quot;,&quot;name&quot;:&quot;Mon actu&quot;,&quot;type&quot;:&quot;cta&quot;}}\" target=\"_blank\">Mon Actu<\/a>.<\/p>\n","protected":false},"excerpt":{"rendered":"Par L\u00e9a Afonso Publi\u00e9 le 18 sept. 2025 \u00e0 18h14 L\u2019agression s\u2019est d\u00e9roul\u00e9e en pleine rue \u00e0 Toulouse,&hellip;\n","protected":false},"author":2,"featured_media":400358,"comment_status":"","ping_status":"","sticky":false,"template":"","format":"standard","meta":{"footnotes":""},"categories":[2816],"tags":[1111,11,1777,674,118,1011,27,12,2680,25,2312],"class_list":{"0":"post-400357","1":"post","2":"type-post","3":"status-publish","4":"format-standard","5":"has-post-thumbnail","7":"category-toulouse","8":"tag-actu","9":"tag-actualites","10":"tag-eu","11":"tag-europe","12":"tag-faits-divers","13":"tag-fr","14":"tag-france","15":"tag-news","16":"tag-occitanie","17":"tag-republique-francaise","18":"tag-toulouse"},"share_on_mastodon":{"url":"https:\/\/pubeurope.com\/@fr\/115226290605202483","error":""},"_links":{"self":[{"href":"https:\/\/www.europesays.com\/fr\/wp-json\/wp\/v2\/posts\/400357","targetHints":{"allow":["GET"]}}],"collection":[{"href":"https:\/\/www.europesays.com\/fr\/wp-json\/wp\/v2\/posts"}],"about":[{"href":"https:\/\/www.europesays.com\/fr\/wp-json\/wp\/v2\/types\/post"}],"author":[{"embeddable":true,"href":"https:\/\/www.europesays.com\/fr\/wp-json\/wp\/v2\/users\/2"}],"replies":[{"embeddable":true,"href":"https:\/\/www.europesays.com\/fr\/wp-json\/wp\/v2\/comments?post=400357"}],"version-history":[{"count":0,"href":"https:\/\/www.europesays.com\/fr\/wp-json\/wp\/v2\/posts\/400357\/revisions"}],"wp:featuredmedia":[{"embeddable":true,"href":"https:\/\/www.europesays.com\/fr\/wp-json\/wp\/v2\/media\/400358"}],"wp:attachment":[{"href":"https:\/\/www.europesays.com\/fr\/wp-json\/wp\/v2\/media?parent=400357"}],"wp:term":[{"taxonomy":"category","embeddable":true,"href":"https:\/\/www.europesays.com\/fr\/wp-json\/wp\/v2\/categories?post=400357"},{"taxonomy":"post_tag","embeddable":true,"href":"https:\/\/www.europesays.com\/fr\/wp-json\/wp\/v2\/tags?post=400357"}],"curies":[{"name":"wp","href":"https:\/\/api.w.org\/{rel}","templated":true}]}}