{"id":400361,"date":"2025-09-18T16:41:18","date_gmt":"2025-09-18T16:41:18","guid":{"rendered":"https:\/\/www.europesays.com\/fr\/400361\/"},"modified":"2025-09-18T16:41:18","modified_gmt":"2025-09-18T16:41:18","slug":"lex-star-du-rugby-sebastien-chabal-sera-en-dedicaces-ce-vendredi","status":"publish","type":"post","link":"https:\/\/www.europesays.com\/fr\/400361\/","title":{"rendered":"l&rsquo;ex-star du rugby S\u00e9bastien Chabal sera en d\u00e9dicaces ce vendredi\u00a0!"},"content":{"rendered":"<p>            Par<br \/>\n        <strong><br \/>\n            <a href=\"https:\/\/actu.fr\/auteur\/nicolas-demollien\" title=\"Consulter tous les articles de Nicolas Demollien\" target=\"_blank\" rel=\"noopener\">Nicolas Demollien<\/a><br \/>\n        <\/strong><\/p>\n<p>        Publi\u00e9 le<\/p>\n<p>            18 sept. 2025 \u00e0 17h36        <\/p>\n<p>Voil\u00e0 qui promet un superbe moment pour tous les<b> fans de sport<\/b> et plus particuli\u00e8rement de <a href=\"https:\/\/actu.fr\/rugby\/\" target=\"_blank\" rel=\"noopener\">rugby<\/a> ! Ce vendredi 19 septembre 2025, l\u2019immense <b>star du ballon ovale S\u00e9bastien Chabal <\/b>sera en <b>d\u00e9dicaces<\/b> \u00e0 <a href=\"https:\/\/actu.fr\/tag\/lomme\" target=\"_blank\" rel=\"noopener\">Lomme<\/a>, ville associ\u00e9e \u00e0 <a href=\"https:\/\/actu.fr\/hauts-de-france\/lille_59350\" target=\"_blank\" rel=\"noopener\">Lille<\/a> (Nord).<\/p>\n<p>L\u2019immense S\u00e9bastien Chabal en d\u00e9dicaces \u00e0 Lomme ce vendredi<\/p>\n<p class=\" wall-content\">Pour avoir la chance de le rencontrer, il faudra se rendre au <b>magasin Carrefour de la ville (130, rue du Grand But)<\/b>, tout pr\u00e8s du magasin Ikea. L\u2019ex star du XV de France y sera pr\u00e9sente <b>de 10h \u00e0 12h<\/b>. L\u2019occasion de faire quelques selfies !<\/p>\n<p class=\" wall-content\">Cet \u00e9v\u00e9nement est organis\u00e9 en partenariat avec l\u2019<b>Olympique Marcquois Rugby<\/b>. Vous aurez ainsi aussi la possibilit\u00e9 de gagner des places de match lors de cette rencontre. Vous l\u2019aurez compris, un moment tr\u00e8s sympa en perspective.<\/p>\n<p>    <a href=\"https:\/\/www.facebook.com\/plugins\/video.php?height=476&amp;href=https%3A%2F%2Fwww.facebook.com%2Freel%2F1625239925462269%2F&amp;show_text=false&amp;width=350&amp;t=0\" title=\"Ouvrie le lien\" target=\"_blank\" rel=\"noopener\">Cliquez ici pour visualiser le contenu<\/a><\/p>\n<p class=\" wall-content\">\u00ab\u00a0Cet \u00e9v\u00e9nement marquera le lancement officiel de la grande<b>\u00a0<\/b>Op\u00e9ration Fid\u00e9lit\u00e9 Carrefour\u00a0(du 9 septembre au 26 octobre) ainsi que de la\u00a0Foire aux Vins (\u00e0 partir du 23 septembre)\u00a0\u00bb, pr\u00e9cise-t-on du c\u00f4t\u00e9 de l\u2019enseigne.<\/p>\n<p class=\" wall-content\">Personnalisez votre actualit\u00e9 en ajoutant vos villes et m\u00e9dias en favori avec <a href=\"https:\/\/moncompte.actu.fr\" title=\"D\u00e9couvez Mon Actu\" rel=\"nofollow noopener\" data-trk=\"{&quot;cta&quot;:{&quot;action&quot;:&quot;https:\\\/\\\/moncompte.actu.fr&quot;,&quot;category&quot;:&quot;mon compte&quot;,&quot;from&quot;:&quot;article footer&quot;,&quot;name&quot;:&quot;Mon actu&quot;,&quot;type&quot;:&quot;cta&quot;}}\" target=\"_blank\">Mon Actu<\/a>.<\/p>\n","protected":false},"excerpt":{"rendered":"Par Nicolas Demollien Publi\u00e9 le 18 sept. 2025 \u00e0 17h36 Voil\u00e0 qui promet un superbe moment pour tous&hellip;\n","protected":false},"author":2,"featured_media":400362,"comment_status":"","ping_status":"","sticky":false,"template":"","format":"standard","meta":{"footnotes":""},"categories":[2815],"tags":[1111,11,1777,674,1011,27,811,1307,1652,13882,12,25],"class_list":{"0":"post-400361","1":"post","2":"type-post","3":"status-publish","4":"format-standard","5":"has-post-thumbnail","7":"category-lille","8":"tag-actu","9":"tag-actualites","10":"tag-eu","11":"tag-europe","12":"tag-fr","13":"tag-france","14":"tag-hauts-de-france","15":"tag-lille","16":"tag-loisirs-culture","17":"tag-lomme","18":"tag-news","19":"tag-republique-francaise"},"share_on_mastodon":{"url":"https:\/\/pubeurope.com\/@fr\/115226298500073616","error":""},"_links":{"self":[{"href":"https:\/\/www.europesays.com\/fr\/wp-json\/wp\/v2\/posts\/400361","targetHints":{"allow":["GET"]}}],"collection":[{"href":"https:\/\/www.europesays.com\/fr\/wp-json\/wp\/v2\/posts"}],"about":[{"href":"https:\/\/www.europesays.com\/fr\/wp-json\/wp\/v2\/types\/post"}],"author":[{"embeddable":true,"href":"https:\/\/www.europesays.com\/fr\/wp-json\/wp\/v2\/users\/2"}],"replies":[{"embeddable":true,"href":"https:\/\/www.europesays.com\/fr\/wp-json\/wp\/v2\/comments?post=400361"}],"version-history":[{"count":0,"href":"https:\/\/www.europesays.com\/fr\/wp-json\/wp\/v2\/posts\/400361\/revisions"}],"wp:featuredmedia":[{"embeddable":true,"href":"https:\/\/www.europesays.com\/fr\/wp-json\/wp\/v2\/media\/400362"}],"wp:attachment":[{"href":"https:\/\/www.europesays.com\/fr\/wp-json\/wp\/v2\/media?parent=400361"}],"wp:term":[{"taxonomy":"category","embeddable":true,"href":"https:\/\/www.europesays.com\/fr\/wp-json\/wp\/v2\/categories?post=400361"},{"taxonomy":"post_tag","embeddable":true,"href":"https:\/\/www.europesays.com\/fr\/wp-json\/wp\/v2\/tags?post=400361"}],"curies":[{"name":"wp","href":"https:\/\/api.w.org\/{rel}","templated":true}]}}