{"id":400371,"date":"2025-09-18T16:46:16","date_gmt":"2025-09-18T16:46:16","guid":{"rendered":"https:\/\/www.europesays.com\/fr\/400371\/"},"modified":"2025-09-18T16:46:16","modified_gmt":"2025-09-18T16:46:16","slug":"certains-touristes-doivent-etre-chouchoutes-en-ile-de-france","status":"publish","type":"post","link":"https:\/\/www.europesays.com\/fr\/400371\/","title":{"rendered":"Certains touristes doivent \u00eatre chouchout\u00e9s en \u00cele-de-France"},"content":{"rendered":"\n<p lang=\"fr-FR\" style=\"margin-bottom: 0cm;\">La chambre de commerce et d&rsquo;industrie Paris \u00cele-de-France l&rsquo;a bien compris. Elle met en avant le dispositif \u00ab\u00a0Do you speak Touriste\u00a0\u00bb, un guide qui regroupe des conseils pour \u00ab\u00a0\u00e9changer efficacement avec les client\u00e8les internationales et les satisfaire\u00a0\u00bb. La CCI insiste sur les touristes qui impactent le plus l&rsquo;\u00cele-de-France, comme les Am\u00e9ricains qui sont les plus nombreux sur le territoire. Du c\u00f4t\u00e9 des touristes chinois, leur \u00ab\u00a0croissance et d\u00e9penses \u00e9lev\u00e9es\u00a0\u00bb sont soulign\u00e9es. Enfin, les Emiratis qui sont \u00ab\u00a03\u00e8me client\u00e8le pour la fr\u00e9quentation\u00a0\u00bb repr\u00e9sentent \u00ab\u00a0de tr\u00e8s fortes d\u00e9penses\u00a0\u00bb.<\/p>\n<p lang=\"fr-FR\" style=\"margin-bottom: 0cm;\">\u00a0<\/p>\n<p lang=\"fr-FR\" style=\"margin-bottom: 0cm;\">Nicolas Chacun<\/p>\n<p>!function(f,b,e,v,n,t,s){if(f.fbq)return;n=f.fbq=function(){n.callMethod?<br \/>\nn.callMethod.apply(n,arguments):n.queue.push(arguments)};if(!f._fbq)f._fbq=n;<br \/>\nn.push=n;n.loaded=!0;n.version=&rsquo;2.0&prime;;n.queue=[];t=b.createElement(e);t.async=!0;<br \/>\nt.src=v;s=b.getElementsByTagName(e)[0];s.parentNode.insertBefore(t,s)}(window,<br \/>\ndocument,&rsquo;script&rsquo;,&rsquo;https:\/\/connect.facebook.net\/en_US\/fbevents.js&rsquo;);<br \/>\nfbq(&lsquo;init&rsquo;, &lsquo;278974969201861&rsquo;); \/\/ Insert your pixel ID here.<br \/>\nfbq(&lsquo;track&rsquo;, &lsquo;PageView&rsquo;);<\/p>\n","protected":false},"excerpt":{"rendered":"La chambre de commerce et d&rsquo;industrie Paris \u00cele-de-France l&rsquo;a bien compris. Elle met en avant le dispositif \u00ab\u00a0Do&hellip;\n","protected":false},"author":2,"featured_media":400372,"comment_status":"","ping_status":"","sticky":false,"template":"","format":"standard","meta":{"footnotes":""},"categories":[1592],"tags":[1111,11,1933,1936,1777,1939,674,1011,27,662,1934,12,1940,626,1935,25,1937,1941,1938],"class_list":{"0":"post-400371","1":"post","2":"type-post","3":"status-publish","4":"format-standard","5":"has-post-thumbnail","7":"category-ile-de-france","8":"tag-actu","9":"tag-actualites","10":"tag-actualites-locales","11":"tag-essonne","12":"tag-eu","13":"tag-eure-et-loir","14":"tag-europe","15":"tag-fr","16":"tag-france","17":"tag-ile-de-france","18":"tag-infos-locales","19":"tag-news","20":"tag-oise","21":"tag-paris","22":"tag-pres-de-chez-vous","23":"tag-republique-francaise","24":"tag-seine-et-marne","25":"tag-somme","26":"tag-yvelines"},"share_on_mastodon":{"url":"https:\/\/pubeurope.com\/@fr\/115226318180020329","error":""},"_links":{"self":[{"href":"https:\/\/www.europesays.com\/fr\/wp-json\/wp\/v2\/posts\/400371","targetHints":{"allow":["GET"]}}],"collection":[{"href":"https:\/\/www.europesays.com\/fr\/wp-json\/wp\/v2\/posts"}],"about":[{"href":"https:\/\/www.europesays.com\/fr\/wp-json\/wp\/v2\/types\/post"}],"author":[{"embeddable":true,"href":"https:\/\/www.europesays.com\/fr\/wp-json\/wp\/v2\/users\/2"}],"replies":[{"embeddable":true,"href":"https:\/\/www.europesays.com\/fr\/wp-json\/wp\/v2\/comments?post=400371"}],"version-history":[{"count":0,"href":"https:\/\/www.europesays.com\/fr\/wp-json\/wp\/v2\/posts\/400371\/revisions"}],"wp:featuredmedia":[{"embeddable":true,"href":"https:\/\/www.europesays.com\/fr\/wp-json\/wp\/v2\/media\/400372"}],"wp:attachment":[{"href":"https:\/\/www.europesays.com\/fr\/wp-json\/wp\/v2\/media?parent=400371"}],"wp:term":[{"taxonomy":"category","embeddable":true,"href":"https:\/\/www.europesays.com\/fr\/wp-json\/wp\/v2\/categories?post=400371"},{"taxonomy":"post_tag","embeddable":true,"href":"https:\/\/www.europesays.com\/fr\/wp-json\/wp\/v2\/tags?post=400371"}],"curies":[{"name":"wp","href":"https:\/\/api.w.org\/{rel}","templated":true}]}}