{"id":40038,"date":"2025-04-20T23:06:15","date_gmt":"2025-04-20T23:06:15","guid":{"rendered":"https:\/\/www.europesays.com\/fr\/40038\/"},"modified":"2025-04-20T23:06:15","modified_gmt":"2025-04-20T23:06:15","slug":"un-espace-de-convivialite-de-rayonnement-et-de-temoignage-de-la-foi-dix-ans-apres-on-vous-raconte-la-sacree-aventure-du-pub-le-graal-a-toulon","status":"publish","type":"post","link":"https:\/\/www.europesays.com\/fr\/40038\/","title":{"rendered":"\u00ab\u00a0Un espace de convivialit\u00e9, de rayonnement et de t\u00e9moignage de la foi\u00a0\u00bb: dix ans apr\u00e8s, on vous raconte la sacr\u00e9e aventure du pub le Graal \u00e0 Toulon"},"content":{"rendered":"<p>De l\u2019ext\u00e9rieur, le lieu ressemble \u00e0 un bar comme un autre. Seule la mention \u00ab\u00a0Celui qui a soif, qu\u2019il vienne!\u00a0\u00bb, peinte en lettres blanches sur le rideau m\u00e9tallique abaiss\u00e9, peut servir d\u2019indice aux plus connaisseurs (1). Une fois entr\u00e9, en revanche, on comprend rapidement o\u00f9 l\u2019on met les pieds. Sur les murs, des ic\u00f4nes repr\u00e9sentent des sc\u00e8nes de la Bible. Pr\u00e8s du comptoir, chapelets et m\u00e9dailles miraculeuses sont propos\u00e9s au visiteur. Et, face \u00e0 ce dernier, le Christ est accroch\u00e9 l\u00e0, les bras \u00e9cart\u00e9s, comme un symbole.<\/p>\n<p><strong>\u00ab\u00a0Un c\u00f4t\u00e9 atypique\u00a0\u00bb<\/strong><\/p>\n<p>\u00c0 Toulon, le Graal n\u2019est donc pas qu\u2019un simple bar nocturne. C\u2019est un peu plus que \u00e7a. \u00ab\u00a0Ici, tout le monde est bienvenu, nos bras sont grand ouverts\u00a0\u00bb, assure Pierre, responsable b\u00e9n\u00e9vole du lieu. <strong>L\u2019\u00e9tablissement, un ancien bar gay situ\u00e9 avenue de la R\u00e9publique<\/strong>, appartient depuis 2014 \u00e0 la communaut\u00e9 des Missionnaires de la mis\u00e9ricorde divine, qui l\u2019avait achet\u00e9 aux ench\u00e8res. Lors de l\u2019inauguration, en mai 2015, il avait \u00e9t\u00e9 b\u00e9ni par l\u2019\u00e9v\u00eaque d\u2019alors, Mgr Dominique Rey, \u00ab\u00a0comme c\u2019est de tradition chez les chr\u00e9tiens\u00a0\u00bb. Et, depuis, il a vu passer de nombreux consommateurs.<\/p>\n<p>\u00ab\u00a0\u00c0 l\u2019\u00e9poque, ce n\u2019\u00e9tait pas tr\u00e8s courant d\u2019avoir un bar dans les communaut\u00e9s catholiques, conc\u00e8de Pierre. \u00c7a avait fait du bruit, car des pr\u00eatres en soutane qui reprennent un bar, \u00e7a peut faire sourire\u2026 Alors que le premier miracle de J\u00e9sus est de transformer l\u2019eau en vin!\u00a0\u00bb Denis, qui pr\u00e9side l\u2019association des amis du pub le Graal, compl\u00e8te: \u00ab\u00a0Ce genre d\u2019\u00e9tablissement commence \u00e0 se d\u00e9velopper un peu, mais c\u2019est vrai qu\u2019il y a encore un c\u00f4t\u00e9 atypique. On a des gens qui viennent alors qu\u2019ils ne mettent jamais les pieds \u00e0 l\u2019\u00e9glise!\u00a0\u00bb<\/p>\n<p>Pour pouvoir consommer sur place Paulaner, St. Thomas et autres boissons, <strong>il suffit d\u2019adh\u00e9rer \u00e0 l\u2019association en s\u2019acquittant de la modique somme de 1 euro<\/strong>. Les tarifs pratiqu\u00e9s sont avantageux (\u00e0 partir de <strong>5 euros la pinte de bi\u00e8re<\/strong>) et les cinq travailleurs qui permettent de faire fonctionner le bar sont b\u00e9n\u00e9voles. Car, ici, on ne cherche pas \u00e0 \u00eatre lucratif. \u00ab\u00a0La vocation du bar est de permettre aux gens de se rencontrer\u00a0\u00bb, insiste Denis. \u00ab\u00a0C\u2019est un lieu hybride, attach\u00e9 \u00e0 la paroisse Saint-Fran\u00e7ois-de-Paule, poursuit Pierre. Le local nous permet aussi d\u2019organiser r\u00e9guli\u00e8rement des r\u00e9unions.\u00a0\u00bb<\/p>\n<p>Des \u00e9v\u00e8nements tr\u00e8s divers prennent donc place dans cet \u00e9tablissement de type pub irlandais. Un dimanche par mois, un repas solidaire est servi aux sans-abri. Apr\u00e8s chaque messe du dimanche, <strong>un \u00ab\u00a0happy after messe\u00a0\u00bb r\u00e9unit les paroissiens autour d\u2019un verre<\/strong>. Et, de temps en temps, des soir\u00e9es \u00e0 th\u00e8me (cocktails, karaok\u00e9s, concerts, conf\u00e9rences, soir\u00e9es dansantes\u2026) permettent \u00ab\u00a0d\u2019attirer d\u2019autres personnes et de faire rayonner l\u2019association\u00a0\u00bb, qui enregistre environ 500 adh\u00e9sions chaque ann\u00e9e. \u00ab\u00a0Une fois, on s\u2019est m\u00eame transform\u00e9 en galerie d\u2019art pour accueillir un jeune peintre, sourit le responsable. On reste ouvert \u00e0 diff\u00e9rentes associations dans les domaines de l\u2019art et de la culture.\u00a0\u00bb<\/p>\n<p>\u00ab\u00a0Un espace de convivialit\u00e9, de rayonnement et de t\u00e9moignage de la foi\u00a0\u00bb, c\u2019est comme \u00e7a que Pierre con\u00e7oit le Graal. Membre de la communaut\u00e9, fr\u00e8re \u00c9tienne dit appr\u00e9cier \u00ab\u00a0un lieu d\u2019accueil bien tenu\u00a0\u00bb. \u00ab\u00a0L\u2019\u00c9glise est une grande famille qui se veut accueillante pour tout le monde, affirme-t-il. Quand je passe ici, j\u2019aime bien rencontrer des gens venus l\u00e0 totalement par hasard. \u00c7a cr\u00e9e des \u00e9changes int\u00e9ressants.\u00a0\u00bb<\/p>\n<p><strong>L\u2019anniversaire c\u00e9l\u00e9br\u00e9 le 17 mai<\/strong><\/p>\n<p>\u00ab\u00a0On accueille une base de paroissiens, mais il y a des gens tr\u00e8s divers qui passent par ici, rapporte Pierre. On a des touristes, des marins, des supporters de rugby\u2026 Et comme il n\u2019y a pas de symbole catholique \u00e0 l\u2019ext\u00e9rieur, c\u2019est parfois marrant de voir la t\u00eate des gens quand ils entrent et d\u00e9couvrent les croix! (rires)\u00a0\u00bb<\/p>\n<p>Le samedi 10 mai prochain, le pub soufflera (d\u00e9j\u00e0) sa dixi\u00e8me bougie. La c\u00e9l\u00e9bration, qui se tiendra une semaine plus tard, le 17 mai, d\u00e9butera par une messe d\u2019action de gr\u00e2ce \u00e0 Saint-Fran\u00e7ois-de-Paule, et se poursuivra par une soir\u00e9e festive autour de boissons et cocktails.<\/p>\n<p>\u00c0 cette occasion, les b\u00e9n\u00e9voles ont d\u2019ailleurs lanc\u00e9 un appel aux dons dans le but d\u2019offrir un coup de neuf \u00e0 la devanture. Une cagnotte en ligne a \u00e9t\u00e9 mise en place (2), pour que chacun puisse \u00ab\u00a0apporter sa bi\u00e8re \u00e0 l\u2019\u00e9difice\u00a0\u00bb.<\/p>\n<p>1. La phrase est directement emprunt\u00e9e au livre de l\u2019Apocalypse. 2. Pour contribuer \u00e0 la cagnotte: <a href=\"https:\/\/www.leetchi.com\/fr\/c\/les-10-ans-du-pub-le-graal-1512470?utm_source=native&amp;utm_medium=social_sharing\" target=\"_blank\" rel=\"noopener nofollow\">https:\/\/www.leetchi.com\/fr\/c\/les-10-ans-du-pub-le-graal-1512470?utm_source=native&amp;utm_medium=social_sharing <\/a><\/p>\n<p><strong>Le Graal, 376 avenue de la R\u00e9publique, Toulon. <\/strong><\/p>\n<p><strong>Ouvert les jeudis, samedis et dimanches de 19h30 \u00e0 minuit et le vendredi de 21h30 \u00e0 1h.<\/strong><\/p>\n","protected":false},"excerpt":{"rendered":"De l\u2019ext\u00e9rieur, le lieu ressemble \u00e0 un bar comme un autre. Seule la mention \u00ab\u00a0Celui qui a soif,&hellip;\n","protected":false},"author":2,"featured_media":40039,"comment_status":"","ping_status":"","sticky":false,"template":"","format":"standard","meta":{"footnotes":""},"categories":[9619],"tags":[1111,11,1777,674,1011,27,12,882,4020,25,2310,1631,3366],"class_list":{"0":"post-40038","1":"post","2":"type-post","3":"status-publish","4":"format-standard","5":"has-post-thumbnail","7":"category-toulon","8":"tag-actu","9":"tag-actualites","10":"tag-eu","11":"tag-europe","12":"tag-fr","13":"tag-france","14":"tag-news","15":"tag-provence-alpes-cote-dazur","16":"tag-religion","17":"tag-republique-francaise","18":"tag-toulon","19":"tag-vie-associative","20":"tag-vie-locale"},"share_on_mastodon":{"url":"https:\/\/pubeurope.com\/@fr\/114372803635492275","error":""},"_links":{"self":[{"href":"https:\/\/www.europesays.com\/fr\/wp-json\/wp\/v2\/posts\/40038","targetHints":{"allow":["GET"]}}],"collection":[{"href":"https:\/\/www.europesays.com\/fr\/wp-json\/wp\/v2\/posts"}],"about":[{"href":"https:\/\/www.europesays.com\/fr\/wp-json\/wp\/v2\/types\/post"}],"author":[{"embeddable":true,"href":"https:\/\/www.europesays.com\/fr\/wp-json\/wp\/v2\/users\/2"}],"replies":[{"embeddable":true,"href":"https:\/\/www.europesays.com\/fr\/wp-json\/wp\/v2\/comments?post=40038"}],"version-history":[{"count":0,"href":"https:\/\/www.europesays.com\/fr\/wp-json\/wp\/v2\/posts\/40038\/revisions"}],"wp:featuredmedia":[{"embeddable":true,"href":"https:\/\/www.europesays.com\/fr\/wp-json\/wp\/v2\/media\/40039"}],"wp:attachment":[{"href":"https:\/\/www.europesays.com\/fr\/wp-json\/wp\/v2\/media?parent=40038"}],"wp:term":[{"taxonomy":"category","embeddable":true,"href":"https:\/\/www.europesays.com\/fr\/wp-json\/wp\/v2\/categories?post=40038"},{"taxonomy":"post_tag","embeddable":true,"href":"https:\/\/www.europesays.com\/fr\/wp-json\/wp\/v2\/tags?post=40038"}],"curies":[{"name":"wp","href":"https:\/\/api.w.org\/{rel}","templated":true}]}}