{"id":400384,"date":"2025-09-18T16:53:12","date_gmt":"2025-09-18T16:53:12","guid":{"rendered":"https:\/\/www.europesays.com\/fr\/400384\/"},"modified":"2025-09-18T16:53:12","modified_gmt":"2025-09-18T16:53:12","slug":"il-ma-vraiment-laisse-tomber-laveu-dechec-de-trump-avec-poutine-concernant-lukraine","status":"publish","type":"post","link":"https:\/\/www.europesays.com\/fr\/400384\/","title":{"rendered":"\u00ab\u00a0Il m&rsquo;a vraiment laiss\u00e9 tomber\u00a0\u00bb : l&rsquo;aveu d&rsquo;\u00e9chec de Trump avec Poutine concernant l&rsquo;Ukraine"},"content":{"rendered":"<ul class=\"jsx-862013697 ArticleChapo__List\">\n<li class=\"jsx-862013697 ArticleChapo__List_Item flex\">Donald Trump a estim\u00e9 jeudi que le pr\u00e9sident russe Vladimir Poutine l&rsquo;avait \u00ab\u00a0vraiment laiss\u00e9 tomber\u00a0\u00bb.<\/li>\n<li class=\"jsx-862013697 ArticleChapo__List_Item flex\">Un mois apr\u00e8s leur t\u00eate-\u00e0-t\u00eate en Alaska, le dialogue entre les deux hommes semble au point mort concernant le dossier ukrainien.<\/li>\n<\/ul>\n<p data-module=\"article-paragraph\" class=\"jsx-3046738180 Paragraph Paragraph__End\">L&rsquo;aveu d&rsquo;impuissance de Donald Trump. Le pr\u00e9sident am\u00e9ricain, <a href=\"https:\/\/www.tf1info.fr\/international\/verif-donald-trump-a-t-il-ete-surpris-en-train-de-se-goinfrer-durant-l-allocution-de-charles-iii-a-windsor-2395435.html\" target=\"_blank\" rel=\"noopener\">en voyage au Royaume-Uni<\/a>, a estim\u00e9 jeudi que le pr\u00e9sident russe Vladimir Poutine l&rsquo;avait \u00ab\u00a0vraiment laiss\u00e9 tomber\u00a0\u00bb. Et ce, malgr\u00e9 ses efforts pour tenter de mettre fin \u00e0 la guerre, lui qui a tant de fois vant\u00e9 la qualit\u00e9 de ses liens avec le patron du Kremlin.<\/p>\n<p data-module=\"article-paragraph\" class=\"jsx-3046738180 Paragraph Paragraph__End\">Le conflit \u00ab\u00a0que je pensais \u00eatre le plus facile \u00e0 r\u00e9soudre \u00e9tait\u00a0\u00bb <a href=\"https:\/\/www.tf1info.fr\/actualite\/invasion-de-l-ukraine-par-la-russie-une-guerre-qui-dure-12951\/\" target=\"_blank\" rel=\"noopener\">la guerre en Ukraine<\/a>, \u00ab\u00a0en raison de mes relations avec le pr\u00e9sident Poutine, mais il m&rsquo;a laiss\u00e9 tomber. Il m&rsquo;a vraiment laiss\u00e9 tomber\u00a0\u00bb, a d\u00e9clar\u00e9 Donald Trump lors d&rsquo;une conf\u00e9rence de presse avec le Premier ministre britannique Keir Starmer.\u00a0<\/p>\n<p>Keir Starmer veut exercer \u00ab\u00a0une pression suppl\u00e9mentaire\u00a0\u00bb sur Poutine<\/p>\n<p data-module=\"article-paragraph\" class=\"jsx-3046738180 Paragraph\">Ce dernier a d&rsquo;ailleurs affirm\u00e9 que les actes du pr\u00e9sident russe n&rsquo;\u00e9taient pas \u00ab\u00a0ceux de quelqu&rsquo;un qui veut la paix\u00a0\u00bb. \u00ab\u00a0Nous devons exercer une pression suppl\u00e9mentaire sur Poutine (&#8230;) Nous devons accentuer cette pression\u00a0\u00bb, a d\u00e9clar\u00e9 le dirigeant britannique depuis sa r\u00e9sidence de Chequers aux c\u00f4t\u00e9s de <a href=\"https:\/\/www.tf1info.fr\/actualite\/donald-trump-10150\/\" target=\"_blank\" rel=\"noopener\">Donald Trump.<\/a><\/p>\n<p data-module=\"article-paragraph\" class=\"jsx-3046738180 Paragraph Paragraph__End\">Depuis plusieurs semaines, <a href=\"https:\/\/www.tf1info.fr\/international\/guerre-en-ukraine-russie-trump-compare-poutine-et-zelensky-a-l-huile-et-au-vinaigre-ils-ne-s-entendent-pas-tres-bien-2390227.html\" target=\"_blank\" rel=\"noopener\">le pr\u00e9sident am\u00e9ricain ne cache gu\u00e8re son amertume.<\/a> En particulier depuis le 15 ao\u00fbt, apr\u00e8s avoir accueilli en grande pompe le chef du Kremlin en Alaska. Donald Trump a cherch\u00e9 \u00e0 organiser une rencontre entre Vladimir Poutine et le chef de l&rsquo;\u00c9tat ukrainien, Volodymyr Zelensky. Mais depuis, la Russie a surtout intensifi\u00e9 ses attaques contre l&rsquo;Ukraine.<\/p>\n<p><a href=\"https:\/\/www.tf1info.fr\/international\/video-lci-l-un-des-plus-grands-honneurs-de-ma-vie-en-visite-d-etat-au-royaume-uni-donald-trump-remercie-charles-iii-2395331.html\" rel=\"noopener\" class=\"jsx-3308031228 Link flex\" target=\"_blank\"><img decoding=\"async\" src=\"https:\/\/www.europesays.com\/fr\/wp-content\/uploads\/2025\/09\/donald-trump-roi-charles-royaume-uni-17-09-2025-a6b01b-0@1x.jpeg\" alt=\"Donald Trump et le roi Charles III au ch\u00e2teau de Windsor, le 17 septembre 2025.\" loading=\"lazy\" importance=\"low\" fetchpriority=\"low\" class=\"\" aria-hidden=\"true\"\/><\/p>\n<p class=\"jsx-3657663356 ReadMoreArticle__Title\">Lire aussi<\/p>\n<p class=\"jsx-3657663356\">\u00ab\u00a0L&rsquo;un des plus grands honneurs de ma vie\u00a0\u00bb : en visite d&rsquo;\u00c9tat au Royaume-Uni, Donald Trump remercie Charles III <\/p>\n<p><\/a><\/p>\n<p data-module=\"article-paragraph\" class=\"jsx-3046738180 Paragraph Paragraph__End\">\u00ab\u00a0Nous avions une super relation\u00a0\u00bb, avait d\u00e9j\u00e0 d\u00e9clar\u00e9 Donald Trump le 2 septembre lors d&rsquo;une interview \u00e0 la radio avec le pr\u00e9sentateur Scott Jennings, ajoutant : \u00ab\u00a0Je suis tr\u00e8s d\u00e9\u00e7u par le pr\u00e9sident Poutine (&#8230;) Des milliers de personnes meurent, c&rsquo;est une guerre qui n&rsquo;a aucun sens.\u00a0\u00bb<\/p>\n<p>T.G.<\/p>\n","protected":false},"excerpt":{"rendered":"Donald Trump a estim\u00e9 jeudi que le pr\u00e9sident russe Vladimir Poutine l&rsquo;avait \u00ab\u00a0vraiment laiss\u00e9 tomber\u00a0\u00bb. Un mois apr\u00e8s&hellip;\n","protected":false},"author":2,"featured_media":400385,"comment_status":"","ping_status":"","sticky":false,"template":"","format":"standard","meta":{"footnotes":""},"categories":[1590],"tags":[1111,11,1921,75,1777,674,1922,2581,12,220,50704,133,1920,135],"class_list":{"0":"post-400384","1":"post","2":"type-post","3":"status-publish","4":"format-standard","5":"has-post-thumbnail","7":"category-ukraine","8":"tag-actu","9":"tag-actualites","10":"tag-article-video","11":"tag-donald-trump","12":"tag-eu","13":"tag-europe","14":"tag-info","15":"tag-keir-starmer","16":"tag-news","17":"tag-ukraine","18":"tag-ukraine-russie-des-negociations-dans-limpasse","19":"tag-video","20":"tag-video-international","21":"tag-vladimir-poutine"},"share_on_mastodon":{"url":"https:\/\/pubeurope.com\/@fr\/115226346274095061","error":""},"_links":{"self":[{"href":"https:\/\/www.europesays.com\/fr\/wp-json\/wp\/v2\/posts\/400384","targetHints":{"allow":["GET"]}}],"collection":[{"href":"https:\/\/www.europesays.com\/fr\/wp-json\/wp\/v2\/posts"}],"about":[{"href":"https:\/\/www.europesays.com\/fr\/wp-json\/wp\/v2\/types\/post"}],"author":[{"embeddable":true,"href":"https:\/\/www.europesays.com\/fr\/wp-json\/wp\/v2\/users\/2"}],"replies":[{"embeddable":true,"href":"https:\/\/www.europesays.com\/fr\/wp-json\/wp\/v2\/comments?post=400384"}],"version-history":[{"count":0,"href":"https:\/\/www.europesays.com\/fr\/wp-json\/wp\/v2\/posts\/400384\/revisions"}],"wp:featuredmedia":[{"embeddable":true,"href":"https:\/\/www.europesays.com\/fr\/wp-json\/wp\/v2\/media\/400385"}],"wp:attachment":[{"href":"https:\/\/www.europesays.com\/fr\/wp-json\/wp\/v2\/media?parent=400384"}],"wp:term":[{"taxonomy":"category","embeddable":true,"href":"https:\/\/www.europesays.com\/fr\/wp-json\/wp\/v2\/categories?post=400384"},{"taxonomy":"post_tag","embeddable":true,"href":"https:\/\/www.europesays.com\/fr\/wp-json\/wp\/v2\/tags?post=400384"}],"curies":[{"name":"wp","href":"https:\/\/api.w.org\/{rel}","templated":true}]}}