{"id":400392,"date":"2025-09-18T16:57:24","date_gmt":"2025-09-18T16:57:24","guid":{"rendered":"https:\/\/www.europesays.com\/fr\/400392\/"},"modified":"2025-09-18T16:57:24","modified_gmt":"2025-09-18T16:57:24","slug":"hors-de-france-dautres-pays-deurope-secharpent-actuellement-sur-une-taxation-des-plus-riches","status":"publish","type":"post","link":"https:\/\/www.europesays.com\/fr\/400392\/","title":{"rendered":"Hors de France, d\u2019autres pays d\u2019Europe s\u2019\u00e9charpent actuellement sur une taxation des plus riches"},"content":{"rendered":"<p>Alors que la France s\u2019\u00e9charpe sur <a href=\"https:\/\/www.20minutes.fr\/economie\/4158114-20250612-taxe-zucman-illusoire-souhaitable-pose-vraies-questions-imposition-ultrariches-france\" class=\"c-link c-link--is-underlined\" target=\"_blank\" rel=\"noopener\">la future \u00ab\u00a0taxe Zucman\u00a0\u00bb<\/a>, cet \u00e9t\u00e9 plusieurs pays europ\u00e9ens ont eux aussi remis sur la table la question de l\u2019imposition des plus riches. Entre volont\u00e9 de maintenir, de renforcer et d\u2019abandonner ces pr\u00e9l\u00e8vements, le d\u00e9bat agite au-del\u00e0 des fronti\u00e8res de l\u2019hexagone.<\/p>\n<p>En toile de fond, une m\u00eame pr\u00e9occupation\u00a0: comment financer les budgets publics tout en \u00e9vitant l\u2019exil fiscal des <a href=\"https:\/\/www.20minutes.fr\/dossier\/fortune\" class=\"c-link c-link--is-underlined\" target=\"_blank\" rel=\"noopener\">grandes fortunes<\/a>.<\/p>\n<\/p>\n<p>Un d\u00e9bat au c\u0153ur des \u00e9lections norv\u00e9giennes<\/p>\n<p>En <a href=\"https:\/\/www.20minutes.fr\/dossier\/norvege\" class=\"c-link c-link--is-underlined\" target=\"_blank\" rel=\"noopener\">Norv\u00e8ge<\/a>, la taxation des patrimoines a \u00e9t\u00e9 un sujet central des l\u00e9gislatives de septembre. Les travaillistes, qui ont remport\u00e9 le scrutin, souhaitent maintenir cet imp\u00f4t.<\/p>\n<p>Actuellement, une taxe de 1\u00a0% s\u2019applique d\u00e8s 150.000 euros d\u2019actifs, et grimpe \u00e0 1,1\u00a0% au-del\u00e0 de 1,7\u00a0million d\u2019euros. Mais la crainte d\u2019une fuite des plus grosses fortunes vers l\u2019\u00e9tranger, comme en France lors de la suppression de l\u2019ISF, a anim\u00e9 le d\u00e9bat ces derniers mois.<\/p>\n<p>Un nouvel imp\u00f4t sur les super-riches britanniques<\/p>\n<p>Du c\u00f4t\u00e9 de <a href=\"https:\/\/www.20minutes.fr\/dossier\/londres\" class=\"c-link c-link--is-underlined\" target=\"_blank\" rel=\"noopener\">Londres<\/a>, on discute d\u2019une taxe visant les grandes fortunes. Les promoteurs de cette taxe, parmi lesquels des <a href=\"https:\/\/www.20minutes.fr\/dossier\/ong\" class=\"c-link c-link--is-underlined\" target=\"_blank\" rel=\"noopener\">Ong<\/a>, des \u00e9conomistes mais aussi des anciens responsables politiques du parti travailliste, proposent de taxer \u00e0 hauteur de 2\u00a0% les patrimoines d\u00e9passant les 10\u00a0millions de livres (environ 11,5\u00a0millions d\u2019euros).<\/p>\n<p>Un autre sujet sensible concerne ceux que les Britanniques appellent les \u00ab\u00a0non-dom\u00a0\u00bb, ces r\u00e9sidents non permanents qui b\u00e9n\u00e9ficiaient autrefois d\u2019un r\u00e9gime fiscal privil\u00e9gi\u00e9, et qui, selon certaines analyses controvers\u00e9es, auraient massivement quitt\u00e9 le pays apr\u00e8s la remise en cause de celui-ci.<\/p>\n<p><a href=\"https:\/\/www.20minutes.fr\/economie\/\" class=\"c-link c-btn c-btn--primary\" target=\"_blank\" rel=\"noopener\">Plus d&rsquo;articles \u00e9conomie<\/a>Taxer les h\u00e9ritages suisses pour financer la transition climatique<\/p>\n<p>Le 30 novembre prochain, les Suisses seront invit\u00e9s \u00e0 voter sur une initiative des Jeunes socialistes pour cr\u00e9er un imp\u00f4t de 50\u00a0% sur les h\u00e9ritages de plus de 50\u00a0millions de francs suisses (soit environ 53,5\u00a0millions d\u2019euros). L\u2019objectif \u00e9tant d\u2019utiliser ces pr\u00e9l\u00e8vements pour financer la transition climatique.<\/p>\n<p>Le pays impose par ailleurs d\u2019ores et d\u00e9j\u00e0 les patrimoines au niveau cantonal. Les taux et seuils varient en fonction des r\u00e9gions. La Suisse avait introduit son imp\u00f4t sur la fortune d\u00e8s\u00a01840.<\/p>\n","protected":false},"excerpt":{"rendered":"Alors que la France s\u2019\u00e9charpe sur la future \u00ab\u00a0taxe Zucman\u00a0\u00bb, cet \u00e9t\u00e9 plusieurs pays europ\u00e9ens ont eux aussi&hellip;\n","protected":false},"author":2,"featured_media":400393,"comment_status":"","ping_status":"","sticky":false,"template":"","format":"standard","meta":{"footnotes":""},"categories":[1586],"tags":[47,11,33,1777,674,1011,27,46184,139,342,12,673,316,25,473,3067],"class_list":{"0":"post-400392","1":"post","2":"type-post","3":"status-publish","4":"format-standard","5":"has-post-thumbnail","7":"category-europe","8":"tag-actualite","9":"tag-actualites","10":"tag-economie","11":"tag-eu","12":"tag-europe","13":"tag-fr","14":"tag-france","15":"tag-impot-sur-la-fortune-isf","16":"tag-impot-sur-le-revenu","17":"tag-impots","18":"tag-news","19":"tag-norvege","20":"tag-politique","21":"tag-republique-francaise","22":"tag-royaume-uni","23":"tag-suisse"},"share_on_mastodon":{"url":"https:\/\/pubeurope.com\/@fr\/115226361543608177","error":""},"_links":{"self":[{"href":"https:\/\/www.europesays.com\/fr\/wp-json\/wp\/v2\/posts\/400392","targetHints":{"allow":["GET"]}}],"collection":[{"href":"https:\/\/www.europesays.com\/fr\/wp-json\/wp\/v2\/posts"}],"about":[{"href":"https:\/\/www.europesays.com\/fr\/wp-json\/wp\/v2\/types\/post"}],"author":[{"embeddable":true,"href":"https:\/\/www.europesays.com\/fr\/wp-json\/wp\/v2\/users\/2"}],"replies":[{"embeddable":true,"href":"https:\/\/www.europesays.com\/fr\/wp-json\/wp\/v2\/comments?post=400392"}],"version-history":[{"count":0,"href":"https:\/\/www.europesays.com\/fr\/wp-json\/wp\/v2\/posts\/400392\/revisions"}],"wp:featuredmedia":[{"embeddable":true,"href":"https:\/\/www.europesays.com\/fr\/wp-json\/wp\/v2\/media\/400393"}],"wp:attachment":[{"href":"https:\/\/www.europesays.com\/fr\/wp-json\/wp\/v2\/media?parent=400392"}],"wp:term":[{"taxonomy":"category","embeddable":true,"href":"https:\/\/www.europesays.com\/fr\/wp-json\/wp\/v2\/categories?post=400392"},{"taxonomy":"post_tag","embeddable":true,"href":"https:\/\/www.europesays.com\/fr\/wp-json\/wp\/v2\/tags?post=400392"}],"curies":[{"name":"wp","href":"https:\/\/api.w.org\/{rel}","templated":true}]}}