{"id":400399,"date":"2025-09-18T17:01:12","date_gmt":"2025-09-18T17:01:12","guid":{"rendered":"https:\/\/www.europesays.com\/fr\/400399\/"},"modified":"2025-09-18T17:01:12","modified_gmt":"2025-09-18T17:01:12","slug":"la-france-enregistre-sa-pire-annee-depuis-20-ans","status":"publish","type":"post","link":"https:\/\/www.europesays.com\/fr\/400399\/","title":{"rendered":"la France enregistre sa pire ann\u00e9e depuis 20\u00a0ans"},"content":{"rendered":"<p>\u00ab\u00a0C\u2019est un moratoire qui ne dit pas son nom\u00a0\u00bb, alerte William Arkwright, vice-pr\u00e9sident du<strong> <\/strong>Syndicat des \u00e9nergies renouvelables (SER) et directeur g\u00e9n\u00e9ral d\u2019Engie\u00a0Green. \u00ab Sur les six premiers mois de l\u2019ann\u00e9e, seuls 267 m\u00e9gawatts (MW) de nouvelles capacit\u00e9s \u00e9oliennes ont \u00e9t\u00e9 install\u00e9es et tout laisse supposer que ce rythme va se maintenir pour atteindre 500\u00a0MW sur la totalit\u00e9 de l&rsquo;ann\u00e9e 2025 \u00bb, a-t-il d\u00e9plor\u00e9 devant la presse ce jeudi 18\u00a0septembre.<\/p>\n<p>Jamais, ou presque, le secteur de l\u2019\u00e9olien terrestre tricolore n\u2019a connu un si mauvais cru. Pour cela, il faut remonter vingt ans en arri\u00e8re aux balbutiements de la fili\u00e8re. En 2005, 412\u00a0MW de capacit\u00e9s avaient \u00e9t\u00e9 raccord\u00e9s. Par rapport \u00e0 l\u2019ann\u00e9e derni\u00e8re, le rythme de d\u00e9veloppement des \u00e9oliennes a donc \u00e9t\u00e9 divis\u00e9 par deux. Et il ne devrait repr\u00e9senter que 30\u00a0% du rythme observ\u00e9 en\u00a02023 et\u00a02022.<\/p>\n","protected":false},"excerpt":{"rendered":"\u00ab\u00a0C\u2019est un moratoire qui ne dit pas son nom\u00a0\u00bb, alerte William Arkwright, vice-pr\u00e9sident du Syndicat des \u00e9nergies renouvelables&hellip;\n","protected":false},"author":2,"featured_media":400400,"comment_status":"","ping_status":"","sticky":false,"template":"","format":"standard","meta":{"footnotes":""},"categories":[4],"tags":[17,11,5648,1129,394,6101,18315,1011,27,12,13729,25,53174],"class_list":{"0":"post-400399","1":"post","2":"type-post","3":"status-publish","4":"format-standard","5":"has-post-thumbnail","7":"category-france","8":"tag-17","9":"tag-actualites","10":"tag-annee","11":"tag-climat","12":"tag-depuis","13":"tag-enregistre","14":"tag-eolien","15":"tag-fr","16":"tag-france","17":"tag-news","18":"tag-pire","19":"tag-republique-francaise","20":"tag-terrestre"},"share_on_mastodon":{"url":"https:\/\/pubeurope.com\/@fr\/115226377386288361","error":""},"_links":{"self":[{"href":"https:\/\/www.europesays.com\/fr\/wp-json\/wp\/v2\/posts\/400399","targetHints":{"allow":["GET"]}}],"collection":[{"href":"https:\/\/www.europesays.com\/fr\/wp-json\/wp\/v2\/posts"}],"about":[{"href":"https:\/\/www.europesays.com\/fr\/wp-json\/wp\/v2\/types\/post"}],"author":[{"embeddable":true,"href":"https:\/\/www.europesays.com\/fr\/wp-json\/wp\/v2\/users\/2"}],"replies":[{"embeddable":true,"href":"https:\/\/www.europesays.com\/fr\/wp-json\/wp\/v2\/comments?post=400399"}],"version-history":[{"count":0,"href":"https:\/\/www.europesays.com\/fr\/wp-json\/wp\/v2\/posts\/400399\/revisions"}],"wp:featuredmedia":[{"embeddable":true,"href":"https:\/\/www.europesays.com\/fr\/wp-json\/wp\/v2\/media\/400400"}],"wp:attachment":[{"href":"https:\/\/www.europesays.com\/fr\/wp-json\/wp\/v2\/media?parent=400399"}],"wp:term":[{"taxonomy":"category","embeddable":true,"href":"https:\/\/www.europesays.com\/fr\/wp-json\/wp\/v2\/categories?post=400399"},{"taxonomy":"post_tag","embeddable":true,"href":"https:\/\/www.europesays.com\/fr\/wp-json\/wp\/v2\/tags?post=400399"}],"curies":[{"name":"wp","href":"https:\/\/api.w.org\/{rel}","templated":true}]}}