{"id":400403,"date":"2025-09-18T17:05:20","date_gmt":"2025-09-18T17:05:20","guid":{"rendered":"https:\/\/www.europesays.com\/fr\/400403\/"},"modified":"2025-09-18T17:05:20","modified_gmt":"2025-09-18T17:05:20","slug":"atp-laver-cup-roger-federer-plus-confiant-que-jamais-avec-la-presence-de-carlos-alcaraz-dans-lequipe-qui-joue-a-un-autre-niveau-de-tennis-je-pense-que-leurope-a-globalement-une-equipe-plus","status":"publish","type":"post","link":"https:\/\/www.europesays.com\/fr\/400403\/","title":{"rendered":"ATP, Laver Cup > Roger Federer, plus confiant que jamais : \u00ab\u00a0Avec la pr\u00e9sence de Carlos Alcaraz dans l&rsquo;\u00e9quipe, qui joue \u00e0 un autre niveau de tennis, je pense que l&rsquo;Europe a globalement une \u00e9quipe plus forte\u00a0\u00bb"},"content":{"rendered":"<p>Premier supporter de la Team Europe m\u00eame s\u2019il esp\u00e8re avant tout un vrai spec\u00adtacle, Roger Federer a pris la parole avant le d\u00e9but de l\u2019\u00e9di\u00adtion 2025 de sa Laver Cup \u00e0 San Francisco. Notamment inter\u00adrog\u00e9 sur l\u2019\u00e9quipe favo\u00adrite, le Suisse n\u2019a pas cach\u00e9 que la pr\u00e9sence de Carlos Alcaraz chan\u00adgeait la donne pour les Europ\u00e9ens par rapport au reste du\u00a0Monde.\u00a0<\/p>\n<p><strong>\u00ab\u202fJe pense que l\u2019Europe est proba\u00adble\u00adment la favo\u00adrite, prin\u00adci\u00adpa\u00adle\u00adment en raison de la pr\u00e9sence d\u2019Alcaraz et d\u2019Alexander Zverev dans l\u2019\u00e9quipe. Surtout Alcaraz \u2013 il joue au tennis \u00e0 un autre niveau, honn\u00ea\u00adte\u00adment. J\u2019aime toujours regarder Carlos \u2013 c\u2019est un vrai plaisir \u00e0 regarder. Je pense que l\u2019Europe a globa\u00adle\u00adment une \u00e9quipe plus forte, et je pense que le double ne sera pas aussi crucial cette fois\u2010ci, car je pense que les deux \u00e9quipes sont \u00e0 peu pr\u00e8s aussi fortes en double. \u00c7a va se jouer en simple.\u202f\u00bb<\/strong><\/p>\n<p class=\"post-published-date\" style=\"color: silver; font-size: 75%; text-align: left;\">Publi\u00e9 le jeudi 18 septembre 2025 \u00e0 16:46<\/p>\n","protected":false},"excerpt":{"rendered":"Premier supporter de la Team Europe m\u00eame s\u2019il esp\u00e8re avant tout un vrai spec\u00adtacle, Roger Federer a pris&hellip;\n","protected":false},"author":2,"featured_media":366378,"comment_status":"","ping_status":"","sticky":false,"template":"","format":"standard","meta":{"footnotes":""},"categories":[1415],"tags":[1744,2199,1011,27,60,1467,4542],"class_list":{"0":"post-400403","1":"post","2":"type-post","3":"status-publish","4":"format-standard","5":"has-post-thumbnail","7":"category-tennis","8":"tag-alcaraz","9":"tag-federer","10":"tag-fr","11":"tag-france","12":"tag-sports","13":"tag-tennis","14":"tag-zverev"},"share_on_mastodon":{"url":"https:\/\/pubeurope.com\/@fr\/115226392866530465","error":""},"_links":{"self":[{"href":"https:\/\/www.europesays.com\/fr\/wp-json\/wp\/v2\/posts\/400403","targetHints":{"allow":["GET"]}}],"collection":[{"href":"https:\/\/www.europesays.com\/fr\/wp-json\/wp\/v2\/posts"}],"about":[{"href":"https:\/\/www.europesays.com\/fr\/wp-json\/wp\/v2\/types\/post"}],"author":[{"embeddable":true,"href":"https:\/\/www.europesays.com\/fr\/wp-json\/wp\/v2\/users\/2"}],"replies":[{"embeddable":true,"href":"https:\/\/www.europesays.com\/fr\/wp-json\/wp\/v2\/comments?post=400403"}],"version-history":[{"count":0,"href":"https:\/\/www.europesays.com\/fr\/wp-json\/wp\/v2\/posts\/400403\/revisions"}],"wp:featuredmedia":[{"embeddable":true,"href":"https:\/\/www.europesays.com\/fr\/wp-json\/wp\/v2\/media\/366378"}],"wp:attachment":[{"href":"https:\/\/www.europesays.com\/fr\/wp-json\/wp\/v2\/media?parent=400403"}],"wp:term":[{"taxonomy":"category","embeddable":true,"href":"https:\/\/www.europesays.com\/fr\/wp-json\/wp\/v2\/categories?post=400403"},{"taxonomy":"post_tag","embeddable":true,"href":"https:\/\/www.europesays.com\/fr\/wp-json\/wp\/v2\/tags?post=400403"}],"curies":[{"name":"wp","href":"https:\/\/api.w.org\/{rel}","templated":true}]}}