{"id":400406,"date":"2025-09-18T17:08:17","date_gmt":"2025-09-18T17:08:17","guid":{"rendered":"https:\/\/www.europesays.com\/fr\/400406\/"},"modified":"2025-09-18T17:08:17","modified_gmt":"2025-09-18T17:08:17","slug":"dans-le-sud-mayenne-un-conducteur-alcoolise-interpelle-par-les-gendarmes-apres-un-gros-exces-de-vitesse","status":"publish","type":"post","link":"https:\/\/www.europesays.com\/fr\/400406\/","title":{"rendered":"Dans le Sud-Mayenne, un conducteur alcoolis\u00e9 interpell\u00e9 par les gendarmes apr\u00e8s un gros exc\u00e8s de vitesse"},"content":{"rendered":"<p>Un automobiliste de 31 ans a \u00e9t\u00e9 intercept\u00e9 par la gendarmerie ce jeudi alors qu&rsquo;il roulait \u00e0 144 km\/h au lieu de 80 sur la d\u00e9partementale 15 \u00e0 Gennes-Longuefuye, dans le Sud-Mayenne. Il avait \u00e9galement consomm\u00e9 de l&rsquo;alcool au volant. Son permis a \u00e9t\u00e9 retir\u00e9 et il passera devant la justice.<\/p>\n<p><strong>Encore un chauffard<\/strong> qui se croyait sur un circuit de Formule 1 en Mayenne. Un automobiliste de 31 ans a \u00e9t\u00e9 contr\u00f4l\u00e9 <strong>\u00e0 144 km\/h au lieu de 80<\/strong> ce jeudi apr\u00e8s-midi vers 16 h 30 sur la d\u00e9partementale 15 \u00e0 hauteur de Gennes-Longuefuye, dans le Sud-Mayenne. Ce sont les motards de la brigade motoris\u00e9e de Ch\u00e2teau-Gontier-sur-Mayenne qui l&rsquo;ont intercept\u00e9. Son permis a \u00e9t\u00e9 retir\u00e9 sur le champ.<\/p>\n<p>Le conducteur avait consomm\u00e9 de l&rsquo;alcool<\/p>\n<p>L&rsquo;homme de 31 ans avait \u00e9galement consomm\u00e9 de l&rsquo;alcool. Il a \u00e9t\u00e9 relev\u00e9 un taux d&rsquo;alcool\u00e9mie de\u00a0<strong>0.80 mg\/l d&rsquo;air expir\u00e9<\/strong> apr\u00e8s avoir souffl\u00e9 dans l&rsquo;\u00e9thylotest. Son permis a donc \u00e9t\u00e9 retir\u00e9 et sera convoqu\u00e9 devant la justice. \u00ab\u00a0Il risque une forte amende et la suspension de son permis de conduire\u00a0\u00bb, indiquent les gendarmes.<\/p>\n","protected":false},"excerpt":{"rendered":"Un automobiliste de 31 ans a \u00e9t\u00e9 intercept\u00e9 par la gendarmerie ce jeudi alors qu&rsquo;il roulait \u00e0 144&hellip;\n","protected":false},"author":2,"featured_media":400407,"comment_status":"","ping_status":"","sticky":false,"template":"","format":"standard","meta":{"footnotes":""},"categories":[1412],"tags":[1451,1452,1453,1454,1455,1011,27,60],"class_list":{"0":"post-400406","1":"post","2":"type-post","3":"status-publish","4":"format-standard","5":"has-post-thumbnail","7":"category-f1","8":"tag-f1","9":"tag-formula-1","10":"tag-formula1","11":"tag-formule-1","12":"tag-formule1","13":"tag-fr","14":"tag-france","15":"tag-sports"},"share_on_mastodon":{"url":"https:\/\/pubeurope.com\/@fr\/115226404711893556","error":""},"_links":{"self":[{"href":"https:\/\/www.europesays.com\/fr\/wp-json\/wp\/v2\/posts\/400406","targetHints":{"allow":["GET"]}}],"collection":[{"href":"https:\/\/www.europesays.com\/fr\/wp-json\/wp\/v2\/posts"}],"about":[{"href":"https:\/\/www.europesays.com\/fr\/wp-json\/wp\/v2\/types\/post"}],"author":[{"embeddable":true,"href":"https:\/\/www.europesays.com\/fr\/wp-json\/wp\/v2\/users\/2"}],"replies":[{"embeddable":true,"href":"https:\/\/www.europesays.com\/fr\/wp-json\/wp\/v2\/comments?post=400406"}],"version-history":[{"count":0,"href":"https:\/\/www.europesays.com\/fr\/wp-json\/wp\/v2\/posts\/400406\/revisions"}],"wp:featuredmedia":[{"embeddable":true,"href":"https:\/\/www.europesays.com\/fr\/wp-json\/wp\/v2\/media\/400407"}],"wp:attachment":[{"href":"https:\/\/www.europesays.com\/fr\/wp-json\/wp\/v2\/media?parent=400406"}],"wp:term":[{"taxonomy":"category","embeddable":true,"href":"https:\/\/www.europesays.com\/fr\/wp-json\/wp\/v2\/categories?post=400406"},{"taxonomy":"post_tag","embeddable":true,"href":"https:\/\/www.europesays.com\/fr\/wp-json\/wp\/v2\/tags?post=400406"}],"curies":[{"name":"wp","href":"https:\/\/api.w.org\/{rel}","templated":true}]}}