{"id":400434,"date":"2025-09-18T17:23:12","date_gmt":"2025-09-18T17:23:12","guid":{"rendered":"https:\/\/www.europesays.com\/fr\/400434\/"},"modified":"2025-09-18T17:23:12","modified_gmt":"2025-09-18T17:23:12","slug":"anne-hidalgo-critiquee-par-la-droite-parisienne-pour-la-publication-ardue-de-ses-notes-de-frais-salees","status":"publish","type":"post","link":"https:\/\/www.europesays.com\/fr\/400434\/","title":{"rendered":"Anne Hidalgo critiqu\u00e9e par la droite parisienne pour la publication (ardue) de ses notes de frais sal\u00e9es"},"content":{"rendered":"<p>        <img decoding=\"async\" loading=\"lazy\" src=\"https:\/\/www.europesays.com\/fr\/wp-content\/uploads\/2025\/09\/aa3734f_sirius-fs-upload-1-sr8qgaieyhdr-1742400691139-000-33xl293.jpg\"  width=\"728\" height=\"410\" alt=\"La maire de Paris Anne Hidalgo s\u2019insurge contre une r\u00e9forme du mode de scrutin \u00e0 Paris. (Photo d\u2019illustration)\"\/>  <\/p>\n<p>MIGUEL MEDINA \/ AFP<\/p>\n<p>La maire de Paris Anne Hidalgo s\u2019insurge contre une r\u00e9forme du mode de scrutin \u00e0 Paris. (Photo d\u2019illustration)<\/p>\n<p class=\"asset asset-text\">POLITIQUE &#8211; Anne Hidalgo n\u2019en a pas fini avec les pol\u00e9miques autour de ses frais de mandat. La maire PS de Paris,<a href=\"https:\/\/www.huffingtonpost.fr\/politique\/article\/anne-hidalgo-a-tahiti-un-voyage-de-plus-en-plus-embrassant-pour-la-maire-de-paris_225293.html\" target=\"_blank\" rel=\"noopener\"> d\u00e9j\u00e0 \u00e9pingl\u00e9e pour son voyage \u00e0 Tahiti<\/a>, a \u00e9t\u00e9 contrainte par la justice de d\u00e9voiler de nouvelles factures. Et les montants, autant que la difficult\u00e9 \u00e0 obtenir ces documents, ont aliment\u00e9 les critiques de ses opposants.<\/p>\n<p class=\"asset asset-text\">C\u2019est l\u2019association Transparence citoyenne qui a cette fois relanc\u00e9 la machine. En mars\u00a02024, elle r\u00e9clame \u00e0 la mairie les factures des frais de d\u00e9placements, de restaurations et de repr\u00e9sentation de l\u2019\u00e9lue. Aupr\u00e8s de <a href=\"https:\/\/www.mediapart.fr\/journal\/france\/160925\/notes-de-frais-anne-hidalgo-toujours-fachee-avec-la-transparence\" target=\"_blank\" rel=\"noopener\" title=\"Nouvelle fen\u00eatre\">Mediapart<\/a>, son pr\u00e9sident explique avoir obtenu l\u2019appui de la Cada (Commission d\u2019acc\u00e8s aux documents administratifs) au mois de juillet&#8230; sans que la mairie de Paris ne donne suite. Il a ensuite saisi la justice et obtenu gain de cause.<\/p>\n<p class=\"asset asset-text\">Ces documents r\u00e9v\u00e9l\u00e9s par Mediapart font \u00e9tat de 84\u00a0000\u00a0euros de frais de repr\u00e9sentation entre 2020 et 2024. La maire de Paris est une cliente r\u00e9guli\u00e8re d\u2019enseignes semi-luxueuses, comme le BHV, Repetto, Eric Bompard ou G\u00e9rard Darel, pour des sommes entre 500\u00a0et 1\u00a0000\u00a0euros. S\u2019y ajoutent des achats ponctuels plus luxueux, comme deux robes Dior en 2024\u00a0pour 6\u00a0320\u00a0euros, un manteau Burberry \u00e0 3\u00a0067,50\u00a0euros en 2023, une blouse Dior \u00e0 1\u00a0120\u00a0euros en 2021 et une veste Burberry \u00e0 1\u00a0087\u00a0euros en 2020. Enfin, <a href=\"https:\/\/www.huffingtonpost.fr\/politique\/article\/anne-hidalgo-un-an-apres-son-voyage-a-tahiti-la-mairie-de-paris-s-explique-sur-ses-factures-telephoniques_243867.html\" target=\"_blank\" rel=\"noopener\">les frais de d\u00e9placement de la maire<\/a> sont \u00e9galement rendus publics, pour un total d\u2019environ 125\u00a0000\u00a0euros entre 2020 et 2023.<\/p>\n<p>    Le manque de transparence de la mairie PS d\u00e9nonc\u00e9e    <\/p>\n<p class=\"asset asset-text\">Le total n\u2019exc\u00e8de jamais le maximum \u00e9tabli par la loi et fix\u00e9 \u00e0 20\u00a0000\u00a0euros annuels pour les frais de repr\u00e9sentation, distinct de ceux de d\u00e9placement. Le cabinet d\u2019Anne Hidalgo les justifie par la fonction m\u00eame de la maire de Paris qui \u00ab\u00a0participe \u00e0 de nombreuses repr\u00e9sentations officielles\u00a0\u00bb et \u00ab\u00a0re\u00e7oit des chefs d\u2019\u00c9tat et des d\u00e9l\u00e9gations \u00e9trang\u00e8res tout au long de l\u2019ann\u00e9e\u00a0\u00bb.<\/p>\n<p class=\"asset asset-text\">L\u2019argument ne convainc pas. \u00ab\u00a0Sur les 84\u00a0000\u20ac de frais vestimentaires en quatre\u00a0ans, combien sont justifi\u00e9s par un \u00e9v\u00e8nement exceptionnel (gala)\u00a0?\u00a0\u00bb interroge Aur\u00e9lien V\u00e9ron, porte-parole du groupe d\u2019opposition LR Changer Paris. Paul Hatte, conseiller du 17e arrondissement sous l\u2019\u00e9tiquette Union Capitale ( Rassemblement des r\u00e9publicains, centristes, progressistes, \u00e9cologistes et ind\u00e9pendants), abonde\u00a0: \u00ab\u00a0HALLUCINATION. Avec nos imp\u00f4ts messieurs dames. Je rappelle\u00a0: aucun entrepreneur ni commercial n\u2019a le droit de d\u00e9clarer ses costumes comme une charge professionnelle. De quel droit nos imp\u00f4ts paieraient tout \u00e7a\u00a0?\u00a0\u00bb<\/p>\n<p class=\"asset asset-text\">Surtout, la maire de Paris se voit reprocher son manque de transparence, un point \u00e9galement relev\u00e9 par Sylvain Maillard, d\u00e9put\u00e9 Renaissance de Paris. \u00ab\u00a0Sans m\u00eame entrer dans le d\u00e9bat que peuvent l\u00e9gitimement susciter ces montants, il semble incroyable que la nature de tels achats ne soit pas justifi\u00e9e en toute transparence\u00a0\u00bb, \u00e9crit-il sur X, r\u00e9clamant que \u00ab\u00a0le Maire et les adjoints aient les m\u00eames r\u00e8gles de prise en charge de leurs frais avec justificatifs que n\u2019importe lequel de nos concitoyens dont les frais sont rembours\u00e9s.\u00a0\u00bb<\/p>\n<p class=\"asset asset-text\">Anne Hidalgo a d\u00e9j\u00e0 \u00e9t\u00e9 plusieurs fois l\u2019objet de critiques pour la non-publication de documents r\u00e9clam\u00e9s par la presse ou par des associations. Une enqu\u00eate a d\u2019ailleurs \u00e9t\u00e9 ouverte en 2024 par le parquet de Paris pour prise ill\u00e9gale d\u2019int\u00e9r\u00eats et d\u00e9tournement de fonds publics. Mais aupr\u00e8s de Mediapart, l\u2019\u00e9quipe de la maire d\u00e9ment tout manque. \u00ab\u00a0La ville de Paris examine les demandes suite \u00e0 la saisine de la Cada, pour autant il peut arriver que les documents demand\u00e9s ne conviennent pas aux demandeurs, qui d\u00e9cident de saisir le tribunal\u00a0\u00bb, se d\u00e9fend-elle. En parall\u00e8le, elle rappelle dans Le Parisien que l\u2019Urssaf \u00ab\u00a0a op\u00e9r\u00e9 un contr\u00f4le sur ces frais de repr\u00e9sentation et les justificatifs produits\u00a0\u00bb et \u00ab\u00a0n\u2019a \u00e9mis aucune observation, confirmant la validit\u00e9 et r\u00e9gularit\u00e9 de notre process\u00a0\u00bb. Et la mairie de cibler l\u2019association Transparence citoyenne pour son financement \u2013 reconnu par les int\u00e9ress\u00e9s aupr\u00e8s de Mediapart &#8211; par le milliardaire <a href=\"https:\/\/www.huffingtonpost.fr\/politique\/article\/ce-milliardaire-qui-sponsorise-l-extreme-droite-prone-une-natalite-de-souche-europeenne_253138.html\" target=\"_blank\" rel=\"noopener\">Pierre-\u00c9douard St\u00e9rin, soutien financier d\u2019une partie de l\u2019extr\u00eame droite<\/a>. \u00ab\u00a0La maire de Paris n\u2019utilise pas ses frais de repr\u00e9sentation pour s\u2019offrir des bijoux et tout est d\u00e9clar\u00e9\u00a0\u00bb, ajoute l\u2019\u00e9quipe d\u2019Anne Hidalgo dans une allusion \u00e0 peine voil\u00e9e \u00e0 <a href=\"https:\/\/www.huffingtonpost.fr\/politique\/article\/rachida-dati-visee-par-une-nouvelle-enquete-cette-fois-ci-pour-des-bijoux-non-declares_254889.html\" target=\"_blank\" rel=\"noopener\">Rachida Dati vis\u00e9e par une enqu\u00eate judiciaire pour sa joillieriee<\/a>. \u00c0 six mois du scrutin, la bataille pour les municipales est multiforme.<\/p>\n","protected":false},"excerpt":{"rendered":"MIGUEL MEDINA \/ AFP La maire de Paris Anne Hidalgo s\u2019insurge contre une r\u00e9forme du mode de scrutin&hellip;\n","protected":false},"author":2,"featured_media":400435,"comment_status":"","ping_status":"","sticky":false,"template":"","format":"standard","meta":{"footnotes":""},"categories":[4],"tags":[11,2618,1011,27,12,626,316,25],"class_list":{"0":"post-400434","1":"post","2":"type-post","3":"status-publish","4":"format-standard","5":"has-post-thumbnail","7":"category-france","8":"tag-actualites","9":"tag-anne-hidalgo","10":"tag-fr","11":"tag-france","12":"tag-news","13":"tag-paris","14":"tag-politique","15":"tag-republique-francaise"},"share_on_mastodon":{"url":"https:\/\/pubeurope.com\/@fr\/115226463805751166","error":""},"_links":{"self":[{"href":"https:\/\/www.europesays.com\/fr\/wp-json\/wp\/v2\/posts\/400434","targetHints":{"allow":["GET"]}}],"collection":[{"href":"https:\/\/www.europesays.com\/fr\/wp-json\/wp\/v2\/posts"}],"about":[{"href":"https:\/\/www.europesays.com\/fr\/wp-json\/wp\/v2\/types\/post"}],"author":[{"embeddable":true,"href":"https:\/\/www.europesays.com\/fr\/wp-json\/wp\/v2\/users\/2"}],"replies":[{"embeddable":true,"href":"https:\/\/www.europesays.com\/fr\/wp-json\/wp\/v2\/comments?post=400434"}],"version-history":[{"count":0,"href":"https:\/\/www.europesays.com\/fr\/wp-json\/wp\/v2\/posts\/400434\/revisions"}],"wp:featuredmedia":[{"embeddable":true,"href":"https:\/\/www.europesays.com\/fr\/wp-json\/wp\/v2\/media\/400435"}],"wp:attachment":[{"href":"https:\/\/www.europesays.com\/fr\/wp-json\/wp\/v2\/media?parent=400434"}],"wp:term":[{"taxonomy":"category","embeddable":true,"href":"https:\/\/www.europesays.com\/fr\/wp-json\/wp\/v2\/categories?post=400434"},{"taxonomy":"post_tag","embeddable":true,"href":"https:\/\/www.europesays.com\/fr\/wp-json\/wp\/v2\/tags?post=400434"}],"curies":[{"name":"wp","href":"https:\/\/api.w.org\/{rel}","templated":true}]}}