{"id":400438,"date":"2025-09-18T17:25:11","date_gmt":"2025-09-18T17:25:11","guid":{"rendered":"https:\/\/www.europesays.com\/fr\/400438\/"},"modified":"2025-09-18T17:25:11","modified_gmt":"2025-09-18T17:25:11","slug":"etienne-foire-lirlande-harry-potter-deux-expos-immersives-a-decouvrir","status":"publish","type":"post","link":"https:\/\/www.europesays.com\/fr\/400438\/","title":{"rendered":"\u00c9tienne | Foire. L\u2019Irlande, Harry Potter\u00a0: deux expos immersives \u00e0 d\u00e9couvrir"},"content":{"rendered":"<p>Son tr\u00e8fle \u00e0 trois feuilles, ses leprechauns, ses stouts (bi\u00e8res brunes) et sa c\u00e9l\u00e8bre Saint-Patrick, f\u00eat\u00e9e dans le monde entier. Apr\u00e8s le Japon l\u2019an dernier, c\u2019est au tour de l\u2019Irlande d\u2019\u00eatre mise \u00e0 l\u2019honneur pendant 10 jours \u00e0 la Foire de Saint-\u00c9tienne.<\/p>\n<p>Quatre univers immersifs<\/p>\n<p>\u00ab\u00a0Une Irlande myst\u00e9rieuse et envo\u00fbtante\u00a0\u00bb, \u00e0 d\u00e9couvrir \u00e0 travers un parcours sc\u00e9nographi\u00e9 o\u00f9 \u00ab\u00a0mythes celtiques, l\u00e9gendes fantastiques et aventures \u00e9piques prennent vie\u00a0\u00bb, selon les organisateurs.<\/p>\n<p>Un premier espace vous fera remonter le temps jusqu\u2019aux l\u00e9gendes celtiques qui ont travers\u00e9 les si\u00e8cles pour nourrir l\u2019imaginaire d\u2019\u0153uvres c\u00e9l\u00e8bres, du Seigneur des Anneaux \u00e0 Ast\u00e9rix, en passant par Game of Thrones et Harry Potter.<\/p>\n<p>Une \u00ab\u00a0For\u00eat des r\u00eaves\u00a0\u00bb, peupl\u00e9e de f\u00e9es et d\u2019esprits farceurs, puis un&#8230;<\/p>\n","protected":false},"excerpt":{"rendered":"Son tr\u00e8fle \u00e0 trois feuilles, ses leprechauns, ses stouts (bi\u00e8res brunes) et sa c\u00e9l\u00e8bre Saint-Patrick, f\u00eat\u00e9e dans le&hellip;\n","protected":false},"author":2,"featured_media":400439,"comment_status":"","ping_status":"","sticky":false,"template":"","format":"standard","meta":{"footnotes":""},"categories":[9653],"tags":[1111,11,2430,1687,7539,1777,674,1685,1011,27,12,25,4001,7538],"class_list":{"0":"post-400438","1":"post","2":"type-post","3":"status-publish","4":"format-standard","5":"has-post-thumbnail","7":"category-saint-etienne","8":"tag-actu","9":"tag-actualites","10":"tag-auvergne-rhone-alpes","11":"tag-culture-loisirs","12":"tag-edition-loire-sud","13":"tag-eu","14":"tag-europe","15":"tag-foire-et-salon","16":"tag-fr","17":"tag-france","18":"tag-news","19":"tag-republique-francaise","20":"tag-saint-etienne","21":"tag-saint-etienne-ville"},"share_on_mastodon":{"url":"https:\/\/pubeurope.com\/@fr\/115226471605216506","error":""},"_links":{"self":[{"href":"https:\/\/www.europesays.com\/fr\/wp-json\/wp\/v2\/posts\/400438","targetHints":{"allow":["GET"]}}],"collection":[{"href":"https:\/\/www.europesays.com\/fr\/wp-json\/wp\/v2\/posts"}],"about":[{"href":"https:\/\/www.europesays.com\/fr\/wp-json\/wp\/v2\/types\/post"}],"author":[{"embeddable":true,"href":"https:\/\/www.europesays.com\/fr\/wp-json\/wp\/v2\/users\/2"}],"replies":[{"embeddable":true,"href":"https:\/\/www.europesays.com\/fr\/wp-json\/wp\/v2\/comments?post=400438"}],"version-history":[{"count":0,"href":"https:\/\/www.europesays.com\/fr\/wp-json\/wp\/v2\/posts\/400438\/revisions"}],"wp:featuredmedia":[{"embeddable":true,"href":"https:\/\/www.europesays.com\/fr\/wp-json\/wp\/v2\/media\/400439"}],"wp:attachment":[{"href":"https:\/\/www.europesays.com\/fr\/wp-json\/wp\/v2\/media?parent=400438"}],"wp:term":[{"taxonomy":"category","embeddable":true,"href":"https:\/\/www.europesays.com\/fr\/wp-json\/wp\/v2\/categories?post=400438"},{"taxonomy":"post_tag","embeddable":true,"href":"https:\/\/www.europesays.com\/fr\/wp-json\/wp\/v2\/tags?post=400438"}],"curies":[{"name":"wp","href":"https:\/\/api.w.org\/{rel}","templated":true}]}}