{"id":40044,"date":"2025-04-20T23:09:08","date_gmt":"2025-04-20T23:09:08","guid":{"rendered":"https:\/\/www.europesays.com\/fr\/40044\/"},"modified":"2025-04-20T23:09:08","modified_gmt":"2025-04-20T23:09:08","slug":"previsions-du-lundi-21-avril-2025","status":"publish","type":"post","link":"https:\/\/www.europesays.com\/fr\/40044\/","title":{"rendered":"pr\u00e9visions du lundi 21 avril 2025"},"content":{"rendered":"<p>Montpellier va \u00eatre inond\u00e9e de soleil au cours de cette journ\u00e9e. Les temp\u00e9ratures tourneront autour des 15\u00b0C. Un petit vent de nord-ouest soufflera. Dans la matin\u00e9e, les temp\u00e9ratures tourneront autour des 15\u00b0C. Une m\u00e9t\u00e9o plus chaude est \u00e0 pr\u00e9voir l&rsquo;apr\u00e8s-midi puisque les temp\u00e9ratures vont conna\u00eetre une augmentation. Les valeurs seront de 18\u00b0C au minimum et de 19\u00b0C au maximum. Le soir, on anticipe des temp\u00e9ratures avoisinant 15\u00b0C. On passera de lundi \u00e0 mardi par une nuit claire.<\/p>\n<p>Demain, c&rsquo;est une hausse de quelques degr\u00e9s que vont enregistrer les temp\u00e9ratures dans la ville de Montpellier. Les valeurs s&rsquo;\u00e9chelonneront entre 12 et 19\u00b0C. Le soleil appara\u00eet l\u00e9g\u00e8rement le matin. Ces \u00e9claircies devraient faire plaisir aux habitants. Il va faire environ 16\u00b0C. Une brise de nord-ouest soufflera l\u00e9g\u00e8rement. Demain apr\u00e8s-midi, les Montpelli\u00e9rains vont pouvoir b\u00e9n\u00e9ficier d&rsquo;un soleil radieux. Les temp\u00e9ratures afficheront entre 17 et 19\u00b0C. Le ciel va quelque peu se d\u00e9gager dans la soir\u00e9e avec des \u00e9claircies. Il fera 16\u00b0C en moyenne. Un vent de nord-ouest soufflera un peu, avec 10 km\/h.<\/p>\n<p>Les jours qui suivent s&rsquo;annoncent similaires. On s&rsquo;attend \u00e0 des journ\u00e9es ensoleill\u00e9es, accompagn\u00e9es par des temp\u00e9ratures dans les 16\u00b0C en moyenne.<\/p>\n<p><\/p>\n","protected":false},"excerpt":{"rendered":"Montpellier va \u00eatre inond\u00e9e de soleil au cours de cette journ\u00e9e. Les temp\u00e9ratures tourneront autour des 15\u00b0C. Un&hellip;\n","protected":false},"author":2,"featured_media":40045,"comment_status":"","ping_status":"","sticky":false,"template":"","format":"standard","meta":{"footnotes":""},"categories":[9599],"tags":[1111,11,1777,674,1011,27,7089,2681,2208,12,2680,2119,25],"class_list":{"0":"post-40044","1":"post","2":"type-post","3":"status-publish","4":"format-standard","5":"has-post-thumbnail","7":"category-montpellier","8":"tag-actu","9":"tag-actualites","10":"tag-eu","11":"tag-europe","12":"tag-fr","13":"tag-france","14":"tag-herault","15":"tag-languedoc-roussillon","16":"tag-montpellier","17":"tag-news","18":"tag-occitanie","19":"tag-previsions-meteo","20":"tag-republique-francaise"},"share_on_mastodon":{"url":"https:\/\/pubeurope.com\/@fr\/114372815329906442","error":""},"_links":{"self":[{"href":"https:\/\/www.europesays.com\/fr\/wp-json\/wp\/v2\/posts\/40044","targetHints":{"allow":["GET"]}}],"collection":[{"href":"https:\/\/www.europesays.com\/fr\/wp-json\/wp\/v2\/posts"}],"about":[{"href":"https:\/\/www.europesays.com\/fr\/wp-json\/wp\/v2\/types\/post"}],"author":[{"embeddable":true,"href":"https:\/\/www.europesays.com\/fr\/wp-json\/wp\/v2\/users\/2"}],"replies":[{"embeddable":true,"href":"https:\/\/www.europesays.com\/fr\/wp-json\/wp\/v2\/comments?post=40044"}],"version-history":[{"count":0,"href":"https:\/\/www.europesays.com\/fr\/wp-json\/wp\/v2\/posts\/40044\/revisions"}],"wp:featuredmedia":[{"embeddable":true,"href":"https:\/\/www.europesays.com\/fr\/wp-json\/wp\/v2\/media\/40045"}],"wp:attachment":[{"href":"https:\/\/www.europesays.com\/fr\/wp-json\/wp\/v2\/media?parent=40044"}],"wp:term":[{"taxonomy":"category","embeddable":true,"href":"https:\/\/www.europesays.com\/fr\/wp-json\/wp\/v2\/categories?post=40044"},{"taxonomy":"post_tag","embeddable":true,"href":"https:\/\/www.europesays.com\/fr\/wp-json\/wp\/v2\/tags?post=40044"}],"curies":[{"name":"wp","href":"https:\/\/api.w.org\/{rel}","templated":true}]}}