{"id":400444,"date":"2025-09-18T17:29:33","date_gmt":"2025-09-18T17:29:33","guid":{"rendered":"https:\/\/www.europesays.com\/fr\/400444\/"},"modified":"2025-09-18T17:29:33","modified_gmt":"2025-09-18T17:29:33","slug":"vandoeuvre-nancy-recoit-erfurt-a-la-halle-balson","status":"publish","type":"post","link":"https:\/\/www.europesays.com\/fr\/400444\/","title":{"rendered":"Vand\u0153uvre Nancy re\u00e7oit Erfurt \u00e0 la halle Balson"},"content":{"rendered":"<p>La Halle des sports Balson accueillera, ce vendredi 19\u00a0septembre \u00e0 19\u00a0h, un match amical de pr\u00e9paration de haut niveau. L\u2019\u00e9quipe de Vand\u0153uvre Nancy Volley-Ball (VNVB), pensionnaire de Ligue AF (1\u02b3\u1d49 division f\u00e9minine fran\u00e7aise), affrontera l\u2019\u00e9quipe allemande d\u2019Erfurt, \u00e9galement en 1\u02b3\u1d49 division. Une belle occasion de voir \u00e9voluer deux formations de qualit\u00e9 avant la reprise des championnats.<\/p>\n<p>Entr\u00e9e libre.<\/p>\n","protected":false},"excerpt":{"rendered":"La Halle des sports Balson accueillera, ce vendredi 19\u00a0septembre \u00e0 19\u00a0h, un match amical de pr\u00e9paration de haut&hellip;\n","protected":false},"author":2,"featured_media":400445,"comment_status":"","ping_status":"","sticky":false,"template":"","format":"standard","meta":{"footnotes":""},"categories":[9635],"tags":[1111,11,1705,1777,674,1011,27,775,1702,12,25,104,14984,27449,1631],"class_list":{"0":"post-400444","1":"post","2":"type-post","3":"status-publish","4":"format-standard","5":"has-post-thumbnail","7":"category-nancy","8":"tag-actu","9":"tag-actualites","10":"tag-edition-toul","11":"tag-eu","12":"tag-europe","13":"tag-fr","14":"tag-france","15":"tag-grand-est","16":"tag-nancy","17":"tag-news","18":"tag-republique-francaise","19":"tag-societe","20":"tag-toul","21":"tag-toul-ville-54d","22":"tag-vie-associative"},"share_on_mastodon":{"url":"https:\/\/pubeurope.com\/@fr\/115226487305282095","error":""},"_links":{"self":[{"href":"https:\/\/www.europesays.com\/fr\/wp-json\/wp\/v2\/posts\/400444","targetHints":{"allow":["GET"]}}],"collection":[{"href":"https:\/\/www.europesays.com\/fr\/wp-json\/wp\/v2\/posts"}],"about":[{"href":"https:\/\/www.europesays.com\/fr\/wp-json\/wp\/v2\/types\/post"}],"author":[{"embeddable":true,"href":"https:\/\/www.europesays.com\/fr\/wp-json\/wp\/v2\/users\/2"}],"replies":[{"embeddable":true,"href":"https:\/\/www.europesays.com\/fr\/wp-json\/wp\/v2\/comments?post=400444"}],"version-history":[{"count":0,"href":"https:\/\/www.europesays.com\/fr\/wp-json\/wp\/v2\/posts\/400444\/revisions"}],"wp:featuredmedia":[{"embeddable":true,"href":"https:\/\/www.europesays.com\/fr\/wp-json\/wp\/v2\/media\/400445"}],"wp:attachment":[{"href":"https:\/\/www.europesays.com\/fr\/wp-json\/wp\/v2\/media?parent=400444"}],"wp:term":[{"taxonomy":"category","embeddable":true,"href":"https:\/\/www.europesays.com\/fr\/wp-json\/wp\/v2\/categories?post=400444"},{"taxonomy":"post_tag","embeddable":true,"href":"https:\/\/www.europesays.com\/fr\/wp-json\/wp\/v2\/tags?post=400444"}],"curies":[{"name":"wp","href":"https:\/\/api.w.org\/{rel}","templated":true}]}}