{"id":400448,"date":"2025-09-18T17:31:15","date_gmt":"2025-09-18T17:31:15","guid":{"rendered":"https:\/\/www.europesays.com\/fr\/400448\/"},"modified":"2025-09-18T17:31:15","modified_gmt":"2025-09-18T17:31:15","slug":"compositions-chaine-tv-et-heure-11","status":"publish","type":"post","link":"https:\/\/www.europesays.com\/fr\/400448\/","title":{"rendered":"Compositions, Cha\u00eene TV et Heure"},"content":{"rendered":"<p style=\"text-align: justify;\"><strong>\u00c0 quelle heure et sur quelle cha\u00eene TV suivre le match de Top 14 entre le RC Toulon et le Stade Rochelais ? Retrouvez \u00e9galement les compositions des deux \u00e9quipes.<\/strong><\/p>\n<p style=\"text-align: justify;\">Le match de la troisi\u00e8me journ\u00e9e de la phase r\u00e9guli\u00e8re du Top 14 entre le <a href=\"https:\/\/dicodusport.fr\/blog\/transferts-rc-toulon-2025-arrivees-departs-et-prolongations\/\" target=\"_blank\" rel=\"noopener\"><b>RC Toulon<\/b><\/a> et le <a href=\"https:\/\/dicodusport.fr\/blog\/transferts-stade-rochelais-2025-arrivees-departs-et-prolongations\/\" target=\"_blank\" rel=\"noopener\"><strong>Stade Rochelais<\/strong><\/a> aura lieu ce dimanche 21 septembre \u00e0 21h05, au Stade Mayol de Toulon.<\/p>\n<p>Contexte et enjeux du match Toulon \u2013 La Rochelle<\/p>\n<p style=\"text-align: justify;\">Apr\u00e8s sa d\u00e9faite en demi-finale la saison pass\u00e9e, <strong>Toulon<\/strong> a des ambitions, et pour l\u2019instant, les assume. Le RCT a d\u00e9marr\u00e9 avec <a href=\"https:\/\/dicodusport.fr\/blog\/top-14-2025-2026-j1-le-rc-toulon-lemporte-a-montpellier\/\" target=\"_blank\" rel=\"noopener\">une victoire logique \u00e0 Montpellier<\/a>, avant de dominer <a href=\"https:\/\/dicodusport.fr\/blog\/top-14-2025-2026-j2-un-eclair-de-gael-drean-a-suffi-a-toulon-pour-maitriser-castres\/\" target=\"_blank\" rel=\"noopener\">Castres \u00e0 la maison<\/a>, mais dans la douleur. N\u00e9anmoins, cela fait deux victoires en deux matchs, et les Varois vont de plus encha\u00eener un deuxi\u00e8me match \u00e0 Mayol, une belle occasion de faire le plein et de s\u2019installer durablement dans le peloton de t\u00eate du Top 14.<\/p>\n<p style=\"text-align: justify;\">Pour <strong>La Rochelle<\/strong>, le d\u00e9but de saison est relativement logique. <a href=\"https:\/\/dicodusport.fr\/blog\/top-14-2025-2026-j1-lunion-bordeaux-begles-se-fait-peur-face-a-la-rochelle\/\" target=\"_blank\" rel=\"noopener\">Une d\u00e9faite avec les honneurs et un bonus d\u00e9fensif sur la pelouse de l\u2019UBB<\/a>, avant <a href=\"https:\/\/dicodusport.fr\/blog\/top-14-2025-2026-j2-toulouse-pau-et-bayonne-font-le-plein-clermont-en-rade-le-resume-du-multirugby\/\" target=\"_blank\" rel=\"noopener\">une victoire qui aura mis du temps \u00e0 se dessiner contre Clermont<\/a>. Les Maritimes, priv\u00e9s de phase finale la saison derni\u00e8re, ont n\u00e9anmoins besoin d\u2019un gros coup pour se lancer d\u00e9finitivement vers l\u2019objectif Top 6. Et pourquoi pas \u00e0 Mayol, o\u00f9 ils ont gagn\u00e9 cinq fois lors de leurs dix derni\u00e8res visites !<\/p>\n<p style=\"text-align: justify;\">La saison derni\u00e8re, toutefois, Toulon, apr\u00e8s une d\u00e9faite <a href=\"https:\/\/dicodusport.fr\/blog\/top-14-j1-le-stade-rochelais-vient-a-bout-de-toulon-dans-la-douleur\/\" target=\"_blank\" rel=\"noopener\"><strong>19-15<\/strong><\/a> \u00e0 Marcel-Deflandre \u00e0 l\u2019aller, avait triomph\u00e9 <a href=\"https:\/\/dicodusport.fr\/blog\/top-14-j15-toulon-renverse-une-equipe-de-la-rochelle-rajeunie\/\" target=\"_blank\" rel=\"noopener\"><strong>45-26<\/strong><\/a> dans son stade au retour, apr\u00e8s avoir \u00e9t\u00e9 men\u00e9 0-17 au bout d\u2019un quart d\u2019heure. Un r\u00e9sultat qui contribue \u00e0 faire du RCT le favori de ce match de cl\u00f4ture de la troisi\u00e8me journ\u00e9e.<\/p>\n<p>Toulon \u2013 La Rochelle : \u00c0 quelle heure et sur quelle cha\u00eene TV suivre le match ?<\/p>\n<p style=\"text-align: justify;\">Le match <b>Toulon \u2013 La Rochelle <\/b>est \u00e0 suivre ce <strong>dimanche 21 septembre 2025 \u00e0 21h05<\/strong>, sur <b>Canal+<\/b>.<\/p>\n<p>Les compositions probables de Toulon \u2013 La Rochelle<br \/>\nLa composition de Toulon<\/p>\n<p style=\"text-align: justify;\"><strong>XV de d\u00e9part : <\/strong>15. M.\u00a0Jaminet\u00a0; 14. Tuicuvu, 13. Brex, 12. Frisch, 11.Dr\u00e9an\u00a0; 10. Garbisi, 9. White ou Serin\u00a0; 7. Abadie, 8. Mercer, 6. Ludlam\u00a0; 5. Alainu\u2019uese, 4. Ribbans (cap.)\u00a0; 3. Gigashvili, 2. Baubigny, 1.D. Brennan.<\/p>\n<p>\n<a href=\"https:\/\/dicodusport.fr\/blog\/offres\/abonnements-sans-pub\/\" target=\"_blank\" rel=\"noopener\"><img loading=\"lazy\" decoding=\"async\" class=\"alignnone size-full wp-image-501284 perfmatters-lazy\" alt=\"\" width=\"1200\" height=\"200\" src=\"https:\/\/www.europesays.com\/fr\/wp-content\/uploads\/2025\/04\/Abonnements-sans-pubs-Dicodusport.png\"\/><\/a><br \/><a href=\"https:\/\/dicodusport.fr\/blog\/offres\/abonnements-sans-pub\/\" target=\"_blank\" rel=\"noopener\"><img loading=\"lazy\" decoding=\"async\" class=\"alignnone size-full wp-image-501296 perfmatters-lazy\" alt=\"\" width=\"400\" height=\"400\" src=\"https:\/\/www.europesays.com\/fr\/wp-content\/uploads\/2025\/04\/Abonnements-sans-pubs-Dicodusport-mobile.png\"\/><\/a><\/p>\n<p style=\"text-align: justify;\"><strong>Les rempla\u00e7ants : <\/strong>16. Damond, 17. Gros, 18. Rebbadj, 19. Halagahu ou Domon, 20. Qu\u00e9r\u00e9-Karaba, 21. Serin ou White, 22. Nonu, 23. Priso.<\/p>\n<p>La composition de La Rochelle<\/p>\n<p style=\"text-align: justify;\"><strong>XV de d\u00e9part : <\/strong>15. Niniashvili\u00a0; 14. Bollengier, 13. Seuteni, 12. Lagivala, 11. Favre\u00a0; 10. West, 9. Berjon\u00a0; 7. Jegou ou Haddad, 8. Alldritt (cap.), 6. Cancoriet\u00a0; 5. Skelton, 4. Pa. Boudehent\u00a0; 3. Kuntelia ou Sorin, 2. Lespiaucq-Brettes, 1. Penverne ou Wardi.<\/p>\n<p style=\"text-align: justify;\"><strong>Les rempla\u00e7ants : <\/strong>16. Bourgarit, 17. Wardi ou Penverne, 18. Lavault, 19. Haddad ou Jegou, 20. Bosmorin, 21. Vunivalu, 22. Pacome, 23. Sorin ou Kuntelia ou Galvan.<\/p>\n<p>Les cotes de Toulon \u2013 La Rochelle<\/p>\n<tr style=\"height: 16px;\">\n<td style=\"background-color: #404040; text-align: left; border-color: #ededed; width: 500px;\" colspan=\"3\">Dimanche 21 septembre 2025, 21h05<\/td>\n<\/tr>\n<tr style=\"height: 24px;\">\n<td style=\"background-color: #ffffff; border-color: #ededed; vertical-align: middle; text-align: center; width: 266px;\"><b>Toulon<br \/><\/b><a href=\"https:\/\/www.winamax.fr\/paris-sportifs\/match\/62109118?banid=33423\" class=\"su-button su-button-style-flat su-button-wide\" style=\"color:#fff;background-color:#000;border-color:#000000;border-radius:5px\" target=\"_blank\" rel=\"noopener noreferrer\"> 1.42<\/a><\/td>\n<td style=\"background-color: #ffffff; border-color: #ededed; vertical-align: middle; text-align: center; width: 266px;\"><strong>Match nul<\/strong><br \/><a href=\"https:\/\/www.winamax.fr\/paris-sportifs\/match\/62109118?banid=33423\" class=\"su-button su-button-style-flat su-button-wide\" style=\"color:#fff;background-color:#000;border-color:#000000;border-radius:5px\" target=\"_blank\" rel=\"noopener noreferrer\"> 19<\/a><\/td>\n<td style=\"background-color: #ffffff; border-color: #ededed; vertical-align: middle; text-align: center; width: 266px;\"><b>La Rochelle<\/b><br \/><a href=\"https:\/\/www.winamax.fr\/paris-sportifs\/match\/62109118?banid=33423\" class=\"su-button su-button-style-flat su-button-wide\" style=\"color:#fff;background-color:#000;border-color:#000000;border-radius:5px\" target=\"_blank\" rel=\"noopener noreferrer\"> 2.75<\/a><\/td>\n<\/tr>\n<p style=\"text-align: justify;\">Tentez votre chance en profitant de votre <a href=\"https:\/\/www.winamax.fr\/registration\/landing\/affiliation_Bonus100?banid=33423\" target=\"_blank\" rel=\"noopener\">1er d\u00e9p\u00f4t doubl\u00e9 jusqu\u2019\u00e0 100 \u20ac<\/a> direct en paris gratuits sur Winamax !<\/p>\n","protected":false},"excerpt":{"rendered":"\u00c0 quelle heure et sur quelle cha\u00eene TV suivre le match de Top 14 entre le RC Toulon&hellip;\n","protected":false},"author":2,"featured_media":400449,"comment_status":"","ping_status":"","sticky":false,"template":"","format":"standard","meta":{"footnotes":""},"categories":[9619],"tags":[1111,11,2113,1777,674,1011,27,12,882,8177,25,6365,478,2310],"class_list":{"0":"post-400448","1":"post","2":"type-post","3":"status-publish","4":"format-standard","5":"has-post-thumbnail","7":"category-toulon","8":"tag-actu","9":"tag-actualites","10":"tag-breve","11":"tag-eu","12":"tag-europe","13":"tag-fr","14":"tag-france","15":"tag-news","16":"tag-provence-alpes-cote-dazur","17":"tag-rc-toulon","18":"tag-republique-francaise","19":"tag-stade-rochelais","20":"tag-top-14","21":"tag-toulon"},"share_on_mastodon":{"url":"https:\/\/pubeurope.com\/@fr\/115226495737255801","error":""},"_links":{"self":[{"href":"https:\/\/www.europesays.com\/fr\/wp-json\/wp\/v2\/posts\/400448","targetHints":{"allow":["GET"]}}],"collection":[{"href":"https:\/\/www.europesays.com\/fr\/wp-json\/wp\/v2\/posts"}],"about":[{"href":"https:\/\/www.europesays.com\/fr\/wp-json\/wp\/v2\/types\/post"}],"author":[{"embeddable":true,"href":"https:\/\/www.europesays.com\/fr\/wp-json\/wp\/v2\/users\/2"}],"replies":[{"embeddable":true,"href":"https:\/\/www.europesays.com\/fr\/wp-json\/wp\/v2\/comments?post=400448"}],"version-history":[{"count":0,"href":"https:\/\/www.europesays.com\/fr\/wp-json\/wp\/v2\/posts\/400448\/revisions"}],"wp:featuredmedia":[{"embeddable":true,"href":"https:\/\/www.europesays.com\/fr\/wp-json\/wp\/v2\/media\/400449"}],"wp:attachment":[{"href":"https:\/\/www.europesays.com\/fr\/wp-json\/wp\/v2\/media?parent=400448"}],"wp:term":[{"taxonomy":"category","embeddable":true,"href":"https:\/\/www.europesays.com\/fr\/wp-json\/wp\/v2\/categories?post=400448"},{"taxonomy":"post_tag","embeddable":true,"href":"https:\/\/www.europesays.com\/fr\/wp-json\/wp\/v2\/tags?post=400448"}],"curies":[{"name":"wp","href":"https:\/\/api.w.org\/{rel}","templated":true}]}}