{"id":400460,"date":"2025-09-18T17:38:14","date_gmt":"2025-09-18T17:38:14","guid":{"rendered":"https:\/\/www.europesays.com\/fr\/400460\/"},"modified":"2025-09-18T17:38:14","modified_gmt":"2025-09-18T17:38:14","slug":"grenoble-le-musee-electronique-festival-de-retour-apres-trois-ans-dabsence","status":"publish","type":"post","link":"https:\/\/www.europesays.com\/fr\/400460\/","title":{"rendered":"Grenoble. Le Mus\u00e9e \u00e9lectronique festival de retour apr\u00e8s trois ans d\u2019absence"},"content":{"rendered":"<p>La derni\u00e8re \u00e9dition avait eu lieu en juin\u00a02023. Apr\u00e8s trois ans d\u2019absence, il est enfin de retour\u00a0! Le Mus\u00e9e \u00e9lectronique festival aura lieu les 12 et 13\u00a0juin 2026 dans les magnifiques jardins du Mus\u00e9e dauphinois \u00e0 Grenoble qui ont \u00e9t\u00e9 enti\u00e8rement r\u00e9nov\u00e9s. Un site unique, une vue incroyable, des artistes de renom et des produits locaux.<\/p>\n<p class=\"note\">Tarif un soir\u00a0: 42\u00a0euros\u00a0; deux soirs\u00a0: 75\u00a0euros. La programmation n\u2019a pas encore \u00e9t\u00e9 d\u00e9voil\u00e9e mais la billetterie est d\u00e9j\u00e0 disponible.<\/p>\n","protected":false},"excerpt":{"rendered":"La derni\u00e8re \u00e9dition avait eu lieu en juin\u00a02023. Apr\u00e8s trois ans d\u2019absence, il est enfin de retour\u00a0! Le&hellip;\n","protected":false},"author":2,"featured_media":400461,"comment_status":"","ping_status":"","sticky":false,"template":"","format":"standard","meta":{"footnotes":""},"categories":[9566],"tags":[1111,11,2430,1687,112,1777,674,1011,27,2731,2732,108,12,25,3140],"class_list":{"0":"post-400460","1":"post","2":"type-post","3":"status-publish","4":"format-standard","5":"has-post-thumbnail","7":"category-grenoble","8":"tag-actu","9":"tag-actualites","10":"tag-auvergne-rhone-alpes","11":"tag-culture-loisirs","12":"tag-edition-grenoble-agglomeration","13":"tag-eu","14":"tag-europe","15":"tag-fr","16":"tag-france","17":"tag-grenoble","18":"tag-grenoble-bassin","19":"tag-isere","20":"tag-news","21":"tag-republique-francaise","22":"tag-spectacle"},"share_on_mastodon":{"url":"https:\/\/pubeurope.com\/@fr\/115226522669896018","error":""},"_links":{"self":[{"href":"https:\/\/www.europesays.com\/fr\/wp-json\/wp\/v2\/posts\/400460","targetHints":{"allow":["GET"]}}],"collection":[{"href":"https:\/\/www.europesays.com\/fr\/wp-json\/wp\/v2\/posts"}],"about":[{"href":"https:\/\/www.europesays.com\/fr\/wp-json\/wp\/v2\/types\/post"}],"author":[{"embeddable":true,"href":"https:\/\/www.europesays.com\/fr\/wp-json\/wp\/v2\/users\/2"}],"replies":[{"embeddable":true,"href":"https:\/\/www.europesays.com\/fr\/wp-json\/wp\/v2\/comments?post=400460"}],"version-history":[{"count":0,"href":"https:\/\/www.europesays.com\/fr\/wp-json\/wp\/v2\/posts\/400460\/revisions"}],"wp:featuredmedia":[{"embeddable":true,"href":"https:\/\/www.europesays.com\/fr\/wp-json\/wp\/v2\/media\/400461"}],"wp:attachment":[{"href":"https:\/\/www.europesays.com\/fr\/wp-json\/wp\/v2\/media?parent=400460"}],"wp:term":[{"taxonomy":"category","embeddable":true,"href":"https:\/\/www.europesays.com\/fr\/wp-json\/wp\/v2\/categories?post=400460"},{"taxonomy":"post_tag","embeddable":true,"href":"https:\/\/www.europesays.com\/fr\/wp-json\/wp\/v2\/tags?post=400460"}],"curies":[{"name":"wp","href":"https:\/\/api.w.org\/{rel}","templated":true}]}}