{"id":400464,"date":"2025-09-18T17:40:22","date_gmt":"2025-09-18T17:40:22","guid":{"rendered":"https:\/\/www.europesays.com\/fr\/400464\/"},"modified":"2025-09-18T17:40:22","modified_gmt":"2025-09-18T17:40:22","slug":"jean-pierre-sdf-a-rennes-imperturbable-lors-de-la-manifestation-du-18-septembre","status":"publish","type":"post","link":"https:\/\/www.europesays.com\/fr\/400464\/","title":{"rendered":"Jean-Pierre, SDF \u00e0 Rennes, imperturbable lors de la manifestation du 18 septembre"},"content":{"rendered":"<p>            Par<br \/>\n        <strong><br \/>\n            <a href=\"https:\/\/actu.fr\/auteur\/laurene-fertin\" title=\"Consulter tous les articles de Laur\u00e8ne Fertin\" target=\"_blank\" rel=\"noopener\">Laur\u00e8ne Fertin<\/a><br \/>\n        <\/strong><\/p>\n<p>        Publi\u00e9 le<\/p>\n<p>            18 sept. 2025 \u00e0 19h08        <\/p>\n<p>21\u00a0personnes interpell\u00e9es, trois personnes en gardes \u00e0 vue\u2009: <a href=\"https:\/\/actu.fr\/bretagne\/rennes_35238\/direct-greve-du-jeudi-18-septembre-a-rennes-5-000-personnes-dans-les-rues-de-rennes-avant-le-top-depart_63178711.html\" target=\"_blank\" rel=\"noopener\">la mobilisation a \u00e9t\u00e9 mouvement\u00e9e, ce jeudi 18\u00a0septembre 2025, dans les rues de Rennes<\/a>. Entre <strong>11\u2009500 et 20\u2009000\u00a0personnes<\/strong> ont d\u00e9fil\u00e9 dans les rues, selon les chiffres avanc\u00e9s, respectivement, par la pr\u00e9fecture de Bretagne et les syndicats\u2026 sous les yeux de <strong><a href=\"https:\/\/actu.fr\/bretagne\/rennes_35238\/rennes-de-la-rue-au-cinema-jean-pierre-sdf-raconte-son-quotidien-sur-grand-ecran_62136282.html\" target=\"_blank\" rel=\"noopener\">Jean-Pierre, SDF<\/a><\/strong>, <strong>imperturbable<\/strong>, habitu\u00e9 des manif\u2019.<\/p>\n<p>\u00ab\u2009Pas mon truc d\u2019aller manifester\u2009\u00bb<\/p>\n<p class=\" wall-content\">\u00ab\u2009\u00c7a ne m\u2019inqui\u00e8te pas, je regarde le spectacle\u2009\u00bb, sourit Jean-Pierre, <strong>install\u00e9 comme d\u2019habitude<\/strong> \u00e0 l\u2019angle de la rue d\u2019Orl\u00e9ans et du quai Lamartine, avec sa chienne Nougatine.<\/p>\n<blockquote class=\"ac-article-quote wall-content\">\n<p>Moi, c&rsquo;est pas mon truc d&rsquo;aller manifester mais je comprends les mouvements (&#8230;).\u00a0 \u00c7a fait un moment qu&rsquo;on est dans une situation o\u00f9 \u00e9norm\u00e9ment de personnes travaillent et pourtant, elles ont du mal \u00e0 joindre les deux bouts.<\/p>\n<p>    <strong>Jean-Pierre<\/strong><br \/>\n        SDF \u00e0 Rennes    <\/p><\/blockquote>\n<p class=\" wall-content\">Jean-Pierre <strong>fustige le gouvernement<\/strong> qui ne r\u00e9pond pas aux pr\u00e9occupations de celles et ceux qui travaillent. \u00ab\u2009Les manifestations sont aussi le reflet de la soci\u00e9t\u00e9\u2009: le pouvoir d\u2019achat baisse, on n\u2019a pas les bons ministres\u2026\u2009\u00bb<\/p>\n<blockquote class=\"ac-article-quote wall-content\">\n<p>Ces gens-l\u00e0, ces charlots, on leur paie tout et apr\u00e8s, ils disent qu&rsquo;on est endett\u00e9. Donc faut pas s&rsquo;\u00e9tonner que beaucoup de gens vont pas voter, par exemple.<\/p>\n<p>    <strong>Jean-Pierre<\/strong><br \/>\n        SDF \u00e0 Rennes    <\/p><\/blockquote>\n<p>Un paquet de bonbons<\/p>\n<p class=\" wall-content\"><strong>Niveau ambiance,<\/strong> les manifestations sont l\u2019occasion pour Jean-Pierre <strong>de papoter<\/strong> avec les manifestants\u2009: \u00ab\u2009Mercredi [10\u00a0septembre, N.D.L.R] c\u2019\u00e9tait super sympa la manifestation, y a beaucoup de jeunes qui viennent me parler et qui ont de <strong>la sympathie et une petite pi\u00e8ce<\/strong> pour moi.\u2009\u00bb<\/p>\n<p>    <img   decoding=\"async\" loading=\"lazy\" src=\"https:\/\/www.europesays.com\/fr\/wp-content\/uploads\/2025\/09\/whatsapp-image-2025-09-18-at-174431-1-960x640.jpeg\" alt=\"xxx\" width=\"960\" height=\"640\"\/><br \/>\n    Les CRS, stationn\u00e9s rue d\u2019Orl\u00e9ans, ont donn\u00e9 un paquet de bonbons \u00e0 Jean-Pierre. (\u00a9Brian Le Goff \/ actu Rennes)<\/p>\n<p>Votre r\u00e9gion, votre actu !<\/p>\n<p>Recevez chaque jour les infos qui comptent pour vous.<\/p>\n<p>\t<a href=\"https:\/\/actu.fr\/newsletter\" class=\"ac-btn ac-btn--corner ac-btn--medium ac-btn--blue800\" target=\"_blank\" rel=\"noopener\">S&rsquo;incrire<\/a><\/p>\n<p class=\" wall-content\">En fin de journ\u00e9e, ce jeudi, les camions de CRS, en quittant leur position dans la rue d\u2019Orl\u00e9ans, ont <strong>donn\u00e9 un paquet de bonbons \u00e0 Jean-Pierre<\/strong>, pour son plus grand plaisir\u2026<\/p>\n<p class=\" wall-content\">Personnalisez votre actualit\u00e9 en ajoutant vos villes et m\u00e9dias en favori avec <a href=\"https:\/\/moncompte.actu.fr\" title=\"D\u00e9couvez Mon Actu\" rel=\"nofollow noopener\" data-trk=\"{&quot;cta&quot;:{&quot;action&quot;:&quot;https:\\\/\\\/moncompte.actu.fr&quot;,&quot;category&quot;:&quot;mon compte&quot;,&quot;from&quot;:&quot;article footer&quot;,&quot;name&quot;:&quot;Mon actu&quot;,&quot;type&quot;:&quot;cta&quot;}}\" target=\"_blank\">Mon Actu<\/a>.<\/p>\n","protected":false},"excerpt":{"rendered":"Par Laur\u00e8ne Fertin Publi\u00e9 le 18 sept. 2025 \u00e0 19h08 21\u00a0personnes interpell\u00e9es, trois personnes en gardes \u00e0 vue\u2009:&hellip;\n","protected":false},"author":2,"featured_media":400465,"comment_status":"","ping_status":"","sticky":false,"template":"","format":"standard","meta":{"footnotes":""},"categories":[2821],"tags":[1111,11,829,1777,674,1011,27,52713,1272,12,584,25,104],"class_list":{"0":"post-400464","1":"post","2":"type-post","3":"status-publish","4":"format-standard","5":"has-post-thumbnail","7":"category-rennes","8":"tag-actu","9":"tag-actualites","10":"tag-bretagne","11":"tag-eu","12":"tag-europe","13":"tag-fr","14":"tag-france","15":"tag-greve-du-18-septembre","16":"tag-manifestations","17":"tag-news","18":"tag-rennes","19":"tag-republique-francaise","20":"tag-societe"},"share_on_mastodon":{"url":"https:\/\/pubeurope.com\/@fr\/115226530964229271","error":""},"_links":{"self":[{"href":"https:\/\/www.europesays.com\/fr\/wp-json\/wp\/v2\/posts\/400464","targetHints":{"allow":["GET"]}}],"collection":[{"href":"https:\/\/www.europesays.com\/fr\/wp-json\/wp\/v2\/posts"}],"about":[{"href":"https:\/\/www.europesays.com\/fr\/wp-json\/wp\/v2\/types\/post"}],"author":[{"embeddable":true,"href":"https:\/\/www.europesays.com\/fr\/wp-json\/wp\/v2\/users\/2"}],"replies":[{"embeddable":true,"href":"https:\/\/www.europesays.com\/fr\/wp-json\/wp\/v2\/comments?post=400464"}],"version-history":[{"count":0,"href":"https:\/\/www.europesays.com\/fr\/wp-json\/wp\/v2\/posts\/400464\/revisions"}],"wp:featuredmedia":[{"embeddable":true,"href":"https:\/\/www.europesays.com\/fr\/wp-json\/wp\/v2\/media\/400465"}],"wp:attachment":[{"href":"https:\/\/www.europesays.com\/fr\/wp-json\/wp\/v2\/media?parent=400464"}],"wp:term":[{"taxonomy":"category","embeddable":true,"href":"https:\/\/www.europesays.com\/fr\/wp-json\/wp\/v2\/categories?post=400464"},{"taxonomy":"post_tag","embeddable":true,"href":"https:\/\/www.europesays.com\/fr\/wp-json\/wp\/v2\/tags?post=400464"}],"curies":[{"name":"wp","href":"https:\/\/api.w.org\/{rel}","templated":true}]}}