{"id":400476,"date":"2025-09-18T17:46:40","date_gmt":"2025-09-18T17:46:40","guid":{"rendered":"https:\/\/www.europesays.com\/fr\/400476\/"},"modified":"2025-09-18T17:46:40","modified_gmt":"2025-09-18T17:46:40","slug":"une-septuagenaire-chute-de-deux-metres-en-marchant-sur-une-grille-daeration-a-nantes","status":"publish","type":"post","link":"https:\/\/www.europesays.com\/fr\/400476\/","title":{"rendered":"Une septuag\u00e9naire chute de deux m\u00e8tres en marchant sur une grille d\u2019a\u00e9ration \u00e0 Nantes"},"content":{"rendered":"<p class=\"mb-4 text-lg md:leading-8 break-words\"><strong>accident &#8211; Les sapeurs-pompiers se sont d\u00e9plac\u00e9s pour secourir la femme de 73 ans, bless\u00e9e l\u00e9g\u00e8rement<\/strong><\/p>\n<p class=\"mb-4 text-lg md:leading-8 break-words\">Plus de peur que de mal pour cette sexag\u00e9naire. Une vingtaine de <a href=\"https:\/\/www.20minutes.fr\/societe\/4165846-20250730-incendies-certaines-casernes-appel-secours-pourquoi-manque-pompiers-volontaires?at_medium=RSS%20feed&amp;at_campaign=ynews&amp;utm_source=yahoo&amp;utm_medium=rss&amp;utm_campaign=news_feed&amp;utm_content=in_article_link\" rel=\"nofollow noopener\" target=\"_blank\" data-ylk=\"slk:sapeurs-pompiers;elm:context_link;itc:0;sec:content-canvas\" class=\"link \">sapeurs-pompiers<\/a> et l\u2019\u00e9quipe de sauvetage en milieux p\u00e9rilleux de Loire-Atlantique sont intervenus rue des plantes quartier Breil-Barberie \u00e0 <a href=\"https:\/\/www.20minutes.fr\/nantes\/?at_medium=RSS%20feed&amp;at_campaign=ynews&amp;utm_source=yahoo&amp;utm_medium=rss&amp;utm_campaign=news_feed&amp;utm_content=in_article_link\" rel=\"nofollow noopener\" target=\"_blank\" data-ylk=\"slk:Nantes;elm:context_link;itc:0;sec:content-canvas\" class=\"link \">Nantes<\/a> ce jeudi aux alentours de 12h30. Une femme \u00e2g\u00e9e de 73 ans a chut\u00e9 d\u2019un peu moins de deux m\u00e8tres en marchant sur une grille d\u2019a\u00e9ration.<\/p>\n<p class=\"mb-4 text-lg md:leading-8 break-words\">Selon les sapeurs-pompiers, <a href=\"https:\/\/www.20minutes.fr\/faits_divers\/faits-divers-nantes\/?at_medium=RSS%20feed&amp;at_campaign=ynews&amp;utm_source=yahoo&amp;utm_medium=rss&amp;utm_campaign=news_feed&amp;utm_content=in_article_link\" rel=\"nofollow noopener\" target=\"_blank\" data-ylk=\"slk:la victime a \u00e9t\u00e9 prise en charge;elm:context_link;itc:0;sec:content-canvas\" class=\"link \">la victime a \u00e9t\u00e9 prise en charge<\/a> par les \u00e9quipes et transport\u00e9e dans un \u00e9tat l\u00e9ger.<\/p>\n<p>Publicit\u00e9<\/p>\n<p>Publicit\u00e9<\/p>\n<p>Publicit\u00e9<\/p>\n<p>Publicit\u00e9<\/p>\n<p class=\"mb-4 text-lg md:leading-8 break-words\">On ignore pour le moment la cause de la chute de cette grille situ\u00e9e au milieu du trottoir.<\/p>\n<p class=\"mb-4 text-lg md:leading-8 break-words\"><a href=\"https:\/\/www.20minutes.fr\/faits_divers\/faits-divers-nantes\/4173945-20250918-septuagenaire-chute-deux-metres-marchant-grille-aeration-nantes?at_medium=RSS%20feed&amp;at_campaign=ynews&amp;utm_source=yahoo&amp;utm_medium=rss&amp;utm_campaign=news_feed&amp;utm_content=read_more_link&quot;\" rel=\"nofollow noopener\" target=\"_blank\" data-ylk=\"slk:Lire la suite sur 20minutes;elm:context_link;itc:0;sec:content-canvas\" class=\"link \">Lire la suite sur 20minutes<\/a><\/p>\n<p>\u00c0 lire aussi :<br \/><a href=\"https:\/\/www.20minutes.fr\/societe\/greve\/4173877-20250918-greve-18-septembre-lycees-universites-bloques-plusieurs-villes?at_medium=RSS%20feed&amp;at_campaign=ynews&amp;utm_source=yahoo&amp;utm_medium=rss&amp;utm_campaign=news_feed&amp;utm_content=related_content_link\" rel=\"nofollow noopener\" target=\"_blank\" data-ylk=\"slk:Gr\u00e8ve du 18 septembre : Des lyc\u00e9es et des universit\u00e9s bloqu\u00e9s dans plusieurs villes;elm:context_link;itc:0;sec:content-canvas\" class=\"link \">Gr\u00e8ve du 18 septembre : Des lyc\u00e9es et des universit\u00e9s bloqu\u00e9s dans plusieurs villes<\/a><br \/><a href=\"https:\/\/www.20minutes.fr\/politique\/4173800-20250918-mesure-symbolique-mairie-nantes-va-hisser-drapeau-palestinien-malgre-opposition-droite?at_medium=RSS%20feed&amp;at_campaign=ynews&amp;utm_source=yahoo&amp;utm_medium=rss&amp;utm_campaign=news_feed&amp;utm_content=related_content_link\" rel=\"nofollow noopener\" target=\"_blank\" data-ylk=\"slk:\u00ab Une mesure symbolique \u00bb : La mairie de Nantes va hisser le drapeau palestinien malgr\u00e9 l\u2019opposition de la droite;elm:context_link;itc:0;sec:content-canvas\" class=\"link \">\u00ab Une mesure symbolique \u00bb : La mairie de Nantes va hisser le drapeau palestinien malgr\u00e9 l\u2019opposition de la droite<\/a><\/p>\n","protected":false},"excerpt":{"rendered":"accident &#8211; Les sapeurs-pompiers se sont d\u00e9plac\u00e9s pour secourir la femme de 73 ans, bless\u00e9e l\u00e9g\u00e8rement Plus de&hellip;\n","protected":false},"author":2,"featured_media":400477,"comment_status":"","ping_status":"","sticky":false,"template":"","format":"standard","meta":{"footnotes":""},"categories":[2818],"tags":[1111,11,53180,1777,674,1011,27,53179,3047,6981,766,12,2636,25,5153],"class_list":{"0":"post-400476","1":"post","2":"type-post","3":"status-publish","4":"format-standard","5":"has-post-thumbnail","7":"category-nantes","8":"tag-actu","9":"tag-actualites","10":"tag-breil-barberie","11":"tag-eu","12":"tag-europe","13":"tag-fr","14":"tag-france","15":"tag-grille-daeration","16":"tag-loire-atlantique","17":"tag-mairie-de-nantes","18":"tag-nantes","19":"tag-news","20":"tag-pays-de-la-loire","21":"tag-republique-francaise","22":"tag-sapeurs-pompiers"},"share_on_mastodon":{"url":"https:\/\/pubeurope.com\/@fr\/115226554227987876","error":""},"_links":{"self":[{"href":"https:\/\/www.europesays.com\/fr\/wp-json\/wp\/v2\/posts\/400476","targetHints":{"allow":["GET"]}}],"collection":[{"href":"https:\/\/www.europesays.com\/fr\/wp-json\/wp\/v2\/posts"}],"about":[{"href":"https:\/\/www.europesays.com\/fr\/wp-json\/wp\/v2\/types\/post"}],"author":[{"embeddable":true,"href":"https:\/\/www.europesays.com\/fr\/wp-json\/wp\/v2\/users\/2"}],"replies":[{"embeddable":true,"href":"https:\/\/www.europesays.com\/fr\/wp-json\/wp\/v2\/comments?post=400476"}],"version-history":[{"count":0,"href":"https:\/\/www.europesays.com\/fr\/wp-json\/wp\/v2\/posts\/400476\/revisions"}],"wp:featuredmedia":[{"embeddable":true,"href":"https:\/\/www.europesays.com\/fr\/wp-json\/wp\/v2\/media\/400477"}],"wp:attachment":[{"href":"https:\/\/www.europesays.com\/fr\/wp-json\/wp\/v2\/media?parent=400476"}],"wp:term":[{"taxonomy":"category","embeddable":true,"href":"https:\/\/www.europesays.com\/fr\/wp-json\/wp\/v2\/categories?post=400476"},{"taxonomy":"post_tag","embeddable":true,"href":"https:\/\/www.europesays.com\/fr\/wp-json\/wp\/v2\/tags?post=400476"}],"curies":[{"name":"wp","href":"https:\/\/api.w.org\/{rel}","templated":true}]}}