{"id":400480,"date":"2025-09-18T17:48:20","date_gmt":"2025-09-18T17:48:20","guid":{"rendered":"https:\/\/www.europesays.com\/fr\/400480\/"},"modified":"2025-09-18T17:48:20","modified_gmt":"2025-09-18T17:48:20","slug":"les-visites-et-activites-a-ne-pas-manquer-a-bordeaux","status":"publish","type":"post","link":"https:\/\/www.europesays.com\/fr\/400480\/","title":{"rendered":"Les visites et activit\u00e9s \u00e0 ne pas manquer \u00e0 Bordeaux"},"content":{"rendered":"<p>Du 20 au 21 septembre, la 42e \u00e9dition des <a href=\"https:\/\/www.20minutes.fr\/dossier\/journees_europeennes_du_patrimoine\" class=\"c-link c-link--is-underlined\" target=\"_blank\" rel=\"noopener\">Journ\u00e9es europ\u00e9ennes du patrimoine<\/a> se d\u00e9roulera dans toute la France. Voici la s\u00e9lection de lieux embl\u00e9matiques \u00e0 visiter \u00e0 Bordeaux afin de (re) d\u00e9couvrir la ville. La r\u00e9servation pr\u00e9alable est obligatoire afin de visiter ces monuments dans les meilleures conditions.<\/p>\n<p>La Banque de France<\/p>\n<p>La succursale de la <a href=\"https:\/\/www.20minutes.fr\/dossier\/banque_de_france\" class=\"c-link c-link--is-underlined\" target=\"_blank\" rel=\"noopener\">Banque de France<\/a> \u00e0 Bordeaux se trouve au 13, rue Esprit des Lois. Visite gratuite, le 20\u00a0septembre. L\u2019\u00e9difice vaut le d\u00e9tour. Les visites durent une heure, avec des ateliers pr\u00e9vus. De 8 h 15 \u00e0 17 heures.<\/p>\n<p>L\u2019H\u00f4tel de la Marine<\/p>\n<p>Ce b\u00e2timent qui date du gouvernement de Tourny, sera ouvert \u00e0 la visite le 20\u00a0septembre de 9 h 30 \u00e0 16 heures. Il a \u00e9t\u00e9 donn\u00e9 \u00e0 la <a href=\"https:\/\/www.20minutes.fr\/dossier\/marine\" class=\"c-link c-link--is-underlined\" target=\"_blank\" rel=\"noopener\">Marine<\/a> en\u00a01763 par les Jurats de Bordeaux. Visite guid\u00e9e, inscriptions \u00e0 partir du 25\u00a0ao\u00fbt sur petronille.org<\/p>\n<p>L\u2019H\u00f4tel de Poissac<\/p>\n<p>D\u00e9couvrez les locaux du rectorat de Bordeaux. Cet h\u00f4tel particulier a \u00e9t\u00e9 b\u00e2ti en\u00a01775 sur les terrains de l\u2019archev\u00each\u00e9 pour \u00c9tienne Fran\u00e7ois Charles de Jaucen, seigneur et baron de Poissac, conseiller au Parlement de Bordeaux. Il a ensuite \u00e9t\u00e9 vendu comme bien national \u00e0 la R\u00e9volution. Visite le 20\u00a0septembre de 10 \u00e0 17 heures. Gratuit. R\u00e9servations en ligne sur le site de l\u2019acad\u00e9mie de bordeaux\u00a0: ac-bordeaux.fr<\/p>\n<p>L\u2019h\u00f4tel Exshaw<\/p>\n<p>Dans le quartier Saint-Gen\u00e8s. Au 8, rue Th\u00e9odore-Gard\u00e8re, ce ch\u00e2teau \u00e0 la campagne, construit au XIXe\u00a0si\u00e8cle pour une riche famille irlandaise, permet de d\u00e9couvrir le style victorien. Visites le 21\u00a0septembre de 9 h 30 \u00e0 midi. Gratuit. Inscription obligatoire \u00e0 partir du 1er\u00a0septembre sur musee-aquitaine-bordeaux.fr<\/p>\n<p>Les Galeries Lafayette<\/p>\n<p>D\u00e9couvrez l&rsquo;\u2019envers du d\u00e9cor des <a href=\"https:\/\/www.20minutes.fr\/dossier\/galeries_lafayette\" class=\"c-link c-link--is-underlined\" target=\"_blank\" rel=\"noopener\">Galeries Lafayette<\/a> (ex-Dames de France) tout le week-end, rue Sainte-Catherine, avec notamment l\u2019architecture de Cyprien Alfred-Duprat (1876-1933). R\u00e9servation obligatoire. Gratuit, de 10 h 30 \u00e0 18 h 30 sur billetweb.fr.<\/p>\n<p>La cit\u00e9 Carreire<\/p>\n<p>L\u2019office public de l\u2019habitat de Bordeaux M\u00e9tropole, Aquitanis, vous invite \u00e0 visiter la cit\u00e9 Carreire et ses 82 habitations. Rendez-vous entre le centre hospitalier et les vignobles des Carmes Haut-Brion. Les visites se d\u00e9roulent le 21\u00a0septembre de 10 heures \u00e0 12 h 45. Gratuit, r\u00e9servation obligatoire sur <a href=\"https:\/\/www.20minutes.fr\/cdn-cgi\/l\/email-protection\" class=\"__cf_email__\" data-cfemail=\"9ceff9eeeab2fff3f1f1e9f2f5fffde8f5f3f2dcfdede9f5e8fdf2f5efb2faee\" target=\"_blank\" rel=\"noopener\">[email\u00a0protected]<\/a>.<\/p>\n<p>Le parc Lescure<\/p>\n<p>Inscrit au titre des monuments historiques en\u00a02022, le Parc Lescure est le stde mythique des Girondins de Bordeaux des grandes heures. Vous pouvez \u00e9galement visiter le stade Chaban-Delmas, gratuitement, les 20 et 21\u00a0septembre. Une visite guid\u00e9e du parc Lescure est disponible. Gratuit, r\u00e9servation obligatoire via helloasso.com<\/p>\n","protected":false},"excerpt":{"rendered":"Du 20 au 21 septembre, la 42e \u00e9dition des Journ\u00e9es europ\u00e9ennes du patrimoine se d\u00e9roulera dans toute la&hellip;\n","protected":false},"author":2,"featured_media":400481,"comment_status":"","ping_status":"","sticky":false,"template":"","format":"standard","meta":{"footnotes":""},"categories":[2817],"tags":[1111,47,11,3177,1997,251,58,1777,674,1011,27,2905,47275,12,2219,25,104],"class_list":{"0":"post-400480","1":"post","2":"type-post","3":"status-publish","4":"format-standard","5":"has-post-thumbnail","7":"category-bordeaux","8":"tag-actu","9":"tag-actualite","10":"tag-actualites","11":"tag-aquitaine","12":"tag-bordeaux","13":"tag-culture","14":"tag-divertissement","15":"tag-eu","16":"tag-europe","17":"tag-fr","18":"tag-france","19":"tag-gironde","20":"tag-journees-europeennes-du-patrimoine","21":"tag-news","22":"tag-nouvelle-aquitaine","23":"tag-republique-francaise","24":"tag-societe"},"share_on_mastodon":{"url":"https:\/\/pubeurope.com\/@fr\/115226562127442248","error":""},"_links":{"self":[{"href":"https:\/\/www.europesays.com\/fr\/wp-json\/wp\/v2\/posts\/400480","targetHints":{"allow":["GET"]}}],"collection":[{"href":"https:\/\/www.europesays.com\/fr\/wp-json\/wp\/v2\/posts"}],"about":[{"href":"https:\/\/www.europesays.com\/fr\/wp-json\/wp\/v2\/types\/post"}],"author":[{"embeddable":true,"href":"https:\/\/www.europesays.com\/fr\/wp-json\/wp\/v2\/users\/2"}],"replies":[{"embeddable":true,"href":"https:\/\/www.europesays.com\/fr\/wp-json\/wp\/v2\/comments?post=400480"}],"version-history":[{"count":0,"href":"https:\/\/www.europesays.com\/fr\/wp-json\/wp\/v2\/posts\/400480\/revisions"}],"wp:featuredmedia":[{"embeddable":true,"href":"https:\/\/www.europesays.com\/fr\/wp-json\/wp\/v2\/media\/400481"}],"wp:attachment":[{"href":"https:\/\/www.europesays.com\/fr\/wp-json\/wp\/v2\/media?parent=400480"}],"wp:term":[{"taxonomy":"category","embeddable":true,"href":"https:\/\/www.europesays.com\/fr\/wp-json\/wp\/v2\/categories?post=400480"},{"taxonomy":"post_tag","embeddable":true,"href":"https:\/\/www.europesays.com\/fr\/wp-json\/wp\/v2\/tags?post=400480"}],"curies":[{"name":"wp","href":"https:\/\/api.w.org\/{rel}","templated":true}]}}