{"id":400500,"date":"2025-09-18T17:59:16","date_gmt":"2025-09-18T17:59:16","guid":{"rendered":"https:\/\/www.europesays.com\/fr\/400500\/"},"modified":"2025-09-18T17:59:16","modified_gmt":"2025-09-18T17:59:16","slug":"la-jeunesse-rejoint-la-contestation-a-paris","status":"publish","type":"post","link":"https:\/\/www.europesays.com\/fr\/400500\/","title":{"rendered":"la jeunesse rejoint la contestation \u00e0 Paris"},"content":{"rendered":"<p class=\"mb-4 text-lg md:leading-8 break-words\">Les lyc\u00e9ens et \u00e9tudiants sont venus gonfler les rangs des syndicats de travailleurs, jeudi, lors de la manifestation parisienne contre des mesures budg\u00e9taires jug\u00e9es \u00ab\u00a0brutales\u00a0\u00bb par les organisations syndicales. Reportage.<\/p>\n<p class=\"mb-4 text-lg md:leading-8 break-words\">Brandissant une grande pancarte \u00ab\u00a0Macron, pr\u00e9sident des (t)riches\u00a0\u00bb, Stella, 14 ans, lyc\u00e9enne de seconde dans le Val-de-Marne, <a href=\"https:\/\/fr.news.yahoo.com\/direct-journ%C3%A9e-noire-attendue-france-031110540.html\" data-ylk=\"slk:rejoint le cort\u00e8ge en marche vers R\u00e9publique;elm:context_link;itc:0;sec:content-canvas;outcm:mb_qualified_link;_E:mb_qualified_link;ct:story;\" class=\"link  yahoo-link\" target=\"_blank\" rel=\"noopener\">rejoint le cort\u00e8ge en marche vers R\u00e9publique<\/a> avec un groupe d&rsquo;une quarantaine de lyc\u00e9ens avan\u00e7ant d&rsquo;un pas \u00e9nergique pour d\u00e9passer les syndicats et gagner la t\u00eate de la manifestation.<\/p>\n<p class=\"mb-4 text-lg md:leading-8 break-words\">\u00ab\u00a0Ce matin on a quasiment r\u00e9ussi \u00e0 bloquer notre \u00e9tablissement\u00a0\u00bb, se r\u00e9jouit-elle tout en h\u00e2tant le pas. L&rsquo;adolescente dit ne pas se reconnaitre dans les <a href=\"https:\/\/fr.news.yahoo.com\/budget-s%C3%A9bastien-lecornu-annonce-quil-161120341.html\" data-ylk=\"slk:d\u00e9cisions prises par le gouvernement;elm:context_link;itc:0;sec:content-canvas;outcm:mb_qualified_link;_E:mb_qualified_link;ct:story;\" class=\"link  yahoo-link\" target=\"_blank\" rel=\"noopener\">d\u00e9cisions prises par le gouvernement<\/a>. \u00ab\u00a0Il faut taxer les plus riches et mettre fin aux paradis fiscaux. Ce ne sont pas aux plus pr\u00e9caires de payer\u00a0\u00bb, revendique-t-elle.<\/p>\n<p class=\"mb-4 text-lg md:leading-8 break-words\">\u00c0 ses c\u00f4t\u00e9s, sa camarade de classe, Anna, 15 ans, partage le m\u00eame constat. Elle tient une\u00a0pancarte \u00ab\u00a0\u00c9coutez la jeunesse\u00a0\u00bb\u00a0: \u00ab\u00a0On est venu nombreux pour se faire entendre, et parce que Macron ne nous \u00e9coute pas\u00a0\u00bb. Une troisi\u00e8me amie pr\u00e9f\u00e8re, elle, se cacher pour ne pas \u00eatre prise en photo\u00a0: \u00ab\u00a0Si ma m\u00e8re sait que je suis all\u00e9e manifester je vais avoir des probl\u00e8mes. Elle a peur \u00e0 cause des casseurs\u00a0\u00bb.<\/p>\n<p class=\"mb-4 text-lg md:leading-8 break-words\">Le ministre de l&rsquo;Int\u00e9rieur, <a class=\"link \" href=\"https:\/\/www.france24.com\/fr\/tag\/bruno-retailleau\/\" rel=\"nofollow noopener\" target=\"_blank\" data-ylk=\"slk:Bruno Retailleau;elm:context_link;itc:0;sec:content-canvas\">Bruno Retailleau<\/a> avait appel\u00e9 la veille\u00a0<a href=\"https:\/\/www.bfmtv.com\/politique\/gouvernement\/video-greves-manifestations-immigration-l-interview-de-bruno-retailleau-en-integralite_VN-202509170334.html\" rel=\"nofollow noopener\" target=\"_blank\" data-ylk=\"slk:sur BFMTV;elm:context_link;itc:0;sec:content-canvas\" class=\"link \">sur BFMTV<\/a>\u00a0les parents \u00e0 retenir leurs adolescents, invectivant les jeunes \u00e0 ne pas s&rsquo;habiller en noir, comme des \u00ab\u00a0<a class=\"link \" href=\"https:\/\/www.france24.com\/fr\/tag\/black-blocs\/\" rel=\"nofollow noopener\" target=\"_blank\" data-ylk=\"slk:Black blocs;elm:context_link;itc:0;sec:content-canvas\">Black blocs<\/a>\u00ab\u00a0.<\/p>\n<p class=\"mb-4 text-lg md:leading-8 break-words\">\u00c0 lire aussi<a class=\"link  yahoo-link\" href=\"https:\/\/fr.news.yahoo.com\/direct-journ%C3%A9e-noire-attendue-france-031110540.html\" data-ylk=\"slk:Revivez\u00a0la journ\u00e9e de manifestations du 18 septembre en France;elm:context_link;itc:0;sec:content-canvas;outcm:mb_qualified_link;_E:mb_qualified_link;ct:story;\" target=\"_blank\" rel=\"noopener\">Revivez\u00a0la journ\u00e9e de manifestations du 18 septembre en France<\/a><\/p>\n<p class=\"mb-4 text-lg md:leading-8 break-words\">Consignes peu suivies par la jeunesse pr\u00e9sente aujourd&rsquo;hui\u2026 Un peu plus loin, un autre groupe\u00a0de\u00a0d&rsquo;adolescentes portent du noir des pieds \u00e0 la t\u00eate. \u00ab\u00a0On a bloqu\u00e9 le lyc\u00e9e Turgot (Paris) ce matin en bloquant les portes avec des poubelles \u00e0 6\u00a0h\u00a030. On a choisi des tenues identiques car, si on est tous habill\u00e9s pareil, la police ou la direction du lyc\u00e9e ne nous reconnaitront pas\u00a0\u00bb, explique Mathilde, 16 ans en classe de Premi\u00e8re. Sur une boucle Whatsapp, les lyc\u00e9ennes \u2013 qui ne sont pas syndiqu\u00e9es \u2013 s&rsquo;informent des autres blocages\u00a0: H\u00e9l\u00e8ne Boucher, Racine, Ravel, Chaptal\u2026<\/p>\n<p>D\u00e9termination renforc\u00e9e<\/p>\n<p class=\"mb-4 text-lg md:leading-8 break-words\">\u00ab\u00a0La semaine derni\u00e8re, on a bloqu\u00e9 le lyc\u00e9e Sophie Germain et la police nous a gaz\u00e9s \u00e0 bout portant\u00a0\u00bb, raconte Nina, 15 ans, la seule du groupe \u00e0 porter de la couleur avec son T-shirt \u00ab\u00a0Barbie\u00a0\u00bb.<\/p>\n<p class=\"mb-4 text-lg md:leading-8 break-words\">\u00ab\u00a0J&rsquo;\u00e9tais dans les premi\u00e8res lignes, \u00e0 30 centim\u00e8tres des policiers, je n&rsquo;arrivais plus \u00e0 respirer ni \u00e0 parler, je ne pouvais plus ouvrir les yeux, mon visage me br\u00fblait, j&rsquo;ai fait une\u00a0crise d&rsquo;asthme. Deux policiers sont venus me voir pour demander si \u00e7a allait et m&rsquo;ont conseill\u00e9 de me rincer les yeux dans une fontaine \u00e0 proximit\u00e9. Je leur ai dit \u2018Ce sont vos coll\u00e8gues qui viennent de me gazer. Aimeriez-vous que l&rsquo;on fasse \u00e7a \u00e0 vos enfants\u00a0?'\u00a0\u00bb. <\/p>\n<p class=\"mb-4 text-lg md:leading-8 break-words\">Une exp\u00e9rience qui a renforc\u00e9 leur d\u00e9termination. Pour Nina et ses amies, pas question de manquer le rendez-vous d&rsquo;aujourd&rsquo;hui : elles estiment qu&rsquo;il faut manifester car les coupes budg\u00e9taires \u00ab\u00a0affectent l&rsquo;\u00e9cole\u00a0\u00bb et elles s&rsquo;inqui\u00e8tent pour leur avenir, \u00e0 cause de la difficult\u00e9 de s&rsquo;inscrire dans les fili\u00e8res universitaires avec le syst\u00e8me Parcoursup.<\/p>\n<p class=\"mb-4 text-lg md:leading-8 break-words\">Dans leur sac \u00e0 dos cette fois, elles ont pr\u00e9vu des lunettes de piscine, un masque et du s\u00e9rum physiologique au cas o\u00f9 des gazs lacrymog\u00e8nes seraient lanc\u00e9s sur les manifestants.<\/p>\n<p class=\"mb-4 text-lg md:leading-8 break-words\">Nina, elle, se dit aussi tr\u00e8s d\u00e9\u00e7ue par le choix du nouveau Premier ministre, <a class=\"link \" href=\"https:\/\/www.france24.com\/fr\/tag\/s\u00e9bastien-lecornu\/\" rel=\"nofollow noopener\" target=\"_blank\" data-ylk=\"slk:S\u00e9bastien Lecornu;elm:context_link;itc:0;sec:content-canvas\">S\u00e9bastien Lecornu<\/a>, qu&rsquo;elle qualifie \u00ab\u00a0d&rsquo;homophobe\u00a0\u00bb. Nomm\u00e9 mardi 9 septembre, le nouveau chef de l&rsquo;ex\u00e9cutif s&rsquo;est retrouv\u00e9\u00a0<a href=\"https:\/\/www.liberation.fr\/politique\/sebastien-lecornu-ou-le-sparadrap-du-mariage-pour-tous-20250910_IX6VS4ELKRHTTOEUH33SH23WNY\/\" rel=\"nofollow noopener\" target=\"_blank\" data-ylk=\"slk:rattrap\u00e9 par d&#039;anciennes d\u00e9clarations contre le mariage entre personnes de m\u00eame\u00a0sexe, la GPA et la PMA;elm:context_link;itc:0;sec:content-canvas\" class=\"link \">rattrap\u00e9 par d&rsquo;anciennes d\u00e9clarations contre le mariage entre personnes de m\u00eame\u00a0sexe, la GPA et la PMA<\/a>. Il a toutefois affirm\u00e9 avoir \u00ab\u00a0beaucoup \u00e9volu\u00e9\u00a0\u00bb sur certaines de ces sujets soci\u00e9taux.<\/p>\n<p>\u00ab\u00a0\u00c7a fait du bien de vous voir l\u00e0\u00a0!\u00a0\u00bb<\/p>\n<p class=\"mb-4 text-lg md:leading-8 break-words\">\u00c0 proximit\u00e9 d&rsquo;un autre rassemblement de lyc\u00e9ens, une enseignante \u00e0 la retraite s&rsquo;arr\u00eate. Elle f\u00e9licite les jeunes\u00a0: \u00ab\u00a0\u00c7a fait du bien de vous voir l\u00e0\u00a0!\u00a0\u00bb. Christiane, la soixantaine, est \u00e9mue. \u00ab\u00a0Il y a des jeunes lyc\u00e9ens, des \u00e9tudiants, des jeunes travailleurs&#8230; Ces derni\u00e8res ann\u00e9es j&rsquo;ai vu peu de jeunes dans les mobilisations. L&rsquo;avenir c&rsquo;est eux. Les voir ici \u00e7a me redonne de l&rsquo;espoir et ces derniers temps, on avait perdu l&rsquo;espoir\u00a0\u00bb.<\/p>\n<p class=\"mb-4 text-lg md:leading-8 break-words\">Ce que cette ancienne militante d&rsquo;extr\u00eame gauche esp\u00e8re, c&rsquo;est d&rsquo;abord un changement de gouvernement, mais aussi un r\u00e9veil de la jeunesse contre le <a class=\"link \" href=\"https:\/\/www.france24.com\/fr\/tag\/rassemblement-national\/\" rel=\"nofollow noopener\" target=\"_blank\" data-ylk=\"slk:Rassemblement national;elm:context_link;itc:0;sec:content-canvas\">Rassemblement national<\/a> qu&rsquo;elle redoute de voir gagner les prochaines \u00e9lections en France.<\/p>\n<p class=\"mb-4 text-lg md:leading-8 break-words\">\u00ab\u00a0Il va y avoir un combat \u00e0 mener. Il faut s&rsquo;y pr\u00e9parer\u00a0\u00bb, avertit-elle.<\/p>\n<p class=\"mb-4 text-lg md:leading-8 break-words\">Dans le cort\u00e8ge, de plus en plus dense, des \u00e9tudiants de l&rsquo;Unef ont confectionn\u00e9 une banderole en drap sur laquelle est inscrit\u00a0: \u00ab\u00a0\u00c9tudier est un droit, pas un privil\u00e8ge\u00a0\u00bb. Sam, 22 ans, suit des cours en anthropologie en Licence 3 \u00e0 Nanterre. Elle se r\u00e9jouit de voir c\u00f4te \u00e0 c\u00f4te \u00e9tudiants et travailleurs.<\/p>\n<p class=\"mb-4 text-lg md:leading-8 break-words\">\u00ab\u00a0Il y a une convergence des luttes\u00a0\u00bb, affirme-t-elle.<\/p>\n<p class=\"mb-4 text-lg md:leading-8 break-words\">\u00c0 lire aussi<a class=\"link  yahoo-link\" href=\"https:\/\/fr.news.yahoo.com\/bloquons-%C3%A9tudiants-misent-convergence-luttes-185209176.html\" data-ylk=\"slk:&quot;Bloquons tout&quot;\u00a0: les \u00e9tudiants misent sur la convergence des luttes pour &quot;frapper fort&quot;;elm:context_link;itc:0;sec:content-canvas;outcm:mb_qualified_link;_E:mb_qualified_link;ct:story;\" target=\"_blank\" rel=\"noopener\">\u00ab\u00a0Bloquons tout\u00a0\u00bb\u00a0: les \u00e9tudiants misent sur la convergence des luttes pour \u00ab\u00a0frapper fort\u00a0\u00bb<\/a><\/p>\n<p class=\"mb-4 text-lg md:leading-8 break-words\">L&rsquo;\u00e9tudiante d\u00e9plore les effets des restrictions budg\u00e9taires sur les services administratifs de l&rsquo;\u00c9tat, comme le Crous (Centre r\u00e9gional des \u0153uvres universitaires et scolaires). \u00ab\u00a0Ils mettent beaucoup de temps \u00e0 r\u00e9pondre aux mails,\u00a0<a href=\"https:\/\/www.liberation.fr\/societe\/logement\/quand-on-appelle-le-crous-ca-ne-repond-meme-pas-en-quete-dun-logement-a-paris-des-etudiants-souvent-livres-a-eux-memes-20250914_EV4WYP5BGJBW3MA75OF2BVT2VE\/\" rel=\"nofollow noopener\" target=\"_blank\" data-ylk=\"slk:certains \u00e9tudiants ne touchent pas leurs bourses \u00e0 temps;elm:context_link;itc:0;sec:content-canvas\" class=\"link \">certains \u00e9tudiants ne touchent pas leurs bourses \u00e0 temps<\/a>\u00ab\u00a0, regrette-t-elle.<\/p>\n<p class=\"mb-4 text-lg md:leading-8 break-words\">Sam constate aussi une pr\u00e9carit\u00e9 grandissante sur les campus : \u00ab\u00a0Il y a de plus en plus de monde aux soupes populaires \u00e9tudiantes, et la file d&rsquo;attente s&rsquo;allonge pour les repas \u00e0 1 euro du Crous.\u00a0\u00bb<\/p>\n<p>Slogans visant les ultra-riches<\/p>\n<p class=\"mb-4 text-lg md:leading-8 break-words\">Dans le cort\u00e8ge parisien, les slogans visant les ultra-riches se multiplient. Autour du cou, un manifestant arbore une pancarte \u00ab\u00a0Les milliardaires nous font les poches\u00a0\u00bb.<\/p>\n<p class=\"mb-4 text-lg md:leading-8 break-words\">\u00ab\u00a0Aller Bernard [Arnault], on va y arriver\u00a0!\u00a0\u00bb, \u00ab\u00a0Taxons les riches\u00a0\u00bb\u2026 derri\u00e8re les \u00e9tudiants, la sono des camions syndicaux se m\u00eale aux refrains de \u00ab\u00a0Bella Ciao\u00a0\u00bb. Grim\u00e9s avec des masques \u00e0 l&rsquo;effigie du milliardaire fran\u00e7ais <a class=\"link \" href=\"https:\/\/www.france24.com\/fr\/tag\/bernard-arnault\/\" rel=\"nofollow noopener\" target=\"_blank\" data-ylk=\"slk:Bernard Arnault;elm:context_link;itc:0;sec:content-canvas\">Bernard Arnault<\/a>, patron de LVMH, des militants d&rsquo;ATTAC entament une \u00ab\u00a0gymnastique fiscale\u00a0\u00bb pour \u00ab\u00a0encourager les ultra-riches \u00e0 faire des efforts\u00a0\u00bb.<\/p>\n<p class=\"mb-4 text-lg md:leading-8 break-words\">\u00a0<\/p>\n<p class=\"mb-4 text-lg md:leading-8 break-words\">Crois\u00e9 dans le cort\u00e8ge, un homme a customis\u00e9 son v\u00e9lo avec une remorque portant un carton peint d&rsquo;un message choc : \u00ab\u00a02 159 enfants ont dormi dans la rue dont 503 de moins de trois ans au 1er septembre 2025\u00a0\u00bb.<\/p>\n<p class=\"mb-4 text-lg md:leading-8 break-words\">Des familles et des enfants sont pr\u00e9sents dans la foule. L&rsquo;odeur de merguez flotte dans l&rsquo;air, et le soleil aidant, la manifestation a pris des allures de 1er\u00a0mai.<\/p>\n<p class=\"mb-4 text-lg md:leading-8 break-words\">Nathalie est venue avec sa fille Z\u00e9lie, 9 ans. \u00ab\u00a0Je trouve que c&rsquo;est important qu&rsquo;elle voit ce que c&rsquo;est quand on n&rsquo;est pas heureux, pas content et qu&rsquo;on veut l&rsquo;exprimer\u00a0\u00bb.<\/p>\n<p class=\"mb-4 text-lg md:leading-8 break-words\">\u00a0<\/p>\n<p class=\"mb-4 text-lg md:leading-8 break-words\">Enseignante depuis plus de vingt ans dans le primaire, elle exprime son \u00ab\u00a0ras-le-bol\u00a0\u00bb. Elle pointe plus particuli\u00e8rement \u00ab\u00a0le non remplacement des professeurs qui partent \u00e0 la retraite, des classes de plus en plus charg\u00e9es, de l&rsquo;inclusion sans aide et sans les moyens qui vont avec. Les enfants sont les premiers \u00e0 en souffrir\u00a0\u00bb. \u00ab\u00a0Je n&rsquo;ai pas envie que ma fille ait \u00e0 vivre comme cela\u00a0\u00bb, ajoute-elle.<\/p>\n<p class=\"mb-4 text-lg md:leading-8 break-words\">\u00c0 lire aussi<a class=\"link  yahoo-link\" href=\"https:\/\/fr.news.yahoo.com\/%C3%A0-saint-denis-blocages-s%C3%A9rie-151627109.html\" data-ylk=\"slk:\u00c0 Saint-Denis, des blocages en s\u00e9rie face \u00e0 &quot;un gouvernement qui n&#039;entend rien d&#039;autre&quot;;elm:context_link;itc:0;sec:content-canvas;outcm:mb_qualified_link;_E:mb_qualified_link;ct:story;\" target=\"_blank\" rel=\"noopener\">\u00c0 Saint-Denis, des blocages en s\u00e9rie face \u00e0 \u00ab\u00a0un gouvernement qui n&rsquo;entend rien d&rsquo;autre\u00a0\u00bb<\/a><\/p>\n<p class=\"mb-4 text-lg md:leading-8 break-words\">Enseignants, \u00e9ducateurs, personnels des h\u00f4pitaux, de nombreux corps de m\u00e9tiers de la fonction publique et des services sont pr\u00e9sents. Sans oublier les policiers. Crois\u00e9 un peu plus loin dans la foule, Gregory Jouron, secr\u00e9taire g\u00e9n\u00e9ral de Unit\u00e9s Police explique que les agents de police, subissent eux aussi les baisses budg\u00e9taires\u00a0: \u00ab\u00a0Les plans de renouvellement de nos v\u00e9hicules d&rsquo;intervention ont \u00e9t\u00e9 gel\u00e9s. Certaines voitures ont 200 000 km au compteur.<\/p>\n<p class=\"mb-4 text-lg md:leading-8 break-words\">R\u00e9sultat\u00a0: \u00e0 Aulnay-sous-Bois\/Sevran il y a quelques jours, une voiture sur deux \u00e9tait en panne. Du coup, il ne faut pas s&rsquo;\u00e9tonner si nous ne pouvons pas nous rendre assez vite sur les lieux en cas d&rsquo;appel secours\u00a0\u00bb.<\/p>\n","protected":false},"excerpt":{"rendered":"Les lyc\u00e9ens et \u00e9tudiants sont venus gonfler les rangs des syndicats de travailleurs, jeudi, lors de la manifestation&hellip;\n","protected":false},"author":2,"featured_media":400501,"comment_status":"","ping_status":"","sticky":false,"template":"","format":"standard","meta":{"footnotes":""},"categories":[1888],"tags":[1111,1928,11,1927,6379,1777,674,1011,27,203,53181,12,1926,626,1925,25],"class_list":{"0":"post-400500","1":"post","2":"type-post","3":"status-publish","4":"format-standard","5":"has-post-thumbnail","7":"category-paris","8":"tag-actu","9":"tag-actu-paris","10":"tag-actualites","11":"tag-actualites-paris","12":"tag-etudiants","13":"tag-eu","14":"tag-europe","15":"tag-fr","16":"tag-france","17":"tag-la-tete","18":"tag-manifestation-parisienne","19":"tag-news","20":"tag-news-paris","21":"tag-paris","22":"tag-paris-news","23":"tag-republique-francaise"},"share_on_mastodon":{"url":"https:\/\/pubeurope.com\/@fr\/115226605437515483","error":""},"_links":{"self":[{"href":"https:\/\/www.europesays.com\/fr\/wp-json\/wp\/v2\/posts\/400500","targetHints":{"allow":["GET"]}}],"collection":[{"href":"https:\/\/www.europesays.com\/fr\/wp-json\/wp\/v2\/posts"}],"about":[{"href":"https:\/\/www.europesays.com\/fr\/wp-json\/wp\/v2\/types\/post"}],"author":[{"embeddable":true,"href":"https:\/\/www.europesays.com\/fr\/wp-json\/wp\/v2\/users\/2"}],"replies":[{"embeddable":true,"href":"https:\/\/www.europesays.com\/fr\/wp-json\/wp\/v2\/comments?post=400500"}],"version-history":[{"count":0,"href":"https:\/\/www.europesays.com\/fr\/wp-json\/wp\/v2\/posts\/400500\/revisions"}],"wp:featuredmedia":[{"embeddable":true,"href":"https:\/\/www.europesays.com\/fr\/wp-json\/wp\/v2\/media\/400501"}],"wp:attachment":[{"href":"https:\/\/www.europesays.com\/fr\/wp-json\/wp\/v2\/media?parent=400500"}],"wp:term":[{"taxonomy":"category","embeddable":true,"href":"https:\/\/www.europesays.com\/fr\/wp-json\/wp\/v2\/categories?post=400500"},{"taxonomy":"post_tag","embeddable":true,"href":"https:\/\/www.europesays.com\/fr\/wp-json\/wp\/v2\/tags?post=400500"}],"curies":[{"name":"wp","href":"https:\/\/api.w.org\/{rel}","templated":true}]}}