{"id":400510,"date":"2025-09-18T18:04:11","date_gmt":"2025-09-18T18:04:11","guid":{"rendered":"https:\/\/www.europesays.com\/fr\/400510\/"},"modified":"2025-09-18T18:04:11","modified_gmt":"2025-09-18T18:04:11","slug":"trump-lache-par-poutine-zelensky-se-rejouit-dune-contre-offensive-reussie","status":"publish","type":"post","link":"https:\/\/www.europesays.com\/fr\/400510\/","title":{"rendered":"Trump l\u00e2ch\u00e9 par Poutine, Zelensky se r\u00e9jouit d\u2019une contre-offensive r\u00e9ussie"},"content":{"rendered":"<p>Vous avez rat\u00e9 les derniers \u00e9v\u00e9nements sur la <a href=\"https:\/\/www.20minutes.fr\/monde\/ukraine\/\" class=\"c-link c-link--is-underlined\" target=\"_blank\" rel=\"noopener\">guerre en Ukraine<\/a>\u00a0? 20 Minutes fait le point pour vous tous les soirs. Voici l\u2019essentiel de ce jeudi 18\u00a0septembre, 1.303e jour du conflit.<\/p>\n<p>Le fait du jour<\/p>\n<p>La d\u00e9ception n\u2019est plus du tout dissimul\u00e9e. Apr\u00e8s avoir fanfaronn\u00e9 pendant des mois au sujet de son entente avec <a href=\"https:\/\/www.20minutes.fr\/monde\/vladimir_poutine\/\" class=\"c-link c-link--is-underlined\" target=\"_blank\" rel=\"noopener\">Vladimir Poutine,<\/a> <a href=\"https:\/\/www.20minutes.fr\/dossier\/donald_trump\" class=\"c-link c-link--is-underlined\" target=\"_blank\" rel=\"noopener\">Donald Trump<\/a> a finalement estim\u00e9 jeudi que le pr\u00e9sident russe, qui poursuit sa guerre en Ukraine malgr\u00e9 les efforts du pr\u00e9sident am\u00e9ricain pour tenter de mettre fin au conflit, l\u2019avait \u00ab\u00a0vraiment laiss\u00e9 tomber\u00a0\u00bb.<\/p>\n<p>Le conflit \u00ab\u00a0que je pensais \u00eatre le plus facile \u00e0 r\u00e9soudre \u00e9tait\u00a0\u00bb la guerre en Ukraine, \u00ab\u00a0en raison de mes relations avec le pr\u00e9sident Poutine, mais il m\u2019a laiss\u00e9 tomber. Il m\u2019a vraiment laiss\u00e9 tomber\u00a0\u00bb, a d\u00e9plor\u00e9 Donald Trump lors d\u2019une conf\u00e9rence de presse avec le Premier ministre britannique <a href=\"https:\/\/www.20minutes.fr\/monde\/keir-starmer\/\" class=\"c-link c-link--is-underlined\" target=\"_blank\" rel=\"noopener\">Keir Starmer<\/a>.<\/p>\n<p>Nous devons \u00ab\u00a0accentuer la pression\u00a0\u00bb sur Vladimir Poutine, a insist\u00e9, de son c\u00f4t\u00e9, Keir Starmer, qui se positionne depuis des mois comme un interm\u00e9diaire entre Donald Trump et les Europ\u00e9ens sur ce sujet. \u00ab\u00a0Ce n\u2019est que lorsque le pr\u00e9sident (Trump) a exerc\u00e9 une pression sur Poutine que celui-ci a r\u00e9ellement montr\u00e9 une certaine volont\u00e9 d\u2019agir\u00a0\u00bb, a affirm\u00e9 le dirigeant britannique.<\/p>\n<p>La d\u00e9claration du jour<\/p>\n<blockquote class=\"mx-m@xs mx-xxl@md color-ultramarine c-citation\">\n<p class=\"font-weight-regular@xs text-italic font-source-serif-pro text-l@xs c-citation__content\">\u00ab\u00a0Pas \u00e0 pas, les soldats lib\u00e8rent notre territoire\u00a0\u00bb<\/p>\n<\/blockquote>\n<p>En visite sur le front ce jeudi, le pr\u00e9sident ukrainien Volodymyr Zelensky s\u2019est f\u00e9licit\u00e9 d\u2019une contre-offensive r\u00e9ussie dans l\u2019est face aux troupes russes. L\u2019essentiel des combats se concentre toujours dans le <a href=\"https:\/\/www.20minutes.fr\/monde\/donbass\/\" class=\"c-link c-link--is-underlined\" target=\"_blank\" rel=\"noopener\">Donbass<\/a>, une r\u00e9gion industrielle, mini\u00e8re et tr\u00e8s fortifi\u00e9e de l\u2019est du pays, o\u00f9 les troupes russes progressent lentement.<\/p>\n<p>\u00ab\u00a0J\u2019ai rencontr\u00e9 nos soldats participant \u00e0 la contre-offensive de Dobropillia\u00a0\u00bb, a annonc\u00e9 Volodymyr Zelensky sur les r\u00e9seaux sociaux en assurant que l\u2019arm\u00e9e ukrainienne avait \u00ab\u00a0lib\u00e9r\u00e9 160 km2\u00a0\u00bb dans cette zone. En outre, l\u2019arm\u00e9e ukrainienne a \u00ab\u00a0nettoy\u00e9 plus de 170 km2 et neuf autres localit\u00e9s\u00a0\u00bb, a-t-il dit, sans plus de pr\u00e9cisions. Une source haut plac\u00e9e au sein du pouvoir ukrainien a indiqu\u00e9 \u00e0 l\u2019AFP que les troupes ukrainiennes avaient \u00e9limin\u00e9 les troupes russes dans cette derni\u00e8re zone, mais sans en reprendre le contr\u00f4le.<\/p>\n<p>L\u2019arm\u00e9e russe avait r\u00e9alis\u00e9 en ao\u00fbt une rare perc\u00e9e des d\u00e9fenses ukrainiennes en direction de cette ville de Dobropillia qui comptait 28.000 habitants avant la guerre. L\u2019Ukraine avait alors d\u00e9p\u00each\u00e9 des renforts pour combler la br\u00e8che.<\/p>\n<\/p>\n<p>Le chiffre du jour<\/p>\n<p>700.000. C\u2019est le nombre de militaires russes qui sont d\u00e9sormais d\u00e9ploy\u00e9s sur \u00ab\u00a0la ligne de contact\u00a0\u00bb en Ukraine, o\u00f9 la Russie poursuit depuis des mois des actions offensives et gagne du terrain dans certains secteurs, a affirm\u00e9 jeudi le pr\u00e9sident Vladimir Poutine lors d\u2019une r\u00e9union avec des responsables parlementaires.<\/p>\n<p>Depuis le lancement de son offensive \u00e0 grande \u00e9chelle contre l\u2019Ukraine, il y a plus de trois ans et demi, Moscou a mobilis\u00e9 d\u2019\u00e9normes moyens humains et mat\u00e9riels, tout en subissant de lourdes pertes militaires, selon les estimations de m\u00e9dias ind\u00e9pendants.<\/p>\n<p>La tendance<\/p>\n<p>L\u2019Ukraine a annonc\u00e9 ce jeudi avoir r\u00e9cup\u00e9r\u00e9 1.000 nouveaux corps remis par la Russie, qui les pr\u00e9sente comme ceux de soldats ukrainiens tu\u00e9s au combat, apr\u00e8s plusieurs autres \u00e9changes du m\u00eame type ces derniers mois. \u00ab\u00a0Un millier de corps, qui selon la partie russe appartiennent \u00e0 des militaires ukrainiens, ont \u00e9t\u00e9 rapatri\u00e9s en Ukraine\u00a0\u00bb, a indiqu\u00e9 sur Telegram le Centre gouvernemental ukrainien pour les prisonniers de guerre. Les autorit\u00e9s ukrainiennes restent g\u00e9n\u00e9ralement prudentes sur l\u2019identit\u00e9 des d\u00e9pouilles rapatri\u00e9es, avant leur identification formelle.<\/p>\n<p><a href=\"https:\/\/www.20minutes.fr\/monde\/ukraine\/\" class=\"c-link c-btn c-btn--primary\" target=\"_blank\" rel=\"noopener\">Notre dossier sur la guerre en Ukraine<\/a><\/p>\n<p>Selon le correspondant de guerre russe Alexandre Kots sur Telegram, la Russie a r\u00e9cup\u00e9r\u00e9 de son c\u00f4t\u00e9 24 corps de ses soldats tu\u00e9s remis par l\u2019Ukraine. Ce nouvel \u00e9change porte \u00e0 plus de 12.000 le nombre de corps rendus par la Russie \u00e0 l\u2019Ukraine depuis le d\u00e9but de l\u2019ann\u00e9e. Les corps remis par l\u2019Ukraine \u00e0 la Russie se comptent en quelques centaines sur la m\u00eame p\u00e9riode.<\/p>\n<p>Les \u00e9changes de d\u00e9pouilles de militaires et de prisonniers de guerre constituent les seuls r\u00e9sultats des n\u00e9gociations entre Moscou et Kiev, plus de trois ans et demi apr\u00e8s le d\u00e9but de l\u2019invasion russe de l\u2019Ukraine. Les pourparlers en vue d\u2019un cessez-le-feu ou d\u2019une paix sont, eux, dans l\u2019impasse, tant les positions de Moscou et Kiev semblent irr\u00e9conciliables<\/p>\n","protected":false},"excerpt":{"rendered":"Vous avez rat\u00e9 les derniers \u00e9v\u00e9nements sur la guerre en Ukraine\u00a0? 20 Minutes fait le point pour vous&hellip;\n","protected":false},"author":2,"featured_media":400511,"comment_status":"","ping_status":"","sticky":false,"template":"","format":"standard","meta":{"footnotes":""},"categories":[1590],"tags":[47,11,75,1777,674,131,2581,74,1916,12,132,2049,220,135,134],"class_list":{"0":"post-400510","1":"post","2":"type-post","3":"status-publish","4":"format-standard","5":"has-post-thumbnail","7":"category-ukraine","8":"tag-actualite","9":"tag-actualites","10":"tag-donald-trump","11":"tag-eu","12":"tag-europe","13":"tag-guerre-en-ukraine","14":"tag-keir-starmer","15":"tag-monde","16":"tag-moscou","17":"tag-news","18":"tag-russie","19":"tag-soldat","20":"tag-ukraine","21":"tag-vladimir-poutine","22":"tag-volodymyr-zelensky"},"share_on_mastodon":{"url":"https:\/\/pubeurope.com\/@fr\/115226624959347466","error":""},"_links":{"self":[{"href":"https:\/\/www.europesays.com\/fr\/wp-json\/wp\/v2\/posts\/400510","targetHints":{"allow":["GET"]}}],"collection":[{"href":"https:\/\/www.europesays.com\/fr\/wp-json\/wp\/v2\/posts"}],"about":[{"href":"https:\/\/www.europesays.com\/fr\/wp-json\/wp\/v2\/types\/post"}],"author":[{"embeddable":true,"href":"https:\/\/www.europesays.com\/fr\/wp-json\/wp\/v2\/users\/2"}],"replies":[{"embeddable":true,"href":"https:\/\/www.europesays.com\/fr\/wp-json\/wp\/v2\/comments?post=400510"}],"version-history":[{"count":0,"href":"https:\/\/www.europesays.com\/fr\/wp-json\/wp\/v2\/posts\/400510\/revisions"}],"wp:featuredmedia":[{"embeddable":true,"href":"https:\/\/www.europesays.com\/fr\/wp-json\/wp\/v2\/media\/400511"}],"wp:attachment":[{"href":"https:\/\/www.europesays.com\/fr\/wp-json\/wp\/v2\/media?parent=400510"}],"wp:term":[{"taxonomy":"category","embeddable":true,"href":"https:\/\/www.europesays.com\/fr\/wp-json\/wp\/v2\/categories?post=400510"},{"taxonomy":"post_tag","embeddable":true,"href":"https:\/\/www.europesays.com\/fr\/wp-json\/wp\/v2\/tags?post=400510"}],"curies":[{"name":"wp","href":"https:\/\/api.w.org\/{rel}","templated":true}]}}