{"id":400514,"date":"2025-09-18T18:06:11","date_gmt":"2025-09-18T18:06:11","guid":{"rendered":"https:\/\/www.europesays.com\/fr\/400514\/"},"modified":"2025-09-18T18:06:11","modified_gmt":"2025-09-18T18:06:11","slug":"faste-et-furieux-a-tous-les-etages-liberation","status":"publish","type":"post","link":"https:\/\/www.europesays.com\/fr\/400514\/","title":{"rendered":"faste et furieux \u00e0 tous les \u00e9tages \u2013 Lib\u00e9ration"},"content":{"rendered":"<p class=\"sc-cPiKLX AiZTS text-element\">Une relation si forte que \u00able mot sp\u00e9cial ne lui rend pas justice\u00bb. Un lien tiss\u00e9 comme \u00abdeux vers de la m\u00eame prose\u00bb dans lequel \u00abchacun est beau pris \u00e0 part\u00bb mais o\u00f9 les deux \u00absont faits pour \u00eatre ensemble\u00bb. Le discours de Donald Trump, lors du banquet organis\u00e9 mercredi soir pour sa deuxi\u00e8me visite d\u2019Etat en Angleterre, a montr\u00e9 que l\u2019op\u00e9ration de charme orchestr\u00e9e par les Britanniques avait port\u00e9 ses fruits. Friand de monarchie, tr\u00e8s attach\u00e9 \u00e0 l\u2019Ecosse, le pr\u00e9sident am\u00e9ricain s\u2019est laiss\u00e9 s\u00e9duire par le faste royal, d\u00e9ploy\u00e9 en grande pompe pour l\u2019impressionner, lors <a href=\"https:\/\/www.liberation.fr\/international\/europe\/royaume-uni-une-visite-detat-sous-haute-tension-pour-donald-trump-20250916_PZF64XFLHVAUZNVI2QMOB3NFJA\/\" target=\"_blank\" rel=\"noopener\" title=\"https:\/\/www.liberation.fr\/international\/europe\/royaume-uni-une-visite-detat-sous-haute-tension-pour-donald-trump-20250916_PZF64XFLHVAUZNVI2QMOB3NFJA\/\">de sa visite d\u2019Etat.<\/a> <\/p>\n<p class=\"sc-cPiKLX AiZTS text-element\">Soucieux de rester dans les bonnes gr\u00e2ces de Trump, le gouvernement et les Windsor se sont pli\u00e9s en quatre : une deuxi\u00e8me invitation \u00absans pr\u00e9c\u00e9dent\u00bb pour un m\u00eame chef d\u2019Etat, la revue d\u2019un nombre in\u00e9dit de soldats, des prouesses militaires, une promenade en carrosse, et une s\u00e9curit\u00e9 \u00absans pr\u00e9c\u00e9dent\u00bb elle aussi, car cette visite n\u2019a pas fait que des heureux. <\/p>\n<p class=\"sc-cPiKLX AiZTS text-element\">Quand Charles III et Donald Trump se poussaient du coude en s\u2019\u00e9changeant des cadeaux mercredi, 5 000 personnes se rassemblaient \u00e0 Londres pour protester contre cet  <\/p>\n","protected":false},"excerpt":{"rendered":"Une relation si forte que \u00able mot sp\u00e9cial ne lui rend pas justice\u00bb. Un lien tiss\u00e9 comme \u00abdeux&hellip;\n","protected":false},"author":2,"featured_media":400515,"comment_status":"","ping_status":"","sticky":false,"template":"","format":"standard","meta":{"footnotes":""},"categories":[1588],"tags":[11,75,73,1777,674,2581,12,473,1853,1851,1850,1852],"class_list":{"0":"post-400514","1":"post","2":"type-post","3":"status-publish","4":"format-standard","5":"has-post-thumbnail","7":"category-royaume-uni","8":"tag-actualites","9":"tag-donald-trump","10":"tag-etats-unis","11":"tag-eu","12":"tag-europe","13":"tag-keir-starmer","14":"tag-news","15":"tag-royaume-uni","16":"tag-royaume-uni-de-grande-bretagne-et-dirlande-du-nord","17":"tag-uk","18":"tag-united-kingdom","19":"tag-united-kingdom-of-great-britain-and-northern-ireland"},"share_on_mastodon":{"url":"https:\/\/pubeurope.com\/@fr\/115226632721198296","error":""},"_links":{"self":[{"href":"https:\/\/www.europesays.com\/fr\/wp-json\/wp\/v2\/posts\/400514","targetHints":{"allow":["GET"]}}],"collection":[{"href":"https:\/\/www.europesays.com\/fr\/wp-json\/wp\/v2\/posts"}],"about":[{"href":"https:\/\/www.europesays.com\/fr\/wp-json\/wp\/v2\/types\/post"}],"author":[{"embeddable":true,"href":"https:\/\/www.europesays.com\/fr\/wp-json\/wp\/v2\/users\/2"}],"replies":[{"embeddable":true,"href":"https:\/\/www.europesays.com\/fr\/wp-json\/wp\/v2\/comments?post=400514"}],"version-history":[{"count":0,"href":"https:\/\/www.europesays.com\/fr\/wp-json\/wp\/v2\/posts\/400514\/revisions"}],"wp:featuredmedia":[{"embeddable":true,"href":"https:\/\/www.europesays.com\/fr\/wp-json\/wp\/v2\/media\/400515"}],"wp:attachment":[{"href":"https:\/\/www.europesays.com\/fr\/wp-json\/wp\/v2\/media?parent=400514"}],"wp:term":[{"taxonomy":"category","embeddable":true,"href":"https:\/\/www.europesays.com\/fr\/wp-json\/wp\/v2\/categories?post=400514"},{"taxonomy":"post_tag","embeddable":true,"href":"https:\/\/www.europesays.com\/fr\/wp-json\/wp\/v2\/tags?post=400514"}],"curies":[{"name":"wp","href":"https:\/\/api.w.org\/{rel}","templated":true}]}}