{"id":400516,"date":"2025-09-18T18:07:11","date_gmt":"2025-09-18T18:07:11","guid":{"rendered":"https:\/\/www.europesays.com\/fr\/400516\/"},"modified":"2025-09-18T18:07:11","modified_gmt":"2025-09-18T18:07:11","slug":"solvay-supprime-une-centaine-de-postes-en-allemagne","status":"publish","type":"post","link":"https:\/\/www.europesays.com\/fr\/400516\/","title":{"rendered":"Solvay supprime une centaine de postes en Allemagne"},"content":{"rendered":"<p class=\"ap-StoryElement ap-StoryElement--mb ap-StoryText\">L&rsquo;entreprise cessera la production de compos\u00e9s organiques apparent\u00e9s \u00e0 l&rsquo;acide trifluoroac\u00e9tique (TFA) d&rsquo;ici d\u00e9but 2026, ainsi que certains de ses compos\u00e9s inorganiques d&rsquo;ici fin 2026. Apr\u00e8s cette r\u00e9organisation, Solvay aura arr\u00eat\u00e9 la production de TFA et de tous ses d\u00e9riv\u00e9s dans l&rsquo;ensemble du groupe.<\/p>\n<p class=\"ap-StoryElement ap-StoryElement--mb ap-StoryText\">Cette strat\u00e9gie doit soutenir sa transformation et garantir la cr\u00e9ation de valeur \u00e0 long terme dans un march\u00e9 difficile, explique Solvay.<\/p>\n<p class=\"ap-StoryElement ap-StoryElement--mb ap-StoryText\">L&rsquo;entreprise pr\u00e9voit aussi de nouveaux investissements sur le site de Bad Wimpfen, avec la cr\u00e9ation d&rsquo;une unit\u00e9 de Nocolok Paste &amp; Paint et le transfert d&rsquo;activit\u00e9s depuis Garbsen.<\/p>\n","protected":false},"excerpt":{"rendered":"L&rsquo;entreprise cessera la production de compos\u00e9s organiques apparent\u00e9s \u00e0 l&rsquo;acide trifluoroac\u00e9tique (TFA) d&rsquo;ici d\u00e9but 2026, ainsi que certains&hellip;\n","protected":false},"author":2,"featured_media":2837,"comment_status":"","ping_status":"","sticky":false,"template":"","format":"standard","meta":{"footnotes":""},"categories":[1587],"tags":[11,672,9999,1804,1805,1803,313,1777,674,1801,12,1802],"class_list":{"0":"post-400516","1":"post","2":"type-post","3":"status-publish","4":"format-standard","5":"has-post-thumbnail","7":"category-allemagne","8":"tag-actualites","9":"tag-allemagne","10":"tag-belgium","11":"tag-bundesrepublik-deutschland","12":"tag-de","13":"tag-deutschland","14":"tag-entreprises","15":"tag-eu","16":"tag-europe","17":"tag-germany","18":"tag-news","19":"tag-republique-federale-dallemagne"},"share_on_mastodon":{"url":"https:\/\/pubeurope.com\/@fr\/115226636792166710","error":""},"_links":{"self":[{"href":"https:\/\/www.europesays.com\/fr\/wp-json\/wp\/v2\/posts\/400516","targetHints":{"allow":["GET"]}}],"collection":[{"href":"https:\/\/www.europesays.com\/fr\/wp-json\/wp\/v2\/posts"}],"about":[{"href":"https:\/\/www.europesays.com\/fr\/wp-json\/wp\/v2\/types\/post"}],"author":[{"embeddable":true,"href":"https:\/\/www.europesays.com\/fr\/wp-json\/wp\/v2\/users\/2"}],"replies":[{"embeddable":true,"href":"https:\/\/www.europesays.com\/fr\/wp-json\/wp\/v2\/comments?post=400516"}],"version-history":[{"count":0,"href":"https:\/\/www.europesays.com\/fr\/wp-json\/wp\/v2\/posts\/400516\/revisions"}],"wp:featuredmedia":[{"embeddable":true,"href":"https:\/\/www.europesays.com\/fr\/wp-json\/wp\/v2\/media\/2837"}],"wp:attachment":[{"href":"https:\/\/www.europesays.com\/fr\/wp-json\/wp\/v2\/media?parent=400516"}],"wp:term":[{"taxonomy":"category","embeddable":true,"href":"https:\/\/www.europesays.com\/fr\/wp-json\/wp\/v2\/categories?post=400516"},{"taxonomy":"post_tag","embeddable":true,"href":"https:\/\/www.europesays.com\/fr\/wp-json\/wp\/v2\/tags?post=400516"}],"curies":[{"name":"wp","href":"https:\/\/api.w.org\/{rel}","templated":true}]}}