{"id":400519,"date":"2025-09-18T18:09:12","date_gmt":"2025-09-18T18:09:12","guid":{"rendered":"https:\/\/www.europesays.com\/fr\/400519\/"},"modified":"2025-09-18T18:09:12","modified_gmt":"2025-09-18T18:09:12","slug":"climat-les-etats-europeens-se-contentent-dun-compromis-a-minima-pour-2035-actualites","status":"publish","type":"post","link":"https:\/\/www.europesays.com\/fr\/400519\/","title":{"rendered":"Climat: les Etats europ\u00e9ens se contentent d&rsquo;un compromis a minima pour 2035 : Actualit\u00e9s"},"content":{"rendered":"<p class=\"lead \">Les pays europ\u00e9ens ont approuv\u00e9 jeudi un compromis a minima sur la r\u00e9duction de leurs \u00e9missions de gaz \u00e0 effet de serre d&rsquo;ici \u00e0 2035, pour ne pas arriver les mains vides \u00e0 l&rsquo;Assembl\u00e9e g\u00e9n\u00e9rale de l&rsquo;ONU la semaine prochaine, et \u00e0 la COP30 au Br\u00e9sil en novembre.<\/p>\n<p class=\"lead \">A d\u00e9faut de trancher, les Vingt-Sept ont valid\u00e9 \u00e0 Bruxelles une fourchette de baisse de leurs \u00e9missions, comprise entre -66,25% et -72,5% par rapport \u00e0 1990, et qui sera affin\u00e9e s&rsquo;ils trouvent un accord dans les semaines ou les mois qui viennent.<\/p>\n<p class=\"lead \">Le Danemark, qui occupe la pr\u00e9sidence tournante de l&rsquo;Union europ\u00e9enne, a mis ce compromis sur la table pour montrer que l&rsquo;Europe n&rsquo;a pas renonc\u00e9 \u00e0 son \u00ab\u00a0leadership\u00a0\u00bb environnemental, malgr\u00e9 les divergences entre les Etats.<\/p>\n<p class=\"lead \">Il y avait urgence. La pr\u00e9sidente de la Commission, Ursula von der Leyen, doit d\u00e9fendre les ambitions climatiques de l&rsquo;Europe mercredi prochain \u00e0 New York, en marge de l&rsquo;Assembl\u00e9e g\u00e9n\u00e9rale de l&rsquo;ONU. Et la COP30, la grande conf\u00e9rence de l&rsquo;ONU sur le climat, d\u00e9marre le 10 novembre au Br\u00e9sil.<\/p>\n<p class=\"lead \">Mais le document approuv\u00e9 jeudi apr\u00e8s d&rsquo;\u00e2pres n\u00e9gociations entre les ministres de l&rsquo;environnement n&rsquo;est qu&rsquo;une simple \u00ab\u00a0d\u00e9claration d&rsquo;intention\u00a0\u00bb et pas un engagement ferme.<\/p>\n<p class=\"lead \">C&rsquo;est une \u00ab\u00a0non d\u00e9cision\u00a0\u00bb, critique l&rsquo;eurod\u00e9put\u00e9 centriste Pascal Canfin.<\/p>\n<p class=\"lead \">C&rsquo;est \u00ab\u00a0loin d&rsquo;\u00eatre id\u00e9al\u00a0\u00bb, mais \u00ab\u00a0c&rsquo;est la meilleure option\u00a0\u00bb \u00e0 ce stade, temp\u00e8re Elisa Giannelli, du think tank E3G. Cela \u00ab\u00a0permet \u00e0 l&rsquo;Union europ\u00e9enne de sauver la face au niveau international\u00a0\u00bb.<\/p>\n<p class=\"lead \">Les Europ\u00e9ens s&rsquo;en contentent car ils ne parviennent pas \u00e0 se mettre d&rsquo;accord sur leur objectif climatique en 2040.<\/p>\n<p class=\"lead \">Le commissaire europ\u00e9en Wopke Hoekstra se veut rassurant. \u00ab\u00a0Je suis convaincu\u00a0\u00bb que les Europ\u00e9ens parviendront \u00ab\u00a0\u00e0 r\u00e9gler la question de 2040 avant Bel\u00e9m\u00a0\u00bb, a-t-il dit.<\/p>\n<p class=\"lead \">\u00ab\u00a0Au bout du compte, nous continuerons d&rsquo;\u00eatre soit les plus ambitieux, soit parmi les plus ambitieux\u00a0\u00bb en mati\u00e8re climatique, a-t-il martel\u00e9.<\/p>\n<p class=\"lead \">&#8211; Profondes divergences &#8211;<\/p>\n<p class=\"lead \">Bouscul\u00e9e par la pouss\u00e9e de l&rsquo;extr\u00eame droite aux \u00e9lections europ\u00e9ennes de juin 2024, l&rsquo;UE est beaucoup moins allante sur les enjeux environnementaux que lors du pr\u00e9c\u00e9dent mandat.<\/p>\n<p class=\"lead \">L&rsquo;\u00e9cologie peine \u00e0 trouver une place dans l&rsquo;agenda, dans un contexte g\u00e9opolitique tendu.<\/p>\n<p class=\"lead \">Et le blocage persiste sur la proposition de la Commission europ\u00e9enne de r\u00e9duire de 90% les \u00e9missions de gaz \u00e0 effet de serre en 2040 par rapport \u00e0 1990.<\/p>\n<p class=\"lead \">Le Danemark, la Su\u00e8de et l&rsquo;Espagne poussent pour, mais des pays comme la Hongrie et la R\u00e9publique tch\u00e8que sont contre au nom de la d\u00e9fense de leur industrie, et la France reste prudente.<\/p>\n<p class=\"lead \">La Commission a fait un geste d\u00e9but juillet, en proposant des flexibilit\u00e9s dans le mode de calcul: la possibilit\u00e9 d&rsquo;acqu\u00e9rir des cr\u00e9dits carbone internationaux, \u00e0 hauteur de 3% du total, qui financeraient des projets en dehors de l&rsquo;Europe.<\/p>\n<p class=\"lead \">Mais cette concession n&rsquo;a pas suffi.<\/p>\n<p class=\"lead \">La semaine derni\u00e8re, la France et l&rsquo;Allemagne ont provoqu\u00e9 la col\u00e8re des organisations environnementales en r\u00e9clamant d&rsquo;abord une discussion entre chefs d&rsquo;Etat et de gouvernement, au menu du sommet europ\u00e9en du 23 octobre \u00e0 Bruxelles.<\/p>\n<p class=\"lead \">Avec ce flottement, l&rsquo;Europe est en train d&rsquo;envoyer \u00ab\u00a0un mauvais signal\u00a0\u00bb, peste Michael Sicaud-Clyet, de l&rsquo;ONG WWF.<\/p>\n<p class=\"lead \">Avant de se prononcer sur 2040, la France r\u00e9clame notamment des garanties sur le financement de la d\u00e9carbonation de l&rsquo;industrie et des mesures \u00ab\u00a0commerciales plus ambitieuses\u00a0\u00bb pour soutenir l&rsquo;acier europ\u00e9en.<\/p>\n<p class=\"lead \">Paris critique la m\u00e9thode de la Commission, qui a li\u00e9 les \u00e9ch\u00e9ances 2035 et 2040, quand l&rsquo;ONU r\u00e9clamait en f\u00e9vrier que les pays signataires de l&rsquo;Accord de Paris publient leur engagements de d\u00e9carbonation pour 2035 (les \u00ab\u00a0contributions d\u00e9termin\u00e9es au niveau national\u00a0\u00bb, ou NDC dans le jargon onusien).<\/p>\n<p class=\"lead \">En temporisant, la France et l&rsquo;Allemagne s&rsquo;efforcent aussi de m\u00e9nager leur opinion publique, alors que l&rsquo;extr\u00eame droite, pourfendeuse de \u00ab\u00a0l&rsquo;\u00e9cologie punitive\u00a0\u00bb de Bruxelles, progresse de plus en plus.<\/p>\n<p class=\"lead \">Aux Nations Unies, on redoute que l&rsquo;UE perde l&rsquo;effet d&rsquo;entra\u00eenement qu&rsquo;elle avait jusqu&rsquo;ici sur les questions environnementales.<\/p>\n<p class=\"lead \">Loin derri\u00e8re la Chine, l&rsquo;Union europ\u00e9enne est le quatri\u00e8me \u00e9metteur de gaz \u00e0 effet de serre dans le monde, apr\u00e8s les Etats-Unis et l&rsquo;Inde.<\/p>\n<p class=\"lead \">Jeudi, le service de surveillance europ\u00e9en Copernicus a annonc\u00e9 des records d&rsquo;\u00e9missions de carbone cette ann\u00e9e en Europe en raison des feux de for\u00eats cet \u00e9t\u00e9.<\/p>\n<p class=\"small font-weight-bold text-gray3 \"> publi\u00e9 le 18 septembre \u00e0 19h32, AFP<\/p>\n<p>                             Partager<\/p>\n","protected":false},"excerpt":{"rendered":"Les pays europ\u00e9ens ont approuv\u00e9 jeudi un compromis a minima sur la r\u00e9duction de leurs \u00e9missions de gaz&hellip;\n","protected":false},"author":2,"featured_media":400520,"comment_status":"","ping_status":"","sticky":false,"template":"","format":"standard","meta":{"footnotes":""},"categories":[1586],"tags":[11,1129,53082,312,436,1777,674,1779,1011,27,12,3521,316,25,1778,364],"class_list":{"0":"post-400519","1":"post","2":"type-post","3":"status-publish","4":"format-standard","5":"has-post-thumbnail","7":"category-europe","8":"tag-actualites","9":"tag-climat","10":"tag-cop30","11":"tag-diplomatie","12":"tag-environnement","13":"tag-eu","14":"tag-europe","15":"tag-european-union","16":"tag-fr","17":"tag-france","18":"tag-news","19":"tag-onu","20":"tag-politique","21":"tag-republique-francaise","22":"tag-ue","23":"tag-union-europeenne"},"share_on_mastodon":{"url":"https:\/\/pubeurope.com\/@fr\/115226644882522108","error":""},"_links":{"self":[{"href":"https:\/\/www.europesays.com\/fr\/wp-json\/wp\/v2\/posts\/400519","targetHints":{"allow":["GET"]}}],"collection":[{"href":"https:\/\/www.europesays.com\/fr\/wp-json\/wp\/v2\/posts"}],"about":[{"href":"https:\/\/www.europesays.com\/fr\/wp-json\/wp\/v2\/types\/post"}],"author":[{"embeddable":true,"href":"https:\/\/www.europesays.com\/fr\/wp-json\/wp\/v2\/users\/2"}],"replies":[{"embeddable":true,"href":"https:\/\/www.europesays.com\/fr\/wp-json\/wp\/v2\/comments?post=400519"}],"version-history":[{"count":0,"href":"https:\/\/www.europesays.com\/fr\/wp-json\/wp\/v2\/posts\/400519\/revisions"}],"wp:featuredmedia":[{"embeddable":true,"href":"https:\/\/www.europesays.com\/fr\/wp-json\/wp\/v2\/media\/400520"}],"wp:attachment":[{"href":"https:\/\/www.europesays.com\/fr\/wp-json\/wp\/v2\/media?parent=400519"}],"wp:term":[{"taxonomy":"category","embeddable":true,"href":"https:\/\/www.europesays.com\/fr\/wp-json\/wp\/v2\/categories?post=400519"},{"taxonomy":"post_tag","embeddable":true,"href":"https:\/\/www.europesays.com\/fr\/wp-json\/wp\/v2\/tags?post=400519"}],"curies":[{"name":"wp","href":"https:\/\/api.w.org\/{rel}","templated":true}]}}