{"id":400521,"date":"2025-09-18T18:10:11","date_gmt":"2025-09-18T18:10:11","guid":{"rendered":"https:\/\/www.europesays.com\/fr\/400521\/"},"modified":"2025-09-18T18:10:11","modified_gmt":"2025-09-18T18:10:11","slug":"apres-lannonce-du-partenariat-pimkie-shein-la-famille-mulliez-annonce-saisir-la-justice-liberation","status":"publish","type":"post","link":"https:\/\/www.europesays.com\/fr\/400521\/","title":{"rendered":"Apr\u00e8s l\u2019annonce du partenariat Pimkie-Shein, la famille Mulliez annonce saisir la justice \u2013 Lib\u00e9ration"},"content":{"rendered":"<p class=\"sc-cPiKLX AiZTS text-element\">Avec Shein, Pimkie venait peut-\u00eatre de <a href=\"https:\/\/www.liberation.fr\/economie\/conso\/shein-offre-ses-services-a-pimkie-dans-le-cadre-dune-nouvelle-strategie-de-partenariat-avec-des-marques-francaises-20250916_PRUNIM4CMNF5XJDJ3DQZARJBUM\/\" target=\"_blank\" rel=\"noreferrer nofollow noopener\" title=\"https:\/\/www.liberation.fr\/economie\/conso\/shein-offre-ses-services-a-pimkie-dans-le-cadre-dune-nouvelle-strategie-de-partenariat-avec-des-marques-francaises-20250916_PRUNIM4CMNF5XJDJ3DQZARJBUM\/\">trouver une collaboration salvatrice<\/a>, apr\u00e8s des ann\u00e9es d\u2019ins\u00e9curit\u00e9 financi\u00e8re. Mais la <a href=\"https:\/\/www.liberation.fr\/economie\/social\/dans-la-famille-mulliez-auchan-leroy-merlin-decathlon-une-nouvelle-generation-desenchantee-20240501_LWAHMR4KHFHARA5GKPM3YVBTBY\/\" target=\"_blank\" rel=\"noreferrer nofollow noopener\" title=\"https:\/\/www.liberation.fr\/economie\/social\/dans-la-famille-mulliez-auchan-leroy-merlin-decathlon-une-nouvelle-generation-desenchantee-20240501_LWAHMR4KHFHARA5GKPM3YVBTBY\/\">famille Mulliez<\/a>, qui a c\u00e9d\u00e9 l\u2019enseigne de pr\u00eat-\u00e0-porter en 2023 moyennant la pr\u00e9servation de \u00abl\u2019activit\u00e9 et l\u2019emploi d\u2019une enseigne autonomis\u00e9e et responsabilis\u00e9e\u00bb, a estim\u00e9 que le partenariat avec le g\u00e9ant de <a href=\"https:\/\/www.liberation.fr\/lifestyle\/consommation\/shein-lance-une-plateforme-de-revente-en-france-lultra-cynisme-de-lultra-fast-fashion-20240604_GD7UNFILRBGEPGJJHL4XNQ4Y5I\/\" target=\"_blank\" rel=\"noreferrer nofollow noopener\" title=\"https:\/\/www.liberation.fr\/lifestyle\/consommation\/shein-lance-une-plateforme-de-revente-en-france-lultra-cynisme-de-lultra-fast-fashion-20240604_GD7UNFILRBGEPGJJHL4XNQ4Y5I\/\">l\u2019ultra fast fashion<\/a> d\u00e9voyait l\u2019accord de cession et a annonc\u00e9 saisir la justice, dans un communiqu\u00e9 transmis \u00e0 l\u2019AFP. <a href=\"https:\/\/www.liberation.fr\/economie\/la-famille-mulliez-de-petit-magasin-de-laine-a-empire-de-la-grande-distribution-20240430_J2X3B3SXC5DJFLI6NKJYHV7EH4\/\" target=\"_blank\" rel=\"nofollow noopener\" title=\"https:\/\/www.liberation.fr\/economie\/la-famille-mulliez-de-petit-magasin-de-laine-a-empire-de-la-grande-distribution-20240430_J2X3B3SXC5DJFLI6NKJYHV7EH4\/\">L\u2019association familiale Mulliez<\/a> (AFM) voit ce partenariat comme une mani\u00e8re d\u2019\u00abutiliser Pimkie comme un cheval de Troie\u00bb, <a href=\"https:\/\/www.lavoixdunord.fr\/1625846\/article\/2025-09-17\/alliance-pimkie-shein-l-association-familiale-mulliez-veut-aller-en-justice\" target=\"_blank\" rel=\"noreferrer nofollow noopener\" title=\"https:\/\/www.lavoixdunord.fr\/1625846\/article\/2025-09-17\/alliance-pimkie-shein-l-association-familiale-mulliez-veut-aller-en-justice\">rapporte la Voix du Nord.<\/a> <\/p>\n<p class=\"sc-cPiKLX AiZTS text-element\">L\u2019AFM, qui contr\u00f4le de nombreuses enseignes comme <a href=\"https:\/\/www.liberation.fr\/societe\/police-justice\/auchan-leroy-merlin-decathlon-les-milliards-de-la-nebuleuse-des-mulliez-dans-le-viseur-de-la-justice-20240430_FQK26SHMD5FXVNDROSU7W2J6Q4\/\" target=\"_blank\" rel=\"noreferrer nofollow noopener\" title=\"https:\/\/www.liberation.fr\/societe\/police-justice\/auchan-leroy-merlin-decathlon-les-milliards-de-la-nebuleuse-des-mulliez-dans-le-viseur-de-la-justice-20240430_FQK26SHMD5FXVNDROSU7W2J6Q4\/\">Auchan, Leroy Merlin, Decathlon, Kiabi<\/a>, <a href=\"https:\/\/www.liberation.fr\/economie\/conso\/entre-fermetures-et-renovations-flunch-saccroche-pour-ne-pas-flancher-20241026_XIVD54CQTBB7TD427B4YRBQOQU\/\" target=\"_blank\" rel=\"noreferrer nofollow noopener\" title=\"https:\/\/www.liberation.fr\/economie\/conso\/entre-fermetures-et-renovations-flunch-saccroche-pour-ne-pas-flancher-20241026_XIVD54CQTBB7TD427B4YRBQOQU\/\">Flunch<\/a> et Boulanger, a d\u00e9nonc\u00e9 \u00abun usage des fonds mis \u00e0 disposition lors de la cession manifestement contraire \u00e0 leur finalit\u00e9\u00bb, \u00e0 savoir pr\u00e8s de 140 millions d\u2019euros. L\u2019alliance \u00abporte atteinte aux int\u00e9r\u00eats de la fili\u00e8re du textile\u00bb, et menacerait l\u2019emploi, poursuit l\u2019AFM. Elle \u00abexprime sa plus vive inqui\u00e9tude face \u00e0 la progression des plateformes de l\u2019ultra fast-fashion chinoises sur le march\u00e9 europ\u00e9en\u00bb et demande une \u00abr\u00e9gulation stricte pour contrer [c]es pratiques, prot\u00e9ger notre industrie fran\u00e7aise et garantir une concurrence plus juste et plus responsable et ainsi pr\u00e9server l\u2019emploi\u00bb. <\/p>\n<p class=\"sc-cPiKLX AiZTS text-element\">Suramac, la soci\u00e9t\u00e9 contr\u00f4l\u00e9e par la famille Mulliez et qui a proc\u00e9d\u00e9 \u00e0 la cession de Pimkie, a d\u00e9clar\u00e9 qu\u2019elle \u00absaisira la justice de ces faits\u00bb. La plateforme asiatique Shein avait annonc\u00e9 mardi que Pimkie allait b\u00e9n\u00e9ficier de son \u00e9cosyst\u00e8me puissant pour se d\u00e9velopper, notamment \u00e0 l\u2019international. Int\u00e9gr\u00e9e \u00e0 un programme nomm\u00e9 \u00abShein Xcelerator\u00bb, ses produits seront pr\u00e9sents sur la plateforme Shein et donc accessibles dans 160 pays, et Pimkie b\u00e9n\u00e9ficiera d\u2019un appui logistique (production \u00e0 la demande et de traitement des commandes en ligne). <\/p>\n<p class=\"sc-cPiKLX AiZTS text-element\">Le pr\u00e9sident du groupe Pimkie, Salih Halassi, estime que \u00abcontrairement aux all\u00e9gations relay\u00e9es aujourd\u2019hui, la famille Mulliez ne dispose d\u2019aucun fondement juridique lui permettant d\u2019engager une action contre Pimkie au titre du contrat de cession que nous avons conclu\u00bb, dans une d\u00e9claration transmise \u00e0 l\u2019AFP. \u00abCe nouveau partenariat ne remet aucunement en cause la sauvegarde de l\u2019emploi de la marque. Il permettra m\u00eame la cr\u00e9ation de nouveaux emplois\u00bb, poursuit-il. <\/p>\n<p class=\"sc-cPiKLX AiZTS text-element\">Une annonce qui a g\u00e9n\u00e9r\u00e9 une bronca chez les repr\u00e9sentants des f\u00e9d\u00e9rations de l\u2019habillement, y voyant un \u00absignal inacceptable\u00bb et une alliance empreinte de \u00abd\u00e9shonneur\u00bb, s\u2019agissant de la plateforme asiatique la plus d\u00e9cri\u00e9e du moment. Avec leurs homologues europ\u00e9ennes, les f\u00e9d\u00e9rations du textile et de l\u2019habillement en France ont sign\u00e9 mardi une lettre appelant l\u2019UE \u00e0 \u00abdes actions d\u2019urgence\u00bb contre la mode ultra-\u00e9ph\u00e9m\u00e8re. <\/p>\n<p class=\"sc-cPiKLX AiZTS text-element\">Elles accusent les grandes plateformes asiatiques de l\u2019e-commerce (Shein, Temu, AliExpress) <a href=\"https:\/\/www.liberation.fr\/economie\/social\/tsunami-des-petits-colis-shein-et-temu-il-y-a-un-risque-economique-et-social-majeur-20250901_L2GOFNNCC5HLJM5XMX4OPF7PZE\/\" target=\"_blank\" rel=\"noreferrer nofollow noopener\" title=\"https:\/\/www.liberation.fr\/economie\/social\/tsunami-des-petits-colis-shein-et-temu-il-y-a-un-risque-economique-et-social-majeur-20250901_L2GOFNNCC5HLJM5XMX4OPF7PZE\/\">d\u2019inonder le march\u00e9 europ\u00e9en<\/a> de produits \u00e0 prix cass\u00e9s et non conformes, de concurrence d\u00e9loyale, de pollution environnementale et de travail indigne. Mercredi, la F\u00e9d\u00e9ration fran\u00e7aise du pr\u00eat-\u00e0-porter f\u00e9minin a appel\u00e9 dans un communiqu\u00e9 \u00abla direction de Pimkie \u00e0 renoncer \u00e0 ce partenariat\u00bb. <\/p>\n<p class=\"sc-cPiKLX AiZTS text-element\">Fond\u00e9e en 1971, Pimkie, qui compte aujourd\u2019hui pr\u00e8s de 200 points de vente dans l\u2019Hexagone et emploie plus de 700 personnes, a \u00e9t\u00e9 en grande difficult\u00e9, connaissant deux plans sociaux et une proc\u00e9dure de sauvegarde.<\/p>\n","protected":false},"excerpt":{"rendered":"Avec Shein, Pimkie venait peut-\u00eatre de trouver une collaboration salvatrice, apr\u00e8s des ann\u00e9es d\u2019ins\u00e9curit\u00e9 financi\u00e8re. Mais la famille&hellip;\n","protected":false},"author":2,"featured_media":400522,"comment_status":"","ping_status":"","sticky":false,"template":"","format":"standard","meta":{"footnotes":""},"categories":[2],"tags":[11,309,1011,27,12,25,1104],"class_list":{"0":"post-400521","1":"post","2":"type-post","3":"status-publish","4":"format-standard","5":"has-post-thumbnail","7":"category-actualites","8":"tag-actualites","9":"tag-chine","10":"tag-fr","11":"tag-france","12":"tag-news","13":"tag-republique-francaise","14":"tag-shein"},"share_on_mastodon":{"url":"https:\/\/pubeurope.com\/@fr\/115226648481465629","error":""},"_links":{"self":[{"href":"https:\/\/www.europesays.com\/fr\/wp-json\/wp\/v2\/posts\/400521","targetHints":{"allow":["GET"]}}],"collection":[{"href":"https:\/\/www.europesays.com\/fr\/wp-json\/wp\/v2\/posts"}],"about":[{"href":"https:\/\/www.europesays.com\/fr\/wp-json\/wp\/v2\/types\/post"}],"author":[{"embeddable":true,"href":"https:\/\/www.europesays.com\/fr\/wp-json\/wp\/v2\/users\/2"}],"replies":[{"embeddable":true,"href":"https:\/\/www.europesays.com\/fr\/wp-json\/wp\/v2\/comments?post=400521"}],"version-history":[{"count":0,"href":"https:\/\/www.europesays.com\/fr\/wp-json\/wp\/v2\/posts\/400521\/revisions"}],"wp:featuredmedia":[{"embeddable":true,"href":"https:\/\/www.europesays.com\/fr\/wp-json\/wp\/v2\/media\/400522"}],"wp:attachment":[{"href":"https:\/\/www.europesays.com\/fr\/wp-json\/wp\/v2\/media?parent=400521"}],"wp:term":[{"taxonomy":"category","embeddable":true,"href":"https:\/\/www.europesays.com\/fr\/wp-json\/wp\/v2\/categories?post=400521"},{"taxonomy":"post_tag","embeddable":true,"href":"https:\/\/www.europesays.com\/fr\/wp-json\/wp\/v2\/tags?post=400521"}],"curies":[{"name":"wp","href":"https:\/\/api.w.org\/{rel}","templated":true}]}}