{"id":400527,"date":"2025-09-18T18:13:10","date_gmt":"2025-09-18T18:13:10","guid":{"rendered":"https:\/\/www.europesays.com\/fr\/400527\/"},"modified":"2025-09-18T18:13:10","modified_gmt":"2025-09-18T18:13:10","slug":"le-top-50-cest-assez-clair-comme-nouvel-objectif-assure-adrien-saddier","status":"publish","type":"post","link":"https:\/\/www.europesays.com\/fr\/400527\/","title":{"rendered":"\u00abLe top 50, c\u2019est assez clair comme nouvel objectif\u00bb, assure Adrien Saddier"},"content":{"rendered":"<p>Domin\u00e9 le week-end dernier sur le fil en play-off par le Su\u00e9dois Alex Noren au PGA Championship, l\u2019un des plus gros tournois du circuit europ\u00e9en, le Haut-Savoyard respire la grande forme. Confirmation attendue \u00e0 Saint-Nom-la-Bret\u00e8che cette semaine.<\/p>\n<p class=\"fig-paragraph\">\u00c0 Saint-Nom-La-Bret\u00e8che,<\/p>\n<p class=\"fig-paragraph\"><a href=\"https:\/\/golf.lefigaro.fr\/actualite\/majeurs\/en-direct-masters-augusta-2024-dimanche-14-avril-4e-dernier-tour-20240414\" data-fig-type=\"Live\" data-gtm-custom-categorie=\"navigation\" data-gtm-custom-action=\"crossclick\" data-gtm-custom-label=\"Contextuel\" data-gtm-event=\"customEventSPE\" data-fig-domain=\"GOLF\" target=\"_blank\" rel=\"noopener\">Lors du Masters 2024,<\/a>\u00a0Adrien Saddier avait suivi avec beaucoup d\u2019enthousiasme les entra\u00eenements de Matthieu Pavon lors de son bapt\u00eame \u00e0 Augusta. Disputer le tournoi le plus ferm\u00e9 de la plan\u00e8te n\u2019\u00e9tait alors qu\u2019un doux r\u00eave pour le Haut-Savoyard. Changement de d\u00e9cor en septembre 2025. En terminant\u00a0<a href=\"http:\/\/golf.lefigaro.fr\/actualite\/tours-europeens\/dp-world-tour-noren-acheve-saddier-en-playoff-a-wentworth-20250914\" data-fig-type=\"NewsFlash\" data-gtm-custom-categorie=\"navigation\" data-gtm-custom-action=\"crossclick\" data-gtm-custom-label=\"Contextuel\" data-gtm-event=\"customEventSPE\" data-fig-domain=\"GOLF\" target=\"_blank\" rel=\"noopener\">2e \u00e0 Wentworth le week-end dernie<\/a>r, le d\u00e9sormais 78e mondial,\u00a0<a href=\"http:\/\/golf.lefigaro.fr\/golf-adrien-saddier-vainqueur-devant-martin-couvra-double-francais-a-l-open-d-italie-20250629\" data-fig-type=\"NewsFlash\" data-gtm-custom-categorie=\"navigation\" data-gtm-custom-action=\"crossclick\" data-gtm-custom-label=\"Contextuel\" data-gtm-event=\"customEventSPE\" data-fig-domain=\"GOLF\" target=\"_blank\" rel=\"noopener\">vainqueur en juin de l\u2019Open d\u2019Italie<\/a>, son premier sacre sur le circuit europ\u00e9en, peut d\u00e9sormais r\u00eaver de top 50. Ce qui lui ouvrirait notamment les portes d\u2019Augusta en 2026. \u00abLe top 50, c\u2019est assez clair comme nouvel objectif parce que pendant les sept prochains mois, je n\u2019ai pas de points \u00e0 d\u00e9fendre, donc toutes les bonnes performances vont me faire grimper\u00bb, a-t-il assur\u00e9 tout souriant, mercredi devant la presse.<\/p>\n<p>                                    <a class=\"fig-a11y-skip a11y-hidden\" href=\"#fig-a11y-skip-main-inarticle\"><br \/>\n        Passer la publicit\u00e9<br \/>\n    <\/a><\/p>\n<p class=\"fig-paragraph\">En attendant, le joueur de 33 ans a quasiment son billet en poche pour \u00e9voluer sur le PGA Tour la saison prochaine. \u00abOn a d\u00e9j\u00e0 un petit peu parl\u00e9 avec mon agent du calendrier de la saison prochaine. J\u2019ai d\u00e9j\u00e0 un petit peu demand\u00e9 conseil \u00e0 Victor (Perez), Antoine (Rozner) et Mathieu (Pavon). Ce sont des petits conseils qui m\u2019aident d\u00e9j\u00e0 \u00e0 un peu pr\u00e9parer la saison suivante. Je ne vais pas m\u2019installer l\u00e0-bas la premi\u00e8re ann\u00e9e. Ce sera beaucoup d\u2019allers-retours. Pour le moment, c\u2019est encore assez vague. Matthieu a eu le bon go\u00fbt de gagner tout de suite, donc \u00e7a change les projets forc\u00e9ment.\u00bb\u00a0<\/p>\n<blockquote class=\"fig-quote&#10;    \">\n<p class=\"fig-quote__text\">Je pense que c\u2019est tout ce que j\u2019ai mis en place ces trois derni\u00e8res saisons qui font que j\u2019arrive \u00e0 bien performer cette saison avec beaucoup de gros r\u00e9sultats<\/p>\n<p>            Adrien Saddier\n    <\/p><\/blockquote>\n<p class=\"fig-paragraph\">Et d\u2019ajouter\u00a0: \u00abIl faudra voir l\u2019an prochain, si d\u00e9j\u00e0 j\u2019arrive \u00e0 garder ma carte et si j\u2019arrive \u00e0 trouver un lieu qui me pla\u00eet, parce que je suis un peu dur \u00e0 bouger de mes montagnes (il \u00e9volue depuis des ann\u00e9es au golf d\u2019Esery, NDLR). Matthieu m\u2019a d\u00e9j\u00e0 ouvert la porte de sa chambre d\u2019amis, donc je me ferai d\u00e9j\u00e0 une id\u00e9e quand j\u2019irai m\u2019entra\u00eener chez lui. Chaque semaine sera une nouvelle d\u00e9couverte. Sur le PGA Tour j\u2019ai l\u2019impression que je serais Martin Couvra cette ann\u00e9e sur le Tour europ\u00e9en. \u00c7a va changer un peu de la monotonie du circuit europ\u00e9en. Tous les parcours seront plus durs, comme me l\u2019ont souffl\u00e9 Niklas N\u00f8rgaard ou Thriston Lawrence. Ce sera une chouette exp\u00e9rience. Il faut en profiter.\u00bb<\/p>\n<p class=\"fig-paragraph\">Interrog\u00e9 sur les raisons de ses vendanges tardives, Adrien Saddier, qui a oscill\u00e9 durant des ann\u00e9es entre la deuxi\u00e8me division continentale et l\u2019\u00e9lite, \u00e9claire\u00a0: \u00abC\u2019est un ensemble de choses que j\u2019ai mis en place les trois derni\u00e8res saisons avec toute mon \u00e9quipe, que ce soit avec Beno\u00eet Ducoulombier, mon coach, David (Baudrier), mon coach physique, ou Makis (Chamalidis), mon pr\u00e9parateur mental. J\u2019ai essay\u00e9 de vraiment me remettre en question, de savoir pourquoi je n\u2019\u00e9tais pas \u00e0 la place que je voulais, et on a d\u00e9fini des nouveaux axes. On s\u2019y est tenu pendant les deux derni\u00e8res ann\u00e9es, et chaque ann\u00e9e, je voyais des am\u00e9liorations. Je pense que c\u2019est tout ce que j\u2019ai mis en place ces trois derni\u00e8res saisons qui font que j\u2019arrive \u00e0 bien performer cette saison avec beaucoup de gros r\u00e9sultats.\u00bb<\/p>\n<blockquote class=\"fig-quote&#10;    \">\n<p class=\"fig-quote__text\">J\u2019ai un peu l\u2019impression d\u2019avoir pris la place de Mathieu (Pavon) l\u2019an dernier, c\u2019est excitant aussi \u00e0 vivre. Je pense que c\u2019est un bon moment pour jouer \u00e0 l\u2019Open de France<\/p>\n<p>            Adrien Saddier\n    <\/p><\/blockquote>\n<p class=\"fig-paragraph\">Le nouveau leader du golf tricolore s\u2019amuse de sa nouvelle notori\u00e9t\u00e9, lui qui a d\u00e9j\u00e0 pris \u00abdeux ou trois mille followers sur Instagram\u00bb, re\u00e7u pas loin de 500 messages sur les r\u00e9seaux sociaux et 200 sur sa messagerie priv\u00e9e, va tester sa nouvelle popularit\u00e9 ce jeudi \u00e0 13h35 quand il s\u2019\u00e9lancera pour son premier tour de l\u2019Open de France en compagnie de Thomas Detry et Ryan Fox\u00a0: \u00abJ\u2019ai un peu l\u2019impression d\u2019avoir pris la place de Mathieu (Pavon) l\u2019an dernier, c\u2019est excitant aussi \u00e0 vivre. Je pense que c\u2019est un bon moment pour jouer \u00e0 l\u2019Open de France. Tous les objectifs sont d\u00e9j\u00e0 remplis, donc maintenant, les semaines qui vont arriver vont \u00eatre du pur bonus et je vais \u00eatre un peu plus d\u00e9tach\u00e9 de la pression. J\u2019ai juste \u00e0 profiter des semaines qui arrivent et \u00e0 me pr\u00e9parer pour la saison suivante.\u00bb <\/p>\n<p class=\"fig-paragraph\">Habitu\u00e9 comme tous les meilleurs Fran\u00e7ais au golf national, le Haut-Savoyard d\u00e9couvre \u00e0 cette occasion le parcours de Saint-Nom-la-Bret\u00e8che. \u00abC\u2019est un super parcours, tr\u00e8s franchement agr\u00e9able \u00e0 jouer, et je pense qu\u2019il va bien se d\u00e9fendre.\u00bb Avec la ferme intention de jouer encore les premiers r\u00f4les cette semaine.<\/p>\n","protected":false},"excerpt":{"rendered":"Domin\u00e9 le week-end dernier sur le fil en play-off par le Su\u00e9dois Alex Noren au PGA Championship, l\u2019un&hellip;\n","protected":false},"author":2,"featured_media":400528,"comment_status":"","ping_status":"","sticky":false,"template":"","format":"standard","meta":{"footnotes":""},"categories":[1418],"tags":[7718,1011,27,1472,23113,6671,60],"class_list":{"0":"post-400527","1":"post","2":"type-post","3":"status-publish","4":"format-standard","5":"has-post-thumbnail","7":"category-golf","8":"tag-dp-world-tour","9":"tag-fr","10":"tag-france","11":"tag-golf","12":"tag-matthieu-pavon","13":"tag-pga-tour","14":"tag-sports"},"share_on_mastodon":{"url":"https:\/\/pubeurope.com\/@fr\/115226660210896588","error":""},"_links":{"self":[{"href":"https:\/\/www.europesays.com\/fr\/wp-json\/wp\/v2\/posts\/400527","targetHints":{"allow":["GET"]}}],"collection":[{"href":"https:\/\/www.europesays.com\/fr\/wp-json\/wp\/v2\/posts"}],"about":[{"href":"https:\/\/www.europesays.com\/fr\/wp-json\/wp\/v2\/types\/post"}],"author":[{"embeddable":true,"href":"https:\/\/www.europesays.com\/fr\/wp-json\/wp\/v2\/users\/2"}],"replies":[{"embeddable":true,"href":"https:\/\/www.europesays.com\/fr\/wp-json\/wp\/v2\/comments?post=400527"}],"version-history":[{"count":0,"href":"https:\/\/www.europesays.com\/fr\/wp-json\/wp\/v2\/posts\/400527\/revisions"}],"wp:featuredmedia":[{"embeddable":true,"href":"https:\/\/www.europesays.com\/fr\/wp-json\/wp\/v2\/media\/400528"}],"wp:attachment":[{"href":"https:\/\/www.europesays.com\/fr\/wp-json\/wp\/v2\/media?parent=400527"}],"wp:term":[{"taxonomy":"category","embeddable":true,"href":"https:\/\/www.europesays.com\/fr\/wp-json\/wp\/v2\/categories?post=400527"},{"taxonomy":"post_tag","embeddable":true,"href":"https:\/\/www.europesays.com\/fr\/wp-json\/wp\/v2\/tags?post=400527"}],"curies":[{"name":"wp","href":"https:\/\/api.w.org\/{rel}","templated":true}]}}