{"id":400539,"date":"2025-09-18T18:22:13","date_gmt":"2025-09-18T18:22:13","guid":{"rendered":"https:\/\/www.europesays.com\/fr\/400539\/"},"modified":"2025-09-18T18:22:13","modified_gmt":"2025-09-18T18:22:13","slug":"je-le-trouve-tres-sexy-valerie-benaim-avoue-son-crush-pour-un-chroniqueur-de-cyril-hanouna","status":"publish","type":"post","link":"https:\/\/www.europesays.com\/fr\/400539\/","title":{"rendered":"\u00ab\u00a0Je le trouve tr\u00e8s sexy\u00a0\u00bb : Val\u00e9rie Bena\u00efm avoue son crush pour un chroniqueur de Cyril Hanouna"},"content":{"rendered":"<p>S\u2019il officiait encore dans la quotidienne de <a href=\"https:\/\/www.public.fr\/tag\/cyril-hanouna\" target=\"_blank\" rel=\"noopener\">Cyril Hanouna<\/a>, Jean-Michel Maire, qui <a href=\"https:\/\/www.public.fr\/jean-michel-maire-de-tpmp-installe-en-thailande-fin-brutale-de-son-sejour-lex-chroniqueur-dans-lillegalite\" target=\"_blank\" rel=\"noopener\">r\u00e9side d\u00e9sormais en Tha\u00eflande<\/a>, aurait-il tent\u00e9 sa chance avec Val\u00e9rie Bena\u00efm. Les chances sont minces. Tout simplement car, m\u00eame si le journaliste parti s\u2019exiler en Tha\u00eflande n\u2019h\u00e9site jamais \u00e0 parler de sexe, il fait toujours preuve de beaucoup de respect. Mais aussi parce que le chroniqueur de <strong>TBT9<\/strong> est en couple et mari\u00e9e depuis plusieurs ann\u00e9es.<\/p>\n<p>N\u00e9anmoins, cela ne l\u2019emp\u00eache pas d\u2019avouer son attirance pour son ancien coll\u00e8gue. C\u2019est dans l\u2019\u00e9mission <strong>Tout beau, tout fun<\/strong>, ce jeudi 18 septembre 2025, que Val\u00e9rie Bena\u00efm a fait cette r\u00e9v\u00e9lation \u00e0 Cyril Hanouna et les autres chroniqueurs.\u00a0<\/p>\n<p>Val\u00e9rie Bena\u00efm r\u00e9v\u00e8le son crush pour Jean-Michel Maire<\/p>\n<p>\u00ab\u00a0<strong>Je vais vous faire une confession<\/strong>. Il y a un chroniqueur autour de la table de l&rsquo;\u00e9poque de TPMP qui \u00e9tait un gar\u00e7on que je trouvais tr\u00e8s \u00e0 mon go\u00fbt. Mais j&rsquo;ai quelqu&rsquo;un dans ma vie mais je le trouve tr\u00e8s beau, tr\u00e8s \u00e0 mon go\u00fbt\u00a0\u00bb, a-t-elle l\u00e2ch\u00e9, suscitant une grande surprise sur le plateau de <strong>Tout beau, tout fun<\/strong>.<\/p>\n<p>Curieux de conna\u00eetre l\u2019identit\u00e9 de l\u2019homme ayant tir\u00e9 une fl\u00e8che dans le c\u0153ur de Val\u00e9rie Bena\u00efm, Cyril Hanouna et ses \u00e9quipes ont tent\u00e9 de d\u00e9couvrir l\u2019identit\u00e9 de l\u2019heureux \u00e9lu. Certains ont pens\u00e9 \u00e0 <a href=\"https:\/\/vsd.fr\/tag\/julien-courbet\/\" target=\"_blank\" rel=\"noopener\">Julien Courbet<\/a>, et d\u2019autres \u00e0 Jean-Luc Lemoine.<\/p>\n<p>Jusqu\u2019au moment o\u00f9 le nom de Jean-Michel Maire a \u00e9t\u00e9 \u00e9voqu\u00e9 devant Val\u00e9rie Bena\u00efm. <strong>\u00ab\u00a0Jean-Michel Maire ? Non ?!\u00a0\u00bb<\/strong>, a alors r\u00e9torqu\u00e9 Cyril Hanouna tr\u00e8s \u00e9tonn\u00e9. Assumant pleinement ses r\u00e9v\u00e9lations, <a href=\"https:\/\/www.public.fr\/thierry-ardisson-compare-gaza-a-auschwitz-dans-quelle-epoque-valerie-benaim-explose-tous-les-invites-se-sont-tus\" target=\"_blank\" rel=\"noopener\">la chroniqueuse de <strong>TBT9<\/strong><\/a> a justifi\u00e9 : <strong>\u00ab\u00a0Je trouve que Jean-Michel est tr\u00e8s sexy\u00a0\u00bb<\/strong>.<\/p>\n<p>Un chroniqueur tente de trouver des explications<\/p>\n<p>\u00ab\u00a0Jean-Michel Maire, par contre, il ne va pas \u00eatre l\u00e0 pour enfiler des perles. Je ne sais pas s&rsquo;il nous \u00e9coute, il est en Tha\u00eflande. Je suis \u00e0 deux doigts de l&rsquo;appeler, les gars. \u00c7a va le faire revenir\u00a0\u00bb, a par la suite ironis\u00e9 \u00ab\u00a0Baba\u00a0\u00bb avant que Val\u00e9rie Bena\u00efm ne lui rappelle : \u00ab\u00a0<strong>J&rsquo;ai quelqu&rsquo;un dans ma vie<\/strong>, je suis amoureuse. Mais je trouve que c&rsquo;est un tr\u00e8s beau mec\u00a0\u00bb.<\/p>\n<p>Un des chroniqueurs de <strong>Tout beau, tout fun<\/strong>, a tent\u00e9 de trouver une raison pouvant expliquer \u00ab\u00a0l\u2019attirance\u00a0\u00bb de Val\u00e9rie Bena\u00efm pour Jean-Michel Maire : \u00ab\u00a0En plus, il y a un truc, c&rsquo;est qu&rsquo;il parle \u00e9norm\u00e9ment de sexualit\u00e9 et tout. Peut-\u00eatre que \u00e7a, le fait de verbaliser&#8230; Tu crois que \u00e7a a infus\u00e9 ?\u00a0\u00bb. \u00ab\u00a0Non, mais<strong> je trouve que c&rsquo;est un beau mec<\/strong>. Oui, c&rsquo;est vrai\u00a0\u00bb, a finalement conclu la chroniqueuse en assumant une nouvelle fois.\u00a0<\/p>\n<p>      Mentionn\u00e9s dans cet article<\/p>\n<p>      Sur le m\u00eame sujet<\/p>\n<ul class=\"flex md:grid grid-cols-3 gap-3 overflow-x-auto w-full\">\n<li>\n<p>        <a href=\"https:\/\/www.public.fr\/tout-beau-tout-n9uf-valerie-geraldine-raymond-apres-gilles-verdez-cyril-hanouna-confirme-la-presence-des-chroniqueurs-emblematiques\" class=\"block after:content-[&#039;&#039;] after:z-[5] after:absolute after:inset-0\" target=\"_blank\" rel=\"noopener\"><br \/>\n            \u00ab\u00a0Tout beau, tout n9uf\u00a0\u00bb : \u00ab\u00a0Val\u00e9rie, G\u00e9raldine, Raymond\u00a0\u00bb, apr\u00e8s Gilles Verdez, Cyril Hanouna confirme la pr\u00e9sence des chroniqueurs embl\u00e9matiques        <\/a><\/p>\n<p><img loading=\"lazy\" width=\"1024\" height=\"575\" src=\"data:image\/svg+xml,%3Csvg%20xmlns=\" http:=\"\" alt=\"&quot;Tout beau, tout n9uf&quot; : &quot;Val\u00e9rie, G\u00e9raldine, Raymond&quot;, apr\u00e8s Gilles Verdez, Cyril Hanouna confirme la pr\u00e9sence des chroniqueurs embl\u00e9matiques\" data-lazy- decoding=\"async\" data-lazy- data-lazy-src=\"https:\/\/www.europesays.com\/fr\/wp-content\/uploads\/2025\/09\/22Tout-beau-tout-n9uf22-22Valerie-Geraldine-Raymond22-apres-Gilles-Verdez-Cyril-Hanouna-confirme-la-.jpeg\"\/><\/p>\n<\/li>\n<li>\n<p>        <a href=\"https:\/\/www.public.fr\/tout-beau-tout-9-date-de-lancement-chroniqueurs-tout-ce-quil-faut-savoir-sur-la-nouvelle-emission-de-cyril-hanouna\" class=\"block after:content-[&#039;&#039;] after:z-[5] after:absolute after:inset-0\" target=\"_blank\" rel=\"noopener\"><br \/>\n            Tout beau, tout 9 : date de lancement, chroniqueurs, tout ce qu\u2019il faut savoir sur la nouvelle \u00e9mission de Cyril Hanouna        <\/a><\/p>\n<p><img loading=\"lazy\" width=\"1024\" height=\"683\" src=\"data:image\/svg+xml,%3Csvg%20xmlns=\" http:=\"\" alt=\"Tout beau, tout 9 : date de lancement, chroniqueurs, tout ce qu\u2019il faut savoir sur la nouvelle \u00e9mission de Cyril Hanouna\" data-lazy- decoding=\"async\" data-lazy- data-lazy-src=\"https:\/\/www.europesays.com\/fr\/wp-content\/uploads\/2025\/09\/Tout-beau-tout-9-date-de-lancement-chroniqueurs-tout-ce-quil-faut-savoir-sur-la-nouvelle-emission-de.jpeg\"\/><\/p>\n<\/li>\n<li>\n<p>        <a href=\"https:\/\/www.public.fr\/genton-maire-montiel-hecatombe-dans-la-nouvelle-bande-de-cyril-hanouna-ces-chroniqueurs-qui-ne-seraient-pas-renouveles\" class=\"block after:content-[&#039;&#039;] after:z-[5] after:absolute after:inset-0\" target=\"_blank\" rel=\"noopener\"><br \/>\n            Genton, Maire, Montiel\u2026 H\u00e9catombe dans la nouvelle bande de Cyril Hanouna, ces chroniqueurs qui ne seraient pas renouvel\u00e9s        <\/a><\/p>\n<p>            <img loading=\"lazy\" width=\"1024\" height=\"529\" src=\"data:image\/svg+xml,%3Csvg%20xmlns=\" http:=\"\" class=\"order-first cover flex-shrink-0 object-cover w-full aspect-video max-h-54 rounded-2xl pointer-events-none overflow-hidden wp-post-image\" alt=\"Genton, Maire, Montiel\u2026 H\u00e9catombe dans la nouvelle bande de Cyril Hanouna, ces chroniqueurs qui ne seraient pas renouvel\u00e9s\" data-lazy- decoding=\"async\" data-lazy- data-lazy-src=\"https:\/\/www.europesays.com\/fr\/wp-content\/uploads\/2025\/09\/cf02f2d0d70630cf9591e59f193cee58-e1749891441189-1024x529.webp.webp\"\/>        <\/li>\n<\/ul>\n","protected":false},"excerpt":{"rendered":"S\u2019il officiait encore dans la quotidienne de Cyril Hanouna, Jean-Michel Maire, qui r\u00e9side d\u00e9sormais en Tha\u00eflande, aurait-il tent\u00e9&hellip;\n","protected":false},"author":2,"featured_media":400540,"comment_status":"","ping_status":"","sticky":false,"template":"","format":"standard","meta":{"footnotes":""},"categories":[1359],"tags":[1083,58,59,1011,27,37300,973,45215,551],"class_list":{"0":"post-400539","1":"post","2":"type-post","3":"status-publish","4":"format-standard","5":"has-post-thumbnail","7":"category-people","8":"tag-cyril-hanouna","9":"tag-divertissement","10":"tag-entertainment","11":"tag-fr","12":"tag-france","13":"tag-jean-michel-maire","14":"tag-people","15":"tag-tout-beau-tout-fun","16":"tag-valerie-benaim"},"share_on_mastodon":{"url":"https:\/\/pubeurope.com\/@fr\/115226695969061300","error":""},"_links":{"self":[{"href":"https:\/\/www.europesays.com\/fr\/wp-json\/wp\/v2\/posts\/400539","targetHints":{"allow":["GET"]}}],"collection":[{"href":"https:\/\/www.europesays.com\/fr\/wp-json\/wp\/v2\/posts"}],"about":[{"href":"https:\/\/www.europesays.com\/fr\/wp-json\/wp\/v2\/types\/post"}],"author":[{"embeddable":true,"href":"https:\/\/www.europesays.com\/fr\/wp-json\/wp\/v2\/users\/2"}],"replies":[{"embeddable":true,"href":"https:\/\/www.europesays.com\/fr\/wp-json\/wp\/v2\/comments?post=400539"}],"version-history":[{"count":0,"href":"https:\/\/www.europesays.com\/fr\/wp-json\/wp\/v2\/posts\/400539\/revisions"}],"wp:featuredmedia":[{"embeddable":true,"href":"https:\/\/www.europesays.com\/fr\/wp-json\/wp\/v2\/media\/400540"}],"wp:attachment":[{"href":"https:\/\/www.europesays.com\/fr\/wp-json\/wp\/v2\/media?parent=400539"}],"wp:term":[{"taxonomy":"category","embeddable":true,"href":"https:\/\/www.europesays.com\/fr\/wp-json\/wp\/v2\/categories?post=400539"},{"taxonomy":"post_tag","embeddable":true,"href":"https:\/\/www.europesays.com\/fr\/wp-json\/wp\/v2\/tags?post=400539"}],"curies":[{"name":"wp","href":"https:\/\/api.w.org\/{rel}","templated":true}]}}