{"id":400541,"date":"2025-09-18T18:23:11","date_gmt":"2025-09-18T18:23:11","guid":{"rendered":"https:\/\/www.europesays.com\/fr\/400541\/"},"modified":"2025-09-18T18:23:11","modified_gmt":"2025-09-18T18:23:11","slug":"un-portrait-retrouve-de-dora-maar-compagne-du-peintre-a-ete-devoile-a-lhotel-drouot-de-paris","status":"publish","type":"post","link":"https:\/\/www.europesays.com\/fr\/400541\/","title":{"rendered":"Un portrait retrouv\u00e9 de Dora Maar, compagne du peintre, a \u00e9t\u00e9 d\u00e9voil\u00e9 \u00e0 l\u2019H\u00f4tel Drouot de Paris"},"content":{"rendered":"<p>C\u2019est un tableau \u00ab\u00a0exceptionnel\u00a0\u00bb de <a href=\"https:\/\/www.20minutes.fr\/dossier\/picasso\" class=\"c-link c-link--is-underlined\" target=\"_blank\" rel=\"noopener\">Pablo Picasso<\/a>\u00a0: un portrait de <a href=\"https:\/\/www.20minutes.fr\/monde\/4113090-20241001-italie-tableau-accroche-salon-depuis-60-ans-picasso-6-millions-euros\" class=\"c-link c-link--is-underlined\" target=\"_blank\" rel=\"noopener\">sa compagne Dora Maar<\/a>, peint en\u00a01943 et conserv\u00e9 par la famille de son premier propri\u00e9taire depuis\u00a01944, a \u00e9t\u00e9 d\u00e9voil\u00e9 jeudi 18\u00a0septembre 2025 \u00e0 l\u2019<a href=\"https:\/\/www.20minutes.fr\/dossier\/drouot\" class=\"c-link c-link--is-underlined\" target=\"_blank\" rel=\"noopener\">H\u00f4tel Drouot de Paris<\/a>, o\u00f9 il sera mis aux <a href=\"https:\/\/www.20minutes.fr\/dossier\/encheres\" class=\"c-link c-link--is-underlined\" target=\"_blank\" rel=\"noopener\">ench\u00e8res <\/a>le 24\u00a0octobre, a constat\u00e9 l\u2019AFP.<\/p>\n<\/p>\n<p>Intitul\u00e9 Buste de femme au chapeau \u00e0 fleurs, ce tableau tr\u00e8s color\u00e9 peint \u00e0 l\u2019huile et d\u2019une taille de 80 x 60 centim\u00e8tres est \u00ab\u00a0estim\u00e9 autour de huit millions d\u2019euros, un prix de r\u00e9serve qui peut s\u2019envoler\u00a0\u00bb, selon Christophe Lucien, commissaire-priseur charg\u00e9 de la vente.<\/p>\n<p>Il a \u00e9t\u00e9 peint par Pablo Picasso le 11\u00a0juillet 1943 et acquis en ao\u00fbt\u00a01944 par le grand-p\u00e8re des actuels ayants droit, un grand <a href=\"https:\/\/www.20minutes.fr\/dossier\/collection\" class=\"c-link c-link--is-underlined\" target=\"_blank\" rel=\"noopener\">collectionneur <\/a>fran\u00e7ais. Ces derniers souhaitent le vendre dans le cadre d\u2019une <a href=\"https:\/\/www.20minutes.fr\/dossier\/succession\" class=\"c-link c-link--is-underlined\" target=\"_blank\" rel=\"noopener\">succession<\/a>, a-t-il pr\u00e9cis\u00e9.<\/p>\n<p>Une \u0153uvre \u00ab\u00a0naturaliste et cubiste\u00a0\u00bb<\/p>\n<p>\u00ab\u00a0Inconnu du public et jamais expos\u00e9, hormis dans l\u2019atelier du ma\u00eetre espagnol \u00e0 Paris, pendant l\u2019<a href=\"https:\/\/www.20minutes.fr\/dossier\/occupation\" class=\"c-link c-link--is-underlined\" target=\"_blank\" rel=\"noopener\">Occupation\u00a0<\/a>\u00bb, ce tableau est \u00ab\u00a0assez exceptionnel et marque un jalon dans l\u2019histoire de l\u2019<a href=\"https:\/\/www.20minutes.fr\/dossier\/art\" class=\"c-link c-link--is-underlined\" target=\"_blank\" rel=\"noopener\">Art <\/a>et dans celle de Picasso\u00a0\u00bb, a pr\u00e9cis\u00e9 Agn\u00e8s Sevestre-Barb\u00e9, sp\u00e9cialiste de l\u2019artiste pr\u00e9sente lors du d\u00e9voilement de l\u2019<a href=\"https:\/\/www.20minutes.fr\/dossier\/oeuvre_d_art\" class=\"c-link c-link--is-underlined\" target=\"_blank\" rel=\"noopener\">\u0153uvre<\/a>.<\/p>\n<p>D\u2019inspiration \u00ab\u00a0\u00e0 la fois naturaliste et cubiste\u00a0\u00bb, il montre Dora Maar en proie \u00e0 la tristesse mais au visage harmonieux, portant un chapeau \u00e0 fleurs, color\u00e9, au moment o\u00f9 Picasso la d\u00e9laisse pour <a href=\"https:\/\/www.20minutes.fr\/culture\/4040132-20230606-francoise-gilot-peintre-ex-compagne-pablo-picasso-decedee-101-ans\" class=\"c-link c-link--is-underlined\" target=\"_blank\" rel=\"noopener\">une plus jeune femme, Fran\u00e7oise Gilot<\/a>.<\/p>\n<p>Un tableau seulement connu des initi\u00e9s<\/p>\n<p>Authentifi\u00e9 par l\u2019administration Picasso, ce portrait n\u2019\u00e9tait connu des sp\u00e9cialistes et passionn\u00e9s de Picasso qu\u2019en noir et blanc et \u00e0 travers le catalogue raisonn\u00e9 de ses \u0153uvres (inventaire officiel) le mentionnant, selon Drouot.<\/p>\n<p><a href=\"https:\/\/www.20minutes.fr\/dossier\/picasso\" class=\"c-link c-btn c-btn--primary\" target=\"_blank\" rel=\"noopener\">Notre dossier \u00ab Pablo Picasso \u00bb<\/a><\/p>\n<p>Des <a href=\"https:\/\/www.20minutes.fr\/diaporama\/diaporama-15421-images-photographe-brassai-honneur-album-rsf-liberte-presse\" class=\"c-link c-link--is-underlined\" target=\"_blank\" rel=\"noopener\">photos de Brassa\u00ef<\/a>, ami de Picasso, prises dans l\u2019atelier du peintre attestent \u00e9galement de la pr\u00e9sence du tableau. Ces photos ont \u00e9t\u00e9 pr\u00e9sent\u00e9es lors du d\u00e9voilement de l\u2019\u0153uvre, jeudi, par la maison de <a href=\"https:\/\/www.20minutes.fr\/dossier\/ventes_aux_encheres\" class=\"c-link c-link--is-underlined\" target=\"_blank\" rel=\"noopener\">vente aux ench\u00e8res<\/a>.<\/p>\n","protected":false},"excerpt":{"rendered":"C\u2019est un tableau \u00ab\u00a0exceptionnel\u00a0\u00bb de Pablo Picasso\u00a0: un portrait de sa compagne Dora Maar, peint en\u00a01943 et conserv\u00e9&hellip;\n","protected":false},"author":2,"featured_media":400542,"comment_status":"","ping_status":"","sticky":false,"template":"","format":"standard","meta":{"footnotes":""},"categories":[1358],"tags":[3734,1348,1384,1385,14981,251,1386,58,53182,13677,59,1011,27,21832,33952,9026,20898,133],"class_list":{"0":"post-400541","1":"post","2":"type-post","3":"status-publish","4":"format-standard","5":"has-post-thumbnail","7":"category-arts-et-design","8":"tag-art","9":"tag-arts","10":"tag-arts-and-design","11":"tag-arts-et-design","12":"tag-beaux-arts","13":"tag-culture","14":"tag-design","15":"tag-divertissement","16":"tag-drouot","17":"tag-encheres","18":"tag-entertainment","19":"tag-fr","20":"tag-france","21":"tag-oeuvre-dart","22":"tag-picasso","23":"tag-portrait","24":"tag-ventes-aux-encheres","25":"tag-video"},"share_on_mastodon":{"url":"https:\/\/pubeurope.com\/@fr\/115226699553598272","error":""},"_links":{"self":[{"href":"https:\/\/www.europesays.com\/fr\/wp-json\/wp\/v2\/posts\/400541","targetHints":{"allow":["GET"]}}],"collection":[{"href":"https:\/\/www.europesays.com\/fr\/wp-json\/wp\/v2\/posts"}],"about":[{"href":"https:\/\/www.europesays.com\/fr\/wp-json\/wp\/v2\/types\/post"}],"author":[{"embeddable":true,"href":"https:\/\/www.europesays.com\/fr\/wp-json\/wp\/v2\/users\/2"}],"replies":[{"embeddable":true,"href":"https:\/\/www.europesays.com\/fr\/wp-json\/wp\/v2\/comments?post=400541"}],"version-history":[{"count":0,"href":"https:\/\/www.europesays.com\/fr\/wp-json\/wp\/v2\/posts\/400541\/revisions"}],"wp:featuredmedia":[{"embeddable":true,"href":"https:\/\/www.europesays.com\/fr\/wp-json\/wp\/v2\/media\/400542"}],"wp:attachment":[{"href":"https:\/\/www.europesays.com\/fr\/wp-json\/wp\/v2\/media?parent=400541"}],"wp:term":[{"taxonomy":"category","embeddable":true,"href":"https:\/\/www.europesays.com\/fr\/wp-json\/wp\/v2\/categories?post=400541"},{"taxonomy":"post_tag","embeddable":true,"href":"https:\/\/www.europesays.com\/fr\/wp-json\/wp\/v2\/tags?post=400541"}],"curies":[{"name":"wp","href":"https:\/\/api.w.org\/{rel}","templated":true}]}}