{"id":400543,"date":"2025-09-18T18:24:26","date_gmt":"2025-09-18T18:24:26","guid":{"rendered":"https:\/\/www.europesays.com\/fr\/400543\/"},"modified":"2025-09-18T18:24:26","modified_gmt":"2025-09-18T18:24:26","slug":"pusignan-karinka-marraine-du-6e-salon-du-livre","status":"publish","type":"post","link":"https:\/\/www.europesays.com\/fr\/400543\/","title":{"rendered":"Pusignan. Karinka, marraine du\u00a06e \u00a0salon du livre"},"content":{"rendered":"<p>Cette 6e \u00e9dition du salon du livre de Pusignan, organis\u00e9e par l\u2019association Livres Passion Tentation rassemblera une nouvelle fois de nombreux auteurs, \u00e9diteurs et libraires. Outre, les deux marraines, Tessa Wolf et ses livres de romance, ainsi que Karinka, auteure de contes et de BD avec lesquelles vous pourrez dialoguer, deux prix litt\u00e9raires seront remis, la nouveaut\u00e9 2025.<\/p>\n<p>Karinka, l\u2019humour, mode d\u2019existence et de r\u00e9sistance<\/p>\n<p>Comment devient-on sc\u00e9nariste, autrice de BD et cr\u00e9atrice de spectacles pour enfants quand on a travaill\u00e9 durant plus de 15 ans dans le g\u00e9nie civil\u00a0?&#8230;<\/p>\n","protected":false},"excerpt":{"rendered":"Cette 6e \u00e9dition du salon du livre de Pusignan, organis\u00e9e par l\u2019association Livres Passion Tentation rassemblera une nouvelle&hellip;\n","protected":false},"author":2,"featured_media":400544,"comment_status":"","ping_status":"","sticky":false,"template":"","format":"standard","meta":{"footnotes":""},"categories":[1357],"tags":[1379,1687,58,3152,59,1011,27,1380,2410,39947,23534],"class_list":{"0":"post-400543","1":"post","2":"type-post","3":"status-publish","4":"format-standard","5":"has-post-thumbnail","7":"category-livres","8":"tag-books","9":"tag-culture-loisirs","10":"tag-divertissement","11":"tag-edition-est-lyonnais","12":"tag-entertainment","13":"tag-fr","14":"tag-france","15":"tag-livres","16":"tag-livres-bd","17":"tag-pusignan","18":"tag-saint-laurent-de-mure-bassin"},"share_on_mastodon":{"url":"https:\/\/pubeurope.com\/@fr\/115226703665991895","error":""},"_links":{"self":[{"href":"https:\/\/www.europesays.com\/fr\/wp-json\/wp\/v2\/posts\/400543","targetHints":{"allow":["GET"]}}],"collection":[{"href":"https:\/\/www.europesays.com\/fr\/wp-json\/wp\/v2\/posts"}],"about":[{"href":"https:\/\/www.europesays.com\/fr\/wp-json\/wp\/v2\/types\/post"}],"author":[{"embeddable":true,"href":"https:\/\/www.europesays.com\/fr\/wp-json\/wp\/v2\/users\/2"}],"replies":[{"embeddable":true,"href":"https:\/\/www.europesays.com\/fr\/wp-json\/wp\/v2\/comments?post=400543"}],"version-history":[{"count":0,"href":"https:\/\/www.europesays.com\/fr\/wp-json\/wp\/v2\/posts\/400543\/revisions"}],"wp:featuredmedia":[{"embeddable":true,"href":"https:\/\/www.europesays.com\/fr\/wp-json\/wp\/v2\/media\/400544"}],"wp:attachment":[{"href":"https:\/\/www.europesays.com\/fr\/wp-json\/wp\/v2\/media?parent=400543"}],"wp:term":[{"taxonomy":"category","embeddable":true,"href":"https:\/\/www.europesays.com\/fr\/wp-json\/wp\/v2\/categories?post=400543"},{"taxonomy":"post_tag","embeddable":true,"href":"https:\/\/www.europesays.com\/fr\/wp-json\/wp\/v2\/tags?post=400543"}],"curies":[{"name":"wp","href":"https:\/\/api.w.org\/{rel}","templated":true}]}}