{"id":400551,"date":"2025-09-18T18:28:13","date_gmt":"2025-09-18T18:28:13","guid":{"rendered":"https:\/\/www.europesays.com\/fr\/400551\/"},"modified":"2025-09-18T18:28:13","modified_gmt":"2025-09-18T18:28:13","slug":"cest-incroyable-des-chirurgiens-utilisent-un-morceau-de-dent-pour-redonner-la-vue-a-un-aveugle-2","status":"publish","type":"post","link":"https:\/\/www.europesays.com\/fr\/400551\/","title":{"rendered":"\u00ab\u00a0C\u2019est incroyable\u00a0!\u00a0\u00bb\u2026 Des chirurgiens utilisent un morceau de dent pour redonner la vue \u00e0 un aveugle"},"content":{"rendered":"<p>Dylan avait douze ans lorsqu\u2019il a perdu la vue apr\u00e8s avoir \u00e9t\u00e9 victime du syndrome de Lyell. Cette r\u00e9action cutan\u00e9e s\u00e9v\u00e8re est caract\u00e9ris\u00e9e par une n\u00e9crose extensive de l\u2019\u00e9piderme, conduisant \u00e0 son d\u00e9collement. La pathologie est g\u00e9n\u00e9ralement caus\u00e9e par une r\u00e9action m\u00e9dicamenteuse. Douze ans priv\u00e9 de la vue\u2026 jusqu\u2019\u00e0 cette forme de miracle. Op\u00e9r\u00e9 au service d\u2019ophtalmologie du <a href=\"https:\/\/www.20minutes.fr\/dossier\/chu\" class=\"c-link c-link--is-underlined\" target=\"_blank\" rel=\"noopener\">CHRU<\/a> de <a href=\"https:\/\/www.20minutes.fr\/montpellier\/\" class=\"c-link c-link--is-underlined\" target=\"_blank\" rel=\"noopener\">Montpellier<\/a>, le jeune homme, aujourd\u2019hui \u00e2g\u00e9 de 24 ans, recommence \u00e0 voir de nouveau.<\/p>\n<p>\u00ab\u00a0\u00c7a devient de plus en plus net, je commence \u00e0 voir mon visage. C\u2019est incroyable\u00a0\u00bb, explique-t-il devant les cam\u00e9ras de <a href=\"https:\/\/www.franceinfo.fr\/sante\/handicap\/je-commence-a-voir-mon-visage-c-est-incroyable-dylan-aveugle-depuis-ses-12-ans-retrouve-la-vue-a-24-ans-grace-a-un-morceau-de-dent_7496158.html#:~:text=%C3%80%2024%20ans%2C%20ce%20jeune,chance%20de%20revoir%20un%20jour\" target=\"_blank\" class=\"c-link c-link--is-underlined\" rel=\"noopener\">France t\u00e9l\u00e9vision<\/a>. L\u2019op\u00e9ration exceptionnelle a \u00e9t\u00e9 men\u00e9e par le docteur Vincent Daien. \u00ab\u00a0On utilise une dent comme support, dans laquelle on va coller une optique, un fragment de verre ou de plexiglas, au milieu, pour redonner la transparence \u00e0 la partie avant de l\u2019\u0153il\u00a0\u00bb, explique-t-il \u00e0 <a href=\"https:\/\/rmc.bfmtv.com\/actualites\/societe\/sante\/une-operation-de-8h-aveugle-depuis-ses-12-ans-il-recouvre-la-vue-grace-a-un-morceau-de-dent_AV-202509180455.html?at_brand=BFMTV&amp;at_compte=BFMTV&amp;at_plateforme=facebook&amp;at_campaign=Fan_pages&amp;at_medium=Community_Management\" target=\"_blank\" class=\"c-link c-link--is-underlined\" rel=\"noopener\">RMC<\/a>. Ce proc\u00e9d\u00e9 incroyable s\u2019appelle la k\u00e9ratoproth\u00e8se.<\/p>\n<p>Seuls dix patients ont b\u00e9n\u00e9fici\u00e9 de cette technique en France<\/p>\n<p>L\u2019op\u00e9ration a dur\u00e9 huit heures au cours desquelles le sp\u00e9cialise a pr\u00e9lev\u00e9 une canine au patient, l\u2019a creus\u00e9e pour y placer une lentille de moins de 5 millim\u00e8tres de diam\u00e8tre. La proth\u00e8se a \u00e9t\u00e9 plac\u00e9e sous l\u2019\u0153il pour s\u2019y vasculariser, avant d\u2019\u00eatre fix\u00e9e \u00e0 la place de l\u2019\u0153il br\u00fbl\u00e9. \u00ab\u00a0C\u2019est du sur-mesure, les tissus vont vraiment se cicatriser autour et l\u2019int\u00e9grer dans son \u0153il\u00a0\u00bb, explique le m\u00e9decin pendant l\u2019op\u00e9ration, sous les cam\u00e9ras de France t\u00e9l\u00e9vision. Seuls dix patients ont b\u00e9n\u00e9fici\u00e9 de cette technique en France. Avec ce r\u00e9sultat incroyable.<\/p>\n<\/p>\n<p>\u00ab\u00a0Les patients qui ont un nerf optique de tr\u00e8s bonne qualit\u00e9 peuvent r\u00e9cup\u00e9rer jusqu\u2019\u00e0 10\/10, explique le sp\u00e9cialiste sur RMC. Ce ne sera pas un 10\/10 comme vous et moi, mais un 10\/10 avec un champ visuel r\u00e9duit d\u2019environ 40 \u00e0 50 degr\u00e9s\u00a0\u00bb. Dylan recommence \u00e0 voir les visages. Le sien, celui de ses proches, ses parents, son fr\u00e8re, Matthis et sa s\u0153ur, Stella. \u00ab\u00a0C\u2019est g\u00e9nial, incroyable\u00a0\u00bb, souffle Matthis. Apr\u00e8s douze ans d\u2019obscurit\u00e9, voil\u00e0 Dylan revenu \u00e0 la lumi\u00e8re\u2026<\/p>\n","protected":false},"excerpt":{"rendered":"Dylan avait douze ans lorsqu\u2019il a perdu la vue apr\u00e8s avoir \u00e9t\u00e9 victime du syndrome de Lyell. Cette&hellip;\n","protected":false},"author":2,"featured_media":400552,"comment_status":"","ping_status":"","sticky":false,"template":"","format":"standard","meta":{"footnotes":""},"categories":[10],"tags":[47,40519,18604,4309,1011,27,1943,72,7089,100,2681,224,2208,2680,71],"class_list":{"0":"post-400551","1":"post","2":"type-post","3":"status-publish","4":"format-standard","5":"has-post-thumbnail","7":"category-sante","8":"tag-actualite","9":"tag-aveugle","10":"tag-chirurgie","11":"tag-chu","12":"tag-fr","13":"tag-france","14":"tag-handicap","15":"tag-health","16":"tag-herault","17":"tag-hopital","18":"tag-languedoc-roussillon","19":"tag-medecine","20":"tag-montpellier","21":"tag-occitanie","22":"tag-sante"},"share_on_mastodon":{"url":"https:\/\/pubeurope.com\/@fr\/115226719229849674","error":""},"_links":{"self":[{"href":"https:\/\/www.europesays.com\/fr\/wp-json\/wp\/v2\/posts\/400551","targetHints":{"allow":["GET"]}}],"collection":[{"href":"https:\/\/www.europesays.com\/fr\/wp-json\/wp\/v2\/posts"}],"about":[{"href":"https:\/\/www.europesays.com\/fr\/wp-json\/wp\/v2\/types\/post"}],"author":[{"embeddable":true,"href":"https:\/\/www.europesays.com\/fr\/wp-json\/wp\/v2\/users\/2"}],"replies":[{"embeddable":true,"href":"https:\/\/www.europesays.com\/fr\/wp-json\/wp\/v2\/comments?post=400551"}],"version-history":[{"count":0,"href":"https:\/\/www.europesays.com\/fr\/wp-json\/wp\/v2\/posts\/400551\/revisions"}],"wp:featuredmedia":[{"embeddable":true,"href":"https:\/\/www.europesays.com\/fr\/wp-json\/wp\/v2\/media\/400552"}],"wp:attachment":[{"href":"https:\/\/www.europesays.com\/fr\/wp-json\/wp\/v2\/media?parent=400551"}],"wp:term":[{"taxonomy":"category","embeddable":true,"href":"https:\/\/www.europesays.com\/fr\/wp-json\/wp\/v2\/categories?post=400551"},{"taxonomy":"post_tag","embeddable":true,"href":"https:\/\/www.europesays.com\/fr\/wp-json\/wp\/v2\/tags?post=400551"}],"curies":[{"name":"wp","href":"https:\/\/api.w.org\/{rel}","templated":true}]}}