{"id":400558,"date":"2025-09-18T18:32:10","date_gmt":"2025-09-18T18:32:10","guid":{"rendered":"https:\/\/www.europesays.com\/fr\/400558\/"},"modified":"2025-09-18T18:32:10","modified_gmt":"2025-09-18T18:32:10","slug":"hausse-des-pensions-pourquoi-les-retraites-agirc-arrco-toucheront-plus-que-prevu-en-novembre","status":"publish","type":"post","link":"https:\/\/www.europesays.com\/fr\/400558\/","title":{"rendered":"Hausse des pensions : pourquoi les retrait\u00e9s Agirc-Arrco toucheront plus que pr\u00e9vu en novembre"},"content":{"rendered":"<p>La question du pouvoir d&rsquo;achat des retrait\u00e9s occupe une place centrale dans le d\u00e9bat public fran\u00e7ais, surtout \u00e0 l&rsquo;approche de l&rsquo;automne, moment strat\u00e9gique o\u00f9 l&rsquo;Agirc-Arrco proc\u00e8de \u00e0 la revalorisation de ses pensions compl\u00e9mentaires. Cette ann\u00e9e, le suspense aura tenu en haleine jusqu&rsquo;au dernier moment : la hausse des pensions d&rsquo;octobre, pr\u00e9vue initialement en de\u00e7\u00e0 des attentes, pourrait finalement r\u00e9server une bonne surprise \u00e0 pr\u00e8s de 14 millions de retrait\u00e9s du secteur priv\u00e9. Pourquoi cette augmentation s&rsquo;annonce-t-elle meilleure que pr\u00e9vu ? Quels m\u00e9canismes expliquent cette am\u00e9lioration inattendue et en quoi va-t-elle concr\u00e8tement impacter les montants vers\u00e9s en novembre ? <strong>D\u00e9cryptage pointu et accessible<\/strong> d&rsquo;un coup de pouce bienvenu.<\/p>\n<p>Hausse surprise en novembre : une revalorisation plus g\u00e9n\u00e9reuse attendue<\/p>\n<p>Chaque automne, le rituel est bien r\u00f4d\u00e9. D\u00e8s le 1er novembre, les b\u00e9n\u00e9ficiaires de l&rsquo;Agirc-Arrco voient leur pension compl\u00e9mentaire ajust\u00e9e pour suivre l&rsquo;\u00e9volution du co\u00fbt de la vie. En 2025, ce rendez-vous incontournable apporte une nuance suppl\u00e9mentaire : le montant de l&rsquo;augmentation devrait \u00eatre <strong>sup\u00e9rieur aux pr\u00e9visions initiales<\/strong> qui tablaient sur une faible progression.<\/p>\n<p>Les derni\u00e8res estimations avancent un taux de revalorisation oscillant entre <strong>+0,8 % et +1,2 %<\/strong>, soit un niveau qui d\u00e9passe l\u00e9g\u00e8rement ce qu&rsquo;annon\u00e7aient les premiers calculs en d\u00e9but d&rsquo;ann\u00e9e. Pour m\u00e9moire, en 2024, la hausse avait finalement atteint +1,6 % gr\u00e2ce \u00e0 un petit coup de pouce du conseil d&rsquo;administration, alors que la formule aboutissait \u00e0 une hausse standard de 1,4 %. Cette tradition du \u00ab geste symbolique \u00bb n&rsquo;a pas \u00e9t\u00e9 oubli\u00e9e cette ann\u00e9e, notamment en raison du contexte inflationniste.<\/p>\n<p> Comment la revalorisation est-elle calcul\u00e9e ? Les cl\u00e9s pour comprendre<\/p>\n<p>Le monde de la retraite compl\u00e9mentaire n&rsquo;a rien d&rsquo;un club opaque r\u00e9serv\u00e9 aux initi\u00e9s. Le mode de calcul de la revalorisation annuelle des pensions Agirc-Arrco suit une m\u00e9thode bien pr\u00e9cise :<\/p>\n<ul>\n<li>Chaque 1er novembre, la pension \u00e9volue en fonction de <strong>l&rsquo;inflation annuelle hors tabac<\/strong>, mesur\u00e9e par l&rsquo;Insee.<\/li>\n<li>Depuis l&rsquo;accord interprofessionnel sign\u00e9 en 2023 pour la p\u00e9riode 2024-2026, il est d\u00e9cid\u00e9 que la hausse corresponde \u00e0 l&rsquo;inflation constat\u00e9e, <strong>diminu\u00e9e de 0,4 point<\/strong>.<\/li>\n<\/ul>\n<p>L&rsquo;objectif de cette r\u00e8gle ? Trouver le juste \u00e9quilibre entre pr\u00e9servation du pouvoir d&rsquo;achat et viabilit\u00e9 financi\u00e8re du syst\u00e8me. Le conseil d&rsquo;administration b\u00e9n\u00e9ficie \u00e9galement d&rsquo;une marge de man\u0153uvre de plus ou moins 0,4 point pour affiner le taux en fonction des circonstances \u00e9conomiques ou d&rsquo;un \u00e9ventuel besoin de signal fort sur le plan politique ou social.<\/p>\n<p>L&rsquo;ann\u00e9e 2025 n&rsquo;a pas \u00e9chapp\u00e9 \u00e0 cette pratique, et les discussions men\u00e9es en septembre ont apparemment abouti \u00e0 une d\u00e9cision favorable aux retrait\u00e9s. R\u00e9sultat : <strong>l&rsquo;augmentation r\u00e9elle d\u00e9passera le strict minimum r\u00e9glementaire<\/strong>, offrant une bouff\u00e9e d&rsquo;oxyg\u00e8ne \u00e0 des millions de m\u00e9nages.<\/p>\n<p> Un impact direct et automatique sur les versements<\/p>\n<p>Bonne nouvelle pour les 14 millions d&rsquo;allocataires concern\u00e9s : la hausse s&rsquo;applique <strong>sans aucune d\u00e9marche particuli\u00e8re \u00e0 effectuer<\/strong>. \u00c0 partir de novembre, le montant brut, puis net, figurant sur le relev\u00e9 bancaire ou l&rsquo;espace personnel en ligne Agirc-Arrco, int\u00e9grera ce nouveau coefficient. L&rsquo;effet est donc imm\u00e9diat et automatique pour tous les b\u00e9n\u00e9ficiaires.<\/p>\n<p>Voici un tableau d&rsquo;illustration montrant l&rsquo;\u00e9volution estim\u00e9e pour diff\u00e9rents montants mensuels de pension :<\/p>\n<tr>\nPension mensuelle actuelle<br \/>\nHausse \u00e0 +0,8 %<br \/>\nHausse \u00e0 +1,2 %<br \/>\n<\/tr>\n<tr>\n<td>500 \u20ac<\/td>\n<td>504 \u20ac<\/td>\n<td>506 \u20ac<\/td>\n<\/tr>\n<tr>\n<td>900 \u20ac<\/td>\n<td>907,20 \u20ac<\/td>\n<td>910,80 \u20ac<\/td>\n<\/tr>\n<tr>\n<td>1 200 \u20ac<\/td>\n<td>1 209,60 \u20ac<\/td>\n<td>1 214,40 \u20ac<\/td>\n<\/tr>\n<p>Un petit plus qui, cumul\u00e9 sur une ann\u00e9e enti\u00e8re, repr\u00e9sente tout de m\u00eame une aide <strong>concr\u00e8te pour absorber<\/strong> les hausses persistantes des prix sur l&rsquo;alimentation, l&rsquo;\u00e9nergie ou la sant\u00e9.<\/p>\n<p>Derri\u00e8re la hausse : d\u00e9fendre le pouvoir d&rsquo;achat malgr\u00e9 les contraintes<\/p>\n<p>Ce coup de pouce n&rsquo;arrive pas par hasard. Avec une inflation encore sensible dans de nombreux postes de d\u00e9penses, la volont\u00e9 de soutenir la consommation des seniors p\u00e8se lourd dans la d\u00e9cision finale. Cette souplesse dans la revalorisation traduit aussi la <strong>capacit\u00e9 du syst\u00e8me Agirc-Arrco \u00e0 s&rsquo;adapter<\/strong>, en jonglant entre rigueur comptable et soutien du quotidien des retrait\u00e9s.<\/p>\n<p>Il faut toutefois rappeler que cette hausse reste mesur\u00e9e au regard des ressources du r\u00e9gime et de la n\u00e9cessit\u00e9 de garantir sa p\u00e9rennit\u00e9 sur le long terme. L&rsquo;historique r\u00e9cent le d\u00e9montre : l&rsquo;Agirc-Arrco sait faire preuve de pragmatisme et reste attentif \u00e0 la situation \u00e9conomique du moment.<\/p>\n<p>Une question d&rsquo;\u00e9quilibre : pr\u00e9server aujourd&rsquo;hui pour assurer demain<\/p>\n<p>En coulisses, la d\u00e9cision s&rsquo;appuie sur les projections d&rsquo;inflation, les pr\u00e9visions de recettes \u2014 aliment\u00e9es par les cotisations des actifs \u2014 et une <strong>gestion rigoureuse des r\u00e9serves<\/strong>. Les partenaires sociaux, garants du syst\u00e8me, restent particuli\u00e8rement vigilants pour \u00e9viter tout d\u00e9s\u00e9quilibre qui compromettrait la viabilit\u00e9 du r\u00e9gime.<\/p>\n<p>Le syst\u00e8me a travers\u00e9 les derni\u00e8res crises \u00e9conomiques, et la prudence demeure de mise. Mais le choix d&rsquo;un taux sup\u00e9rieur aux sc\u00e9narios les plus pessimistes est aussi une mani\u00e8re d&rsquo;affirmer l&rsquo;ambition du mod\u00e8le social fran\u00e7ais, celui qui place la solidarit\u00e9 interg\u00e9n\u00e9rationnelle au c\u0153ur de son fonctionnement.<\/p>\n<p>Ce qui attend les retrait\u00e9s Agirc-Arrco en novembre : mode d&#8217;emploi pratique<\/p>\n<p>Concr\u00e8tement, que faut-il attendre du versement de novembre ? La marche \u00e0 suivre est d&rsquo;une simplicit\u00e9 remarquable \u2014 une raret\u00e9 dans l&rsquo;univers administratif fran\u00e7ais ! <strong>Aucune d\u00e9marche n&rsquo;est requise<\/strong> : tout se fait automatiquement, les retrait\u00e9s peuvent vaquer \u00e0 leurs occupations sans s&rsquo;en pr\u00e9occuper.<\/p>\n<p>La hausse s&rsquo;appliquera directement sur la pension compl\u00e9mentaire. Elle appara\u00eetra sur le bulletin de paiement ou l&rsquo;espace en ligne Agirc-Arrco, mentionn\u00e9e comme \u00ab Revalorisation annuelle \u00bb. Pour ceux qui surveilleront leur relev\u00e9 bancaire, ce <strong>compl\u00e9ment financier sera bienvenu<\/strong> alors que l&rsquo;hiver s&rsquo;installe et que les factures s&rsquo;accumulent.<\/p>\n<p>Un conseil pratique : gardez un \u0153il attentif sur votre messagerie Agirc-Arrco ou consultez r\u00e9guli\u00e8rement votre espace personnel, au cas o\u00f9 d&rsquo;autres \u00e9volutions seraient annonc\u00e9es \u00e0 l&rsquo;approche de la fin d&rsquo;ann\u00e9e.<\/p>\n<p>La revalorisation des pensions Agirc-Arrco en novembre 2025 constitue finalement une agr\u00e9able surprise, d\u00e9passant les attentes initiales et prouvant que les chiffres peuvent parfois apporter un r\u00e9el soulagement financier. Reste \u00e0 observer si cette dynamique positive se maintiendra dans les ann\u00e9es \u00e0 venir, alors que la question du pouvoir d&rsquo;achat continuera sans doute d&rsquo;occuper le devant de la sc\u00e8ne sociale. Cette rentr\u00e9e 2025 redonne ainsi le sourire \u00e0 de nombreux retrait\u00e9s, dans un contexte \u00e9conomique qui demeure complexe.<\/p>\n","protected":false},"excerpt":{"rendered":"La question du pouvoir d&rsquo;achat des retrait\u00e9s occupe une place centrale dans le d\u00e9bat public fran\u00e7ais, surtout \u00e0&hellip;\n","protected":false},"author":2,"featured_media":400559,"comment_status":"","ping_status":"","sticky":false,"template":"","format":"standard","meta":{"footnotes":""},"categories":[6],"tags":[35,33,34,1011,27,56],"class_list":{"0":"post-400558","1":"post","2":"type-post","3":"status-publish","4":"format-standard","5":"has-post-thumbnail","7":"category-economie","8":"tag-business","9":"tag-economie","10":"tag-economy","11":"tag-fr","12":"tag-france","13":"tag-push"},"share_on_mastodon":{"url":"https:\/\/pubeurope.com\/@fr\/115226735016198574","error":""},"_links":{"self":[{"href":"https:\/\/www.europesays.com\/fr\/wp-json\/wp\/v2\/posts\/400558","targetHints":{"allow":["GET"]}}],"collection":[{"href":"https:\/\/www.europesays.com\/fr\/wp-json\/wp\/v2\/posts"}],"about":[{"href":"https:\/\/www.europesays.com\/fr\/wp-json\/wp\/v2\/types\/post"}],"author":[{"embeddable":true,"href":"https:\/\/www.europesays.com\/fr\/wp-json\/wp\/v2\/users\/2"}],"replies":[{"embeddable":true,"href":"https:\/\/www.europesays.com\/fr\/wp-json\/wp\/v2\/comments?post=400558"}],"version-history":[{"count":0,"href":"https:\/\/www.europesays.com\/fr\/wp-json\/wp\/v2\/posts\/400558\/revisions"}],"wp:featuredmedia":[{"embeddable":true,"href":"https:\/\/www.europesays.com\/fr\/wp-json\/wp\/v2\/media\/400559"}],"wp:attachment":[{"href":"https:\/\/www.europesays.com\/fr\/wp-json\/wp\/v2\/media?parent=400558"}],"wp:term":[{"taxonomy":"category","embeddable":true,"href":"https:\/\/www.europesays.com\/fr\/wp-json\/wp\/v2\/categories?post=400558"},{"taxonomy":"post_tag","embeddable":true,"href":"https:\/\/www.europesays.com\/fr\/wp-json\/wp\/v2\/tags?post=400558"}],"curies":[{"name":"wp","href":"https:\/\/api.w.org\/{rel}","templated":true}]}}