{"id":400560,"date":"2025-09-18T18:33:10","date_gmt":"2025-09-18T18:33:10","guid":{"rendered":"https:\/\/www.europesays.com\/fr\/400560\/"},"modified":"2025-09-18T18:33:10","modified_gmt":"2025-09-18T18:33:10","slug":"emmanuel-macron-affirme-quisrael-est-en-train-de-detruire-totalement-sa-credibilite","status":"publish","type":"post","link":"https:\/\/www.europesays.com\/fr\/400560\/","title":{"rendered":"Emmanuel Macron affirme qu&rsquo;Isra\u00ebl est en train de \u00abd\u00e9truire totalement\u00bb sa \u00abcr\u00e9dibilit\u00e9\u00bb"},"content":{"rendered":"<p>Si le pr\u00e9sident estime que l\u2019\u00c9tat h\u00e9breu \u00aba obtenu des r\u00e9sultats uniques en termes de s\u00e9curit\u00e9\u00bb, la poursuite de la guerre dans l\u2019enclave palestinienne est, selon lui, \u00abtotalement contreproductif\u00bb.<\/p>\n<p class=\"fig-paragraph\"><a href=\"http:\/\/www.lefigaro.fr\/international\/au-dela-de-la-reconnaissance-comment-emmanuel-macron-prepare-les-fondations-de-l-etat-de-palestine-20250918\" data-fig-type=\"Article\" data-gtm-custom-categorie=\"navigation\" data-gtm-custom-action=\"crossclick\" data-gtm-custom-label=\"Contextuel\" data-gtm-event=\"customEventSPE\" data-fig-domain=\"LEFIGARO\" rel=\"nofollow noopener\" target=\"_blank\">Emmanuel Macron<\/a>\u00a0n\u2019y va pas par quatre chemins. Dans une interview diffus\u00e9e jeudi \u00e0 une t\u00e9l\u00e9vision isra\u00e9lienne, le pr\u00e9sident a affirm\u00e9 qu&rsquo;Isra\u00ebl \u00e9tait en train de \u00abd\u00e9truire totalement\u00bb son \u00abimage et sa cr\u00e9dibilit\u00e9\u00bb dans l&rsquo;opinion publique mondiale, en raison des victimes civiles \u00e0 Gaza. \u00abIsra\u00ebl a obtenu des r\u00e9sultats uniques en termes de s\u00e9curit\u00e9\u00bb, \u00abmais mener ce genre d\u2019op\u00e9rations \u00e0 Gaza est totalement contreproductif et, je dois le dire, c\u2019est un \u00e9chec\u00bb, a dit le pr\u00e9sident fran\u00e7ais \u00e0 la cha\u00eene 12.<\/p>\n<p class=\"fig-body-link\">\n            \u00c0 lire aussi<br \/>\n        <a class=\"fig-body-link__link fig-premium-mark\" href=\"http:\/\/www.lefigaro.fr\/international\/emmanuel-macron-ennemi-diplomatique-numero-un-en-israel-20250903\" data-fig-type=\"Article\" data-gtm-custom-categorie=\"navigation\" data-gtm-custom-action=\"crossclick\" data-gtm-custom-label=\"Contextuel\" data-gtm-event=\"customEventSPE\" data-fig-domain=\"LEFIGARO\" rel=\"nofollow noopener\" target=\"_blank\">Emmanuel Macron, ennemi diplomatique num\u00e9ro un en Isra\u00ebl<br \/>\n    <\/a>\n<\/p>\n<p class=\"fig-paragraph\">Justifiant sa d\u00e9cision de reconna\u00eetre un \u00c9tat palestinien, Emmanuel Macron a indiqu\u00e9 qu\u2019il s\u2019agissait de \u00abla meilleure mani\u00e8re d\u2019isoler le Hamas\u00bb dans le cadre du plan port\u00e9 par la France \u00e0 l\u2019ONU. Il a \u00e9galement reconnu qu\u2019il avait voulu se rendre en Isra\u00ebl en amont de la r\u00e9union de la semaine prochaine \u00e0 New York pour expliquer sa position, avant que les autorit\u00e9s isra\u00e9liennes refusent sa venue. Malgr\u00e9 tout, il dit vouloir continuer \u00e0 \u00abtravailler\u00bb avec le premier ministre isra\u00e9lien Benyamin Netanyahou.<\/p>\n","protected":false},"excerpt":{"rendered":"Si le pr\u00e9sident estime que l\u2019\u00c9tat h\u00e9breu \u00aba obtenu des r\u00e9sultats uniques en termes de s\u00e9curit\u00e9\u00bb, la poursuite&hellip;\n","protected":false},"author":2,"featured_media":400561,"comment_status":"","ping_status":"","sticky":false,"template":"","format":"standard","meta":{"footnotes":""},"categories":[5],"tags":[11,1073,1011,27,665,14,664,12,28],"class_list":{"0":"post-400560","1":"post","2":"type-post","3":"status-publish","4":"format-standard","5":"has-post-thumbnail","7":"category-international","8":"tag-actualites","9":"tag-emmanuel-macron","10":"tag-fr","11":"tag-france","12":"tag-gaza","13":"tag-international","14":"tag-israel","15":"tag-news","16":"tag-world"},"share_on_mastodon":{"url":"https:\/\/pubeurope.com\/@fr\/115226738909389109","error":""},"_links":{"self":[{"href":"https:\/\/www.europesays.com\/fr\/wp-json\/wp\/v2\/posts\/400560","targetHints":{"allow":["GET"]}}],"collection":[{"href":"https:\/\/www.europesays.com\/fr\/wp-json\/wp\/v2\/posts"}],"about":[{"href":"https:\/\/www.europesays.com\/fr\/wp-json\/wp\/v2\/types\/post"}],"author":[{"embeddable":true,"href":"https:\/\/www.europesays.com\/fr\/wp-json\/wp\/v2\/users\/2"}],"replies":[{"embeddable":true,"href":"https:\/\/www.europesays.com\/fr\/wp-json\/wp\/v2\/comments?post=400560"}],"version-history":[{"count":0,"href":"https:\/\/www.europesays.com\/fr\/wp-json\/wp\/v2\/posts\/400560\/revisions"}],"wp:featuredmedia":[{"embeddable":true,"href":"https:\/\/www.europesays.com\/fr\/wp-json\/wp\/v2\/media\/400561"}],"wp:attachment":[{"href":"https:\/\/www.europesays.com\/fr\/wp-json\/wp\/v2\/media?parent=400560"}],"wp:term":[{"taxonomy":"category","embeddable":true,"href":"https:\/\/www.europesays.com\/fr\/wp-json\/wp\/v2\/categories?post=400560"},{"taxonomy":"post_tag","embeddable":true,"href":"https:\/\/www.europesays.com\/fr\/wp-json\/wp\/v2\/tags?post=400560"}],"curies":[{"name":"wp","href":"https:\/\/api.w.org\/{rel}","templated":true}]}}