{"id":400562,"date":"2025-09-18T18:34:14","date_gmt":"2025-09-18T18:34:14","guid":{"rendered":"https:\/\/www.europesays.com\/fr\/400562\/"},"modified":"2025-09-18T18:34:14","modified_gmt":"2025-09-18T18:34:14","slug":"direct-termine-greve-du-18-septembre-a-brest-environ-8-000-personnes-ont-manifeste","status":"publish","type":"post","link":"https:\/\/www.europesays.com\/fr\/400562\/","title":{"rendered":"DIRECT TERMIN\u00c9 &#8211; Gr\u00e8ve du 18 septembre : \u00e0 Brest, environ 8 000 personnes ont manifest\u00e9"},"content":{"rendered":"<p>Le 18 septembre 2025 \u00e0 06h01, modifi\u00e9 le 18 septembre 2025 \u00e0 18h22<\/p>\n<p class=\"tlg-h5\">Une nouvelle journ\u00e9e de gr\u00e8ve est organis\u00e9e ce 18 septembre, \u00e0 l&rsquo;appel des syndicats. A Brest, la journ\u00e9e a commenc\u00e9 par une distribution de tracts, au port de commerce, puis une manifestation, \u00e0 10 h 30, place de la Libert\u00e9, qui est d\u00e9sormais termin\u00e9e et s&rsquo;est d\u00e9roul\u00e9e dans le calme. Environ 8 000 personnes y ont pris part. Retrouvez, ici, notre direct.<\/p>\n<p><img fetchpriority=\"high\" decoding=\"async\" src=\"https:\/\/www.europesays.com\/fr\/wp-content\/uploads\/2025\/09\/68cbf3bcea852f499b05cdf7.1.jpeg\" width=\"960\" height=\"600\" class=\"web_golden_xl\" loading=\"eager\" alt=\"DIRECT TERMIN\u00c9 - Gr\u00e8ve du 18 septembre : \u00e0 Brest, environ 8 000 personnes ont manifest\u00e9\"\/><\/p>\n","protected":false},"excerpt":{"rendered":"Le 18 septembre 2025 \u00e0 06h01, modifi\u00e9 le 18 septembre 2025 \u00e0 18h22 Une nouvelle journ\u00e9e de gr\u00e8ve&hellip;\n","protected":false},"author":2,"featured_media":400563,"comment_status":"","ping_status":"","sticky":false,"template":"","format":"standard","meta":{"footnotes":""},"categories":[4],"tags":[11,3450,53184,829,6206,39405,32928,765,3321,1011,27,9815,22400,23054,53183,11639,12,22312,46096,24383,12173,32949,25,32241],"class_list":{"0":"post-400562","1":"post","2":"type-post","3":"status-publish","4":"format-standard","5":"has-post-thumbnail","7":"category-france","8":"tag-actualites","9":"tag-brest","10":"tag-brest-centre-ville","11":"tag-bretagne","12":"tag-chateaulin","13":"tag-chateauneuf-du-faou","14":"tag-crozon","15":"tag-en-continu","16":"tag-finistere","17":"tag-fr","18":"tag-france","19":"tag-landerneau","20":"tag-le-faou","21":"tag-lesneven","22":"tag-milizac-guipronvel","23":"tag-mouvement-social","24":"tag-news","25":"tag-plabennec","26":"tag-pleyben","27":"tag-ploudalmezeau","28":"tag-plouguerneau","29":"tag-pont-de-buis-les-quimerch","30":"tag-republique-francaise","31":"tag-saint-renan"},"share_on_mastodon":{"url":"https:\/\/pubeurope.com\/@fr\/115226744069293699","error":""},"_links":{"self":[{"href":"https:\/\/www.europesays.com\/fr\/wp-json\/wp\/v2\/posts\/400562","targetHints":{"allow":["GET"]}}],"collection":[{"href":"https:\/\/www.europesays.com\/fr\/wp-json\/wp\/v2\/posts"}],"about":[{"href":"https:\/\/www.europesays.com\/fr\/wp-json\/wp\/v2\/types\/post"}],"author":[{"embeddable":true,"href":"https:\/\/www.europesays.com\/fr\/wp-json\/wp\/v2\/users\/2"}],"replies":[{"embeddable":true,"href":"https:\/\/www.europesays.com\/fr\/wp-json\/wp\/v2\/comments?post=400562"}],"version-history":[{"count":0,"href":"https:\/\/www.europesays.com\/fr\/wp-json\/wp\/v2\/posts\/400562\/revisions"}],"wp:featuredmedia":[{"embeddable":true,"href":"https:\/\/www.europesays.com\/fr\/wp-json\/wp\/v2\/media\/400563"}],"wp:attachment":[{"href":"https:\/\/www.europesays.com\/fr\/wp-json\/wp\/v2\/media?parent=400562"}],"wp:term":[{"taxonomy":"category","embeddable":true,"href":"https:\/\/www.europesays.com\/fr\/wp-json\/wp\/v2\/categories?post=400562"},{"taxonomy":"post_tag","embeddable":true,"href":"https:\/\/www.europesays.com\/fr\/wp-json\/wp\/v2\/tags?post=400562"}],"curies":[{"name":"wp","href":"https:\/\/api.w.org\/{rel}","templated":true}]}}