{"id":400566,"date":"2025-09-18T18:36:31","date_gmt":"2025-09-18T18:36:31","guid":{"rendered":"https:\/\/www.europesays.com\/fr\/400566\/"},"modified":"2025-09-18T18:36:31","modified_gmt":"2025-09-18T18:36:31","slug":"linstallation-du-cirque-crone-fait-des-remous","status":"publish","type":"post","link":"https:\/\/www.europesays.com\/fr\/400566\/","title":{"rendered":"l\u2019installation du cirque Crone fait des remous"},"content":{"rendered":"<p>\u00ab\u00a0L\u2019\u00e9v\u00e9nement incontournable pour toute la famille\u00a0!\u00a0\u00bb Voil\u00e0 ce que promet l\u2019affiche du cirque Crone, qui s\u2019est install\u00e9 rue Ren\u00e9-Cotty \u00e0 Saint-Priest-En-Jarez, sur le parking accueillant les clients de plusieurs magasins dont Grand- Frais, M\u00e9dor et Compagnie, Action ou encore Litrimarch\u00e9.<\/p>\n<p>C\u2019est sur ce terrain priv\u00e9 que le cirque a mont\u00e9 son chapiteau vendredi 12\u00a0septembre. Une installation qui, selon de nombreux t\u00e9moignages, s\u2019est faite de mani\u00e8re illicite comme le confirme Christian Servant, le maire de Saint-Priest-en-Jarez.<\/p>\n<p>\u00ab\u00a0Ils pr\u00e9voyaient de s\u2019installer pour une seule journ\u00e9e\u00a0\u00bb<\/p>\n<p>\u00ab\u00a0C\u2019est un peu comme pour une rave-party, on se retrouve devant le fait accompli\u00a0\u00bb, nous a-t-il confi\u00e9, en expliquant que les responsables <a href=\"https:\/\/www.leprogres.fr\/faits-divers-justice\/2022\/05\/12\/cirque-crone-la-mairie-interdit-l-acces-aux-representations\" target=\"_blank\" rel=\"noopener\">du cirque Crone<\/a> avaient pris contact avec quelques commer\u00e7ants&#8230;<\/p>\n","protected":false},"excerpt":{"rendered":"\u00ab\u00a0L\u2019\u00e9v\u00e9nement incontournable pour toute la famille\u00a0!\u00a0\u00bb Voil\u00e0 ce que promet l\u2019affiche du cirque Crone, qui s\u2019est install\u00e9 rue&hellip;\n","protected":false},"author":2,"featured_media":400567,"comment_status":"","ping_status":"","sticky":false,"template":"","format":"standard","meta":{"footnotes":""},"categories":[9653],"tags":[1111,11,2430,1687,7539,1777,674,1011,27,12,25,4001,9664,15696,104,3140],"class_list":{"0":"post-400566","1":"post","2":"type-post","3":"status-publish","4":"format-standard","5":"has-post-thumbnail","7":"category-saint-etienne","8":"tag-actu","9":"tag-actualites","10":"tag-auvergne-rhone-alpes","11":"tag-culture-loisirs","12":"tag-edition-loire-sud","13":"tag-eu","14":"tag-europe","15":"tag-fr","16":"tag-france","17":"tag-news","18":"tag-republique-francaise","19":"tag-saint-etienne","20":"tag-saint-etienne-bassin","21":"tag-saint-priest-en-jarez","22":"tag-societe","23":"tag-spectacle"},"share_on_mastodon":{"url":"https:\/\/pubeurope.com\/@fr\/115226750706256791","error":""},"_links":{"self":[{"href":"https:\/\/www.europesays.com\/fr\/wp-json\/wp\/v2\/posts\/400566","targetHints":{"allow":["GET"]}}],"collection":[{"href":"https:\/\/www.europesays.com\/fr\/wp-json\/wp\/v2\/posts"}],"about":[{"href":"https:\/\/www.europesays.com\/fr\/wp-json\/wp\/v2\/types\/post"}],"author":[{"embeddable":true,"href":"https:\/\/www.europesays.com\/fr\/wp-json\/wp\/v2\/users\/2"}],"replies":[{"embeddable":true,"href":"https:\/\/www.europesays.com\/fr\/wp-json\/wp\/v2\/comments?post=400566"}],"version-history":[{"count":0,"href":"https:\/\/www.europesays.com\/fr\/wp-json\/wp\/v2\/posts\/400566\/revisions"}],"wp:featuredmedia":[{"embeddable":true,"href":"https:\/\/www.europesays.com\/fr\/wp-json\/wp\/v2\/media\/400567"}],"wp:attachment":[{"href":"https:\/\/www.europesays.com\/fr\/wp-json\/wp\/v2\/media?parent=400566"}],"wp:term":[{"taxonomy":"category","embeddable":true,"href":"https:\/\/www.europesays.com\/fr\/wp-json\/wp\/v2\/categories?post=400566"},{"taxonomy":"post_tag","embeddable":true,"href":"https:\/\/www.europesays.com\/fr\/wp-json\/wp\/v2\/tags?post=400566"}],"curies":[{"name":"wp","href":"https:\/\/api.w.org\/{rel}","templated":true}]}}