{"id":400568,"date":"2025-09-18T18:37:24","date_gmt":"2025-09-18T18:37:24","guid":{"rendered":"https:\/\/www.europesays.com\/fr\/400568\/"},"modified":"2025-09-18T18:37:24","modified_gmt":"2025-09-18T18:37:24","slug":"saint-etienne-enzo-21-ans-a-disparu-depuis-pres-dun-mois-la-police-alerte","status":"publish","type":"post","link":"https:\/\/www.europesays.com\/fr\/400568\/","title":{"rendered":"Saint-\u00c9tienne. Enzo, 21 ans, a disparu depuis pr\u00e8s d&rsquo;un mois : la police alerte"},"content":{"rendered":"<p>            Par<br \/>\n        <strong><br \/>\n            <a href=\"https:\/\/actu.fr\/auteur\/julien-sournies\" title=\"Consulter tous les articles de Julien Sournies\" target=\"_blank\" rel=\"noopener\">Julien Sournies<\/a><br \/>\n        <\/strong><\/p>\n<p>        Publi\u00e9 le<\/p>\n<p>            18 sept. 2025 \u00e0 18h23        <\/p>\n<p>Qui a vu<strong> Enzo Dumas<\/strong>, disparu dans le secteur de <a href=\"https:\/\/actu.fr\/saint-etienne\/\" target=\"_blank\" rel=\"noopener\">Saint-\u00c9tienne<\/a> depuis le 25 ao\u00fbt dernier ? Ce jeudi 18 septembre 2025, la police de la Loire a lanc\u00e9 un appel \u00e0 t\u00e9moins pour tenter de retrouver ce jeune homme de 21 ans.<\/p>\n<p class=\" wall-content\">Selon les forces de l\u2019ordre,\u00a0Enzo souffre de <strong>troubles de d\u00e9doublement de la personnalit\u00e9<\/strong> et peut se montrer virulent.\u00a0<\/p>\n<p>Sa description<\/p>\n<p class=\" wall-content\">Toujours d\u2019apr\u00e8s les autorit\u00e9s, Enzo est de type caucasien et mesure entre 1,75m et 1,80m. Il a les yeux marrons, poss\u00e8de des cheveux courts bruns et est de corpulence plut\u00f4t mince.<\/p>\n<p class=\" wall-content\">\n<p class=\" wall-content\">Si personne ne semble savoir comment il \u00e9tait v\u00eatu lors de sa disparition, la police informe qu\u2019Enzo porte souvent des robes orientales avec un foulard sur la t\u00eate.<\/p>\n<p class=\" wall-content\">Si vous avez des informations permettant d\u2019aider les enqu\u00eateurs, contactez le commissariat de Saint-\u00c9tienne au<strong> 04.77.43.36.02<\/strong>.<\/p>\n<p class=\" wall-content\">Personnalisez votre actualit\u00e9 en ajoutant vos villes et m\u00e9dias en favori avec <a href=\"https:\/\/moncompte.actu.fr\" title=\"D\u00e9couvez Mon Actu\" rel=\"nofollow noopener\" data-trk=\"{&quot;cta&quot;:{&quot;action&quot;:&quot;https:\\\/\\\/moncompte.actu.fr&quot;,&quot;category&quot;:&quot;mon compte&quot;,&quot;from&quot;:&quot;article footer&quot;,&quot;name&quot;:&quot;Mon actu&quot;,&quot;type&quot;:&quot;cta&quot;}}\" target=\"_blank\">Mon Actu<\/a>.<\/p>\n","protected":false},"excerpt":{"rendered":"Par Julien Sournies Publi\u00e9 le 18 sept. 2025 \u00e0 18h23 Qui a vu Enzo Dumas, disparu dans le&hellip;\n","protected":false},"author":2,"featured_media":400569,"comment_status":"","ping_status":"","sticky":false,"template":"","format":"standard","meta":{"footnotes":""},"categories":[9653],"tags":[1111,11,2430,3676,1777,674,118,1011,27,12,1072,25,4001],"class_list":{"0":"post-400568","1":"post","2":"type-post","3":"status-publish","4":"format-standard","5":"has-post-thumbnail","7":"category-saint-etienne","8":"tag-actu","9":"tag-actualites","10":"tag-auvergne-rhone-alpes","11":"tag-disparition-inquietante","12":"tag-eu","13":"tag-europe","14":"tag-faits-divers","15":"tag-fr","16":"tag-france","17":"tag-news","18":"tag-police","19":"tag-republique-francaise","20":"tag-saint-etienne"},"share_on_mastodon":{"url":"https:\/\/pubeurope.com\/@fr\/115226754622443413","error":""},"_links":{"self":[{"href":"https:\/\/www.europesays.com\/fr\/wp-json\/wp\/v2\/posts\/400568","targetHints":{"allow":["GET"]}}],"collection":[{"href":"https:\/\/www.europesays.com\/fr\/wp-json\/wp\/v2\/posts"}],"about":[{"href":"https:\/\/www.europesays.com\/fr\/wp-json\/wp\/v2\/types\/post"}],"author":[{"embeddable":true,"href":"https:\/\/www.europesays.com\/fr\/wp-json\/wp\/v2\/users\/2"}],"replies":[{"embeddable":true,"href":"https:\/\/www.europesays.com\/fr\/wp-json\/wp\/v2\/comments?post=400568"}],"version-history":[{"count":0,"href":"https:\/\/www.europesays.com\/fr\/wp-json\/wp\/v2\/posts\/400568\/revisions"}],"wp:featuredmedia":[{"embeddable":true,"href":"https:\/\/www.europesays.com\/fr\/wp-json\/wp\/v2\/media\/400569"}],"wp:attachment":[{"href":"https:\/\/www.europesays.com\/fr\/wp-json\/wp\/v2\/media?parent=400568"}],"wp:term":[{"taxonomy":"category","embeddable":true,"href":"https:\/\/www.europesays.com\/fr\/wp-json\/wp\/v2\/categories?post=400568"},{"taxonomy":"post_tag","embeddable":true,"href":"https:\/\/www.europesays.com\/fr\/wp-json\/wp\/v2\/tags?post=400568"}],"curies":[{"name":"wp","href":"https:\/\/api.w.org\/{rel}","templated":true}]}}