{"id":400572,"date":"2025-09-18T18:39:13","date_gmt":"2025-09-18T18:39:13","guid":{"rendered":"https:\/\/www.europesays.com\/fr\/400572\/"},"modified":"2025-09-18T18:39:13","modified_gmt":"2025-09-18T18:39:13","slug":"lasptt-nancy-un-invite-qui-aimerait-montrer-le-bout-de-son-nez","status":"publish","type":"post","link":"https:\/\/www.europesays.com\/fr\/400572\/","title":{"rendered":"l\u2019ASPTT Nancy, un invit\u00e9 qui aimerait montrer le bout de son nez"},"content":{"rendered":"<p>   Tour de Moselle De vendredi \u00e0 dimanche <\/p>\n<p>C\u2019est l\u2019avantage d\u2019\u00eatre une \u00e9quipe du coin. Comme le VC Hettange, \u00e9galement pr\u00e9sent parmi les 23 formations engag\u00e9es, l\u2019ASPTT Nancy (N3) a eu droit \u00e0 son carton d\u2019invitation pour un Tour de Moselle (Elite Nationale) davantage b\u00e2ti pour les \u00e9curies de N1 et N2 comme le Team Marni-N\u2019Side du Nanc\u00e9ien Arthur Liardet. \u00ab\u00a0Tous les ans, on est convi\u00e9s. C\u2019est vraiment une bonne chose. D\u2019abord pour les coureurs qui aiment faire de grosses courses comme celle-l\u00e0. Mais aussi pour le recrutement car cela montre aux coureurs qu\u2019on ne fait pas que du r\u00e9gional\u00a0\u00bb, se r\u00e9jouit Gilles Carpentier.<\/p>\n<p>\u00c9videmment, l\u2019ambition des postiers va \u00eatre l\u00e9gitimement mesur\u00e9e. D\u2019autant que le parcours, avec plusieurs arriv\u00e9es escarp\u00e9es, va favoriser les costauds et que le leader de l\u2019ASPTT, le Grec Emiliano Vila, a d\u00fb rentrer au pays pour satisfaire \u00e0 des obligations militaires. \u00ab\u00a0Comme il est sportif de haut niveau, il peut le faire par s\u00e9quences. C\u2019est la derni\u00e8re fois qu\u2019il doit y retourner\u00a0\u00bb, pr\u00e9cise son pr\u00e9sident.<\/p>\n<p>\u00ab\u00a0On ne se fait pas trop d\u2019illusion bien s\u00fbr\u00a0\u00bb, poursuit Gilles Carpentier, \u00ab\u00a0mais on esp\u00e8re tirer un peu notre \u00e9pingle du jeu. Faire des tops trente, ce serait pas mal\u00a0\u00bb. Le Britannique Benjamin Bright, en forme, et le N\u00e9o-Z\u00e9landais Jonty Harris, \u00ab\u00a0qui vient de rouler un mois dans une \u00e9quipe continentale\u00a0\u00bb, seront les meilleurs atouts de l\u2019invit\u00e9 nanc\u00e9ien, avant tout \u00ab\u00a0l\u00e0 pour apprendre\u00a0\u00bb. Premi\u00e8re \u00e9tape ce vendredi entre Hagen et Contz-les-Bains (144\u00a0km).<\/p>\n<p class=\"note\"><strong>L\u2019ASPTT Nancy\u00a0:<\/strong> B.\u00a0Bright (GBR), A.\u00a0Chateauneuf, P.\u00a0Cousin, H.\u00a0Chardigny, N.\u00a0Dieudonn\u00e9, J.\u00a0Harris (NZ).<\/p>\n","protected":false},"excerpt":{"rendered":"Tour de Moselle De vendredi \u00e0 dimanche C\u2019est l\u2019avantage d\u2019\u00eatre une \u00e9quipe du coin. Comme le VC Hettange,&hellip;\n","protected":false},"author":2,"featured_media":400573,"comment_status":"","ping_status":"","sticky":false,"template":"","format":"standard","meta":{"footnotes":""},"categories":[9635],"tags":[1111,11,207,1704,1777,674,1011,27,775,1702,1703,12,25,517,1700],"class_list":{"0":"post-400572","1":"post","2":"type-post","3":"status-publish","4":"format-standard","5":"has-post-thumbnail","7":"category-nancy","8":"tag-actu","9":"tag-actualites","10":"tag-cyclisme","11":"tag-edition-nancy-et-agglomeration","12":"tag-eu","13":"tag-europe","14":"tag-fr","15":"tag-france","16":"tag-grand-est","17":"tag-nancy","18":"tag-nancy-ville-54b","19":"tag-news","20":"tag-republique-francaise","21":"tag-sport","22":"tag-sport-lorrain"},"share_on_mastodon":{"url":"https:\/\/pubeurope.com\/@fr\/115226762505449172","error":""},"_links":{"self":[{"href":"https:\/\/www.europesays.com\/fr\/wp-json\/wp\/v2\/posts\/400572","targetHints":{"allow":["GET"]}}],"collection":[{"href":"https:\/\/www.europesays.com\/fr\/wp-json\/wp\/v2\/posts"}],"about":[{"href":"https:\/\/www.europesays.com\/fr\/wp-json\/wp\/v2\/types\/post"}],"author":[{"embeddable":true,"href":"https:\/\/www.europesays.com\/fr\/wp-json\/wp\/v2\/users\/2"}],"replies":[{"embeddable":true,"href":"https:\/\/www.europesays.com\/fr\/wp-json\/wp\/v2\/comments?post=400572"}],"version-history":[{"count":0,"href":"https:\/\/www.europesays.com\/fr\/wp-json\/wp\/v2\/posts\/400572\/revisions"}],"wp:featuredmedia":[{"embeddable":true,"href":"https:\/\/www.europesays.com\/fr\/wp-json\/wp\/v2\/media\/400573"}],"wp:attachment":[{"href":"https:\/\/www.europesays.com\/fr\/wp-json\/wp\/v2\/media?parent=400572"}],"wp:term":[{"taxonomy":"category","embeddable":true,"href":"https:\/\/www.europesays.com\/fr\/wp-json\/wp\/v2\/categories?post=400572"},{"taxonomy":"post_tag","embeddable":true,"href":"https:\/\/www.europesays.com\/fr\/wp-json\/wp\/v2\/tags?post=400572"}],"curies":[{"name":"wp","href":"https:\/\/api.w.org\/{rel}","templated":true}]}}