{"id":400581,"date":"2025-09-18T18:44:11","date_gmt":"2025-09-18T18:44:11","guid":{"rendered":"https:\/\/www.europesays.com\/fr\/400581\/"},"modified":"2025-09-18T18:44:11","modified_gmt":"2025-09-18T18:44:11","slug":"deux-membres-du-mythique-groupe-de-djs-c2c-vont-se-produire-a-rouen","status":"publish","type":"post","link":"https:\/\/www.europesays.com\/fr\/400581\/","title":{"rendered":"deux membres du mythique groupe de DJs C2C vont se produire \u00e0 Rouen"},"content":{"rendered":"<p>            Par<br \/>\n        <strong><br \/>\n            <a href=\"https:\/\/actu.fr\/auteur\/yann-rivallan\" title=\"Consulter tous les articles de Yann Rivallan\" rel=\"nofollow noopener\" target=\"_blank\">Yann Rivallan<\/a><br \/>\n        <\/strong><\/p>\n<p>        Publi\u00e9 le<\/p>\n<p>            18 sept. 2025 \u00e0 20h16        <\/p>\n<p>C\u2019est un groupe l\u00e9gendaire dans le monde des DJs et de la musique \u00e9lectronique. Deux membres du <strong>groupe C2C<\/strong> (pour \u00ab\u2009Coup2Cross\u2009\u00bb) vont se produire au <strong>Quartier Libre<\/strong> de <a href=\"https:\/\/actu.fr\/normandie\/rouen_76540\" rel=\"nofollow noopener\" target=\"_blank\">Rouen<\/a> lors d\u2019une soir\u00e9e, samedi 20\u00a0septembre 2025. \u00c0 leurs c\u00f4t\u00e9s, deux autres DJs, dont un Rouennais, vont mixer tout au long de la\u00a0soir\u00e9e.<\/p>\n<p>Pfel et Greem, deux membres de C2C<\/p>\n<p class=\" wall-content\">Fond\u00e9 en 1998 par quatre Nantais, C2C a remport\u00e9 cons\u00e9cutivement <strong>quatre titres par \u00e9quipe de champions du monde<\/strong> du DMC (Disco Mix Club), autrement dit, la coupe du monde des DJs.<\/p>\n<p class=\" wall-content\">En 2012, le quatuor sort son premier EP et conna\u00eet un succ\u00e8s fulgurant, avec des hits qui r\u00e9sonnent encore dans la t\u00eate de nombreuses personnes. C\u2019est donc pour revivre un peu de cette nostalgie, le temps d\u2019une soir\u00e9e, que le Quartier Libre a invit\u00e9 <strong>Pfel et Greem<\/strong>, deux membres du c\u00e9l\u00e8bre groupe.<\/p>\n<p class=\" wall-content\">Depuis quelque temps, ils se sont lanc\u00e9s dans une nouvelle aventure en duo et allient la musique \u00e9lectronique avec hip-hop et bass music.<\/p>\n<p>Deux autres DJs se produiront<\/p>\n<p class=\" wall-content\">Durant cette soir\u00e9e, d\u2019autres artistes vont \u00e9galement se produire. \u00c0 commencer par <strong>Camille Doe<\/strong>, DJ originaire de Bordeaux et d\u00e9sormais \u00e9tablie \u00e0 Paris.<\/p>\n<p>    <img   decoding=\"async\" loading=\"lazy\" src=\"https:\/\/www.europesays.com\/fr\/wp-content\/uploads\/2025\/09\/camille-doe-quartier-libre-1-960x640.jpg\" alt=\"La DJ Camille Doe va \u00e9galement se produire.\" width=\"960\" height=\"640\"\/><br \/>\n    La DJ Camille Doe va \u00e9galement se produire. (\u00a9Camille Doe\/Document transmis)<\/p>\n<p class=\" wall-content\">Elle a fond\u00e9 le collectif Gogo Green et a un style \u00ab\u2009\u00e0 la crois\u00e9e de la chunky house, de la UKG, des samples hip-hop et de la tech-house\u2009\u00bb, pr\u00e9cisent les organisateurs du Quartier Libre sur la page de l\u2019\u00e9v\u00e9nement.<\/p>\n<p>Votre r\u00e9gion, votre actu !<\/p>\n<p>Recevez chaque jour les infos qui comptent pour vous.<\/p>\n<p>\t<a href=\"https:\/\/actu.fr\/newsletter\" class=\"ac-btn ac-btn--corner ac-btn--medium ac-btn--blue800\" rel=\"nofollow noopener\" target=\"_blank\">S&rsquo;incrire<\/a><\/p>\n<p>    <img   decoding=\"async\" loading=\"lazy\" src=\"https:\/\/www.europesays.com\/fr\/wp-content\/uploads\/2025\/09\/aeonseven-quartier-libre-960x640.jpg\" alt=\"Le DJ originaire de Rouen, Aeon Seven, s'invitera aussi \u00e0 la f\u00eate.\" width=\"960\" height=\"640\"\/><br \/>\n    Le DJ originaire de Rouen, Aeon Seven, s\u2019invitera aussi \u00e0 la f\u00eate. (\u00a9Aeon Seven\/Document transmis)<\/p>\n<p class=\" wall-content\">Et puis, c\u2019est aussi le DJ originaire de Rouen <strong>Aeon Seven<\/strong>, pr\u00e9sent sur la sc\u00e8ne depuis plus de 20\u00a0ans, qui va se produire au cours de cette soir\u00e9e. Un \u00ab\u2009ma\u00eetre du groove et des vinyles, qui nous fera voyager entre funk, hip-hop et beats incisifs\u2009\u00bb, promettent les organisateurs.<\/p>\n<p><strong>Infos pratiques<\/strong><br \/>\nParenth\u00e8se \u2013 Pfel&amp;Greem (From C2C), Camille Doe, Aeon Seven, au Quartier Libre de Rouen (1 rue Malouet 76100 Rouen), samedi 20\u00a0septembre 2025, de 18h \u00e0 00h45. Pour r\u00e9server sa place, c\u2019est <a href=\"https:\/\/shotgun.live\/fr\/events\/parenthese-pfelandgreem-camille-doe-aeon-seven\" rel=\"nofollow noopener\" target=\"_blank\">par ici<\/a>.Suivez l\u2019actualit\u00e9 de Rouen sur <a href=\"https:\/\/www.whatsapp.com\/channel\/0029VaKfnf99hXF2ddApFB1D\" rel=\"nofollow noopener\" target=\"_blank\">notre cha\u00eene WhatsApp<\/a> et sur <a href=\"https:\/\/www.tiktok.com\/@76actu.fr?lang=fr\" rel=\"nofollow noopener\" target=\"_blank\">notre compte TikTok<\/a><\/p>\n<p class=\" wall-content\">Personnalisez votre actualit\u00e9 en ajoutant vos villes et m\u00e9dias en favori avec <a href=\"https:\/\/moncompte.actu.fr\" title=\"D\u00e9couvez Mon Actu\" rel=\"nofollow noopener\" data-trk=\"{&quot;cta&quot;:{&quot;action&quot;:&quot;https:\\\/\\\/moncompte.actu.fr&quot;,&quot;category&quot;:&quot;mon compte&quot;,&quot;from&quot;:&quot;article footer&quot;,&quot;name&quot;:&quot;Mon actu&quot;,&quot;type&quot;:&quot;cta&quot;}}\" target=\"_blank\">Mon Actu<\/a>.<\/p>\n<p>                    <script async src=\"\/\/www.tiktok.com\/embed.js\"><\/script><\/p>\n","protected":false},"excerpt":{"rendered":"Par Yann Rivallan Publi\u00e9 le 18 sept. 2025 \u00e0 20h16 C\u2019est un groupe l\u00e9gendaire dans le monde des&hellip;\n","protected":false},"author":2,"featured_media":400582,"comment_status":"","ping_status":"","sticky":false,"template":"","format":"standard","meta":{"footnotes":""},"categories":[9587],"tags":[1111,11,9086,1777,674,1011,27,1652,873,12,5161,25,9590],"class_list":{"0":"post-400581","1":"post","2":"type-post","3":"status-publish","4":"format-standard","5":"has-post-thumbnail","7":"category-rouen","8":"tag-actu","9":"tag-actualites","10":"tag-bon-plan-a-rouen","11":"tag-eu","12":"tag-europe","13":"tag-fr","14":"tag-france","15":"tag-loisirs-culture","16":"tag-musique","17":"tag-news","18":"tag-normandie","19":"tag-republique-francaise","20":"tag-rouen"},"share_on_mastodon":{"url":"https:\/\/pubeurope.com\/@fr\/115226782234786618","error":""},"_links":{"self":[{"href":"https:\/\/www.europesays.com\/fr\/wp-json\/wp\/v2\/posts\/400581","targetHints":{"allow":["GET"]}}],"collection":[{"href":"https:\/\/www.europesays.com\/fr\/wp-json\/wp\/v2\/posts"}],"about":[{"href":"https:\/\/www.europesays.com\/fr\/wp-json\/wp\/v2\/types\/post"}],"author":[{"embeddable":true,"href":"https:\/\/www.europesays.com\/fr\/wp-json\/wp\/v2\/users\/2"}],"replies":[{"embeddable":true,"href":"https:\/\/www.europesays.com\/fr\/wp-json\/wp\/v2\/comments?post=400581"}],"version-history":[{"count":0,"href":"https:\/\/www.europesays.com\/fr\/wp-json\/wp\/v2\/posts\/400581\/revisions"}],"wp:featuredmedia":[{"embeddable":true,"href":"https:\/\/www.europesays.com\/fr\/wp-json\/wp\/v2\/media\/400582"}],"wp:attachment":[{"href":"https:\/\/www.europesays.com\/fr\/wp-json\/wp\/v2\/media?parent=400581"}],"wp:term":[{"taxonomy":"category","embeddable":true,"href":"https:\/\/www.europesays.com\/fr\/wp-json\/wp\/v2\/categories?post=400581"},{"taxonomy":"post_tag","embeddable":true,"href":"https:\/\/www.europesays.com\/fr\/wp-json\/wp\/v2\/tags?post=400581"}],"curies":[{"name":"wp","href":"https:\/\/api.w.org\/{rel}","templated":true}]}}