{"id":400595,"date":"2025-09-18T18:53:10","date_gmt":"2025-09-18T18:53:10","guid":{"rendered":"https:\/\/www.europesays.com\/fr\/400595\/"},"modified":"2025-09-18T18:53:10","modified_gmt":"2025-09-18T18:53:10","slug":"le-festival-de-la-biere-artisanale-naura-pas-lieu-au-port-lympia-a-nice","status":"publish","type":"post","link":"https:\/\/www.europesays.com\/fr\/400595\/","title":{"rendered":"Le Festival de la bi\u00e8re artisanale n\u2019aura pas lieu au port Lympia \u00e0 Nice"},"content":{"rendered":"<p>\u00c7a devait \u00eatre la 4e \u00e9dition du Festival de la bi\u00e8re artisanale du 12 au 14 septembre\u2026 Un \u00e9v\u00e9nement report\u00e9 du 19 au 21 septembre au port Lympia pour cause d\u2019Ironman, puis finalement annul\u00e9. \u00ab\u00a0On a re\u00e7u un message, fin ao\u00fbt, pour nous dire que c\u2019\u00e9tait purement et simplement annul\u00e9\u00a0\u00bb, raconte Lionel Derradi, tr\u00e9sorier de l\u2019association GDM loisirs.<\/p>\n<p>L\u2019\u00e9v\u00e9nement, dont le co\u00fbt d\u2019organisation s\u2019\u00e9l\u00e8ve \u00e0 30.000 euros, devait accueillir une cinquantaine d\u2019artistes, autant d\u2019exposants et de brasseurs artisanaux et pr\u00e8s de 5.000 visiteurs. \u00ab\u00a0Nous sommes dans le rouge. C\u2019est tout le travail depuis le d\u00e9but de l\u2019ann\u00e9e qui tombe \u00e0 l\u2019eau. Et on n\u2019a pas d\u2019autres propositions de dates ou de sites\u00a0\u00bb, l\u00e2che Lionel Derradi. Qui esp\u00e8re \u00ab\u00a0trouver une solution \u00e0 l\u2019amiable sur un site \u00e0 \u00e9quivalence de fr\u00e9quentation\u00a0\u00bb.<\/p>\n<p>Car \u00ab\u00a0cet \u00e9v\u00e9nement, dont l\u2019entr\u00e9e \u00e9tait fix\u00e9e \u00e0 trois euros, permettait de financer la finale France Strongman [1] 2026 programm\u00e9e du 8 au 10 mai 2026 \u00e0 Nice\u00a0\u00bb, indique le tr\u00e9sorier de GDM loisirs.<\/p>\n<p>\u00ab\u00a0Un \u00e9v\u00e9nement, pay\u00e9 par le contribuable, \u00e0 quelques jours d\u2019intervalle\u00a0\u00bb<\/p>\n<p>\u00ab\u00a0Je ne comprends pas bien la logique. On annule un \u00e9v\u00e9nement priv\u00e9 financ\u00e9 par des fonds priv\u00e9s et on autorise Oktoberfest, un \u00e9v\u00e9nement, organis\u00e9 par la Ville et la M\u00e9tropole, pay\u00e9 par le contribuable, puisque l\u2019entr\u00e9e est gratuite, au m\u00eame endroit \u00e0 quelques jours d\u2019intervalle\u00a0\u00bb, s\u2019interroge Lionel Derradi qui assure \u00ab\u00a0ne pas vouloir entrer dans une d\u00e9marche de conflit\u00a0\u00bb.<\/p>\n<p>Pour Olivier Bettati, charg\u00e9 de mission Ports de Nice: \u00ab\u00a0Effectivement, ils ont fait une r\u00e9servation cet hiver. Mais \u00e7a ne correspondait pas aux crit\u00e8res qualitatifs que nous voulions mettre en place. On ne veut plus, quand il y a des bateaux haut de gamme, des manifestations de ce genre. On veut moins de manifestations, mais qu\u2019elles soient plus qualitatives. C\u2019est \u00e0 la demande des plaisanciers, des habitants et des commer\u00e7ants. On va trouver une solution, mais ailleurs.\u00a0\u00bb<\/p>\n<p>Dans un mail, le service \u00e9v\u00e9nementiel de la Ville de Nice et de la M\u00e9tropole balaye \u00e9galement l\u2019option de la promenade du Paillon. \u00ab\u00a0Nous n\u2019avons aucune disponibilit\u00e9 avant le printemps 2026 sur la promenade du Paillon. (\u2026) Le calendrier de cet espace est extr\u00eamement contraint. Nous priorisons son utilisation pour de grandes manifestations \u00e0 fort potentiel d\u2019attractivit\u00e9 ou contribuant directement au d\u00e9veloppement des politiques publiques port\u00e9es par la collectivit\u00e9.\u00a0\u00bb<\/p>\n<p>Quel lieu et quelle date pourraient \u00eatre propos\u00e9s aux organisateurs du Festival de la bi\u00e8re artisanale?<\/p>\n<p>1. Comp\u00e9tition pour mettre la force \u00e0 l\u2019\u00e9preuve (levage de rochers, remorquage de camions, etc.).<\/p>\n","protected":false},"excerpt":{"rendered":"\u00c7a devait \u00eatre la 4e \u00e9dition du Festival de la bi\u00e8re artisanale du 12 au 14 septembre\u2026 Un&hellip;\n","protected":false},"author":2,"featured_media":400596,"comment_status":"","ping_status":"","sticky":false,"template":"","format":"standard","meta":{"footnotes":""},"categories":[2819],"tags":[1111,11,1777,674,7186,1011,27,12,2401,882,25],"class_list":{"0":"post-400595","1":"post","2":"type-post","3":"status-publish","4":"format-standard","5":"has-post-thumbnail","7":"category-nice","8":"tag-actu","9":"tag-actualites","10":"tag-eu","11":"tag-europe","12":"tag-festivites","13":"tag-fr","14":"tag-france","15":"tag-news","16":"tag-nice","17":"tag-provence-alpes-cote-dazur","18":"tag-republique-francaise"},"share_on_mastodon":{"url":"https:\/\/pubeurope.com\/@fr\/115226817563209146","error":""},"_links":{"self":[{"href":"https:\/\/www.europesays.com\/fr\/wp-json\/wp\/v2\/posts\/400595","targetHints":{"allow":["GET"]}}],"collection":[{"href":"https:\/\/www.europesays.com\/fr\/wp-json\/wp\/v2\/posts"}],"about":[{"href":"https:\/\/www.europesays.com\/fr\/wp-json\/wp\/v2\/types\/post"}],"author":[{"embeddable":true,"href":"https:\/\/www.europesays.com\/fr\/wp-json\/wp\/v2\/users\/2"}],"replies":[{"embeddable":true,"href":"https:\/\/www.europesays.com\/fr\/wp-json\/wp\/v2\/comments?post=400595"}],"version-history":[{"count":0,"href":"https:\/\/www.europesays.com\/fr\/wp-json\/wp\/v2\/posts\/400595\/revisions"}],"wp:featuredmedia":[{"embeddable":true,"href":"https:\/\/www.europesays.com\/fr\/wp-json\/wp\/v2\/media\/400596"}],"wp:attachment":[{"href":"https:\/\/www.europesays.com\/fr\/wp-json\/wp\/v2\/media?parent=400595"}],"wp:term":[{"taxonomy":"category","embeddable":true,"href":"https:\/\/www.europesays.com\/fr\/wp-json\/wp\/v2\/categories?post=400595"},{"taxonomy":"post_tag","embeddable":true,"href":"https:\/\/www.europesays.com\/fr\/wp-json\/wp\/v2\/tags?post=400595"}],"curies":[{"name":"wp","href":"https:\/\/api.w.org\/{rel}","templated":true}]}}