{"id":400599,"date":"2025-09-18T18:55:15","date_gmt":"2025-09-18T18:55:15","guid":{"rendered":"https:\/\/www.europesays.com\/fr\/400599\/"},"modified":"2025-09-18T18:55:15","modified_gmt":"2025-09-18T18:55:15","slug":"le-trois-mats-belem-bientot-a-nantes-la-billetterie-est-ouverte","status":"publish","type":"post","link":"https:\/\/www.europesays.com\/fr\/400599\/","title":{"rendered":"Le trois-m\u00e2ts Belem bient\u00f4t \u00e0 Nantes\u00a0: la billetterie est ouverte"},"content":{"rendered":"<p>Le Belem fait son retour \u00e0 Nantes. Amarr\u00e9 au ponton du quai de la Fosse, le trois-m\u00e2ts barque \u00e0 coque en acier sera ouvert \u00e0 la visite du mardi 21\u00a0octobre au dimanche 2\u00a0novembre 2025.<\/p>\n<p>Le public pourra embarquer de 14\u00a0h \u00e0 18\u00a0h en semaine et de 10\u00a0h \u00e0 18\u00a0h le week-end (derni\u00e8re mont\u00e9e \u00e0 17\u00a0h\u00a030). \u00c0 bord, il sera guid\u00e9 \u00e0 la d\u00e9couverte des tr\u00e9sors et secrets du monument historique, construit dans les anciens chantiers Dubigeon \u00e0 Nantes, en 1896. Des membres de l\u2019\u00e9quipage sont en effet pr\u00e9sents et disponibles pour r\u00e9pondre aux questions et partager leur passion.<\/p>\n<p>Billetterie en ligne ou sur place<\/p>\n<p>La billetterie pour cette escale nantaise vient d\u2019ouvrir sur <a href=\"https:\/\/www.fondationbelem.com\/visiter\/visiter-le-belem-billetterie\" target=\"_blank\" rel=\"nofollow noopener\">le site de la fondation Belem Caisse d\u2019\u00c9pargne<\/a>. Une billetterie sera \u00e9galement disponible \u00e0 quai o\u00f9 une boutique itin\u00e9rante de produits et objets souvenirs sera dress\u00e9e les week-ends.<\/p>\n<p>Fin de saison avant l\u2019hivernage<\/p>\n<p>Le Belem va ainsi cl\u00f4turer une saison qui l\u2019aura vu naviguer du Maroc \u00e0 la Norv\u00e8ge en passant par la Grande-Bretagne et l\u2019Allemagne, mais aussi participer \u00e0 de grands rassemblements nautiques comme le Sail Amsterdam, la Tall ships races au Havre ou encore <a href=\"https:\/\/nantes.maville.com\/actu\/actudet_-en-images.-avec-debord-de-loire-une-parade-nautique-qui-en-met-plein-les-yeux-en-loire-atlantique-_8-6854016_actu.Htm\" target=\"_blank\" rel=\"nofollow noopener\">D\u00e9bord de Loire, en juin dernier entre Saint-Nazaire et Nantes<\/a>. Une saison riche apr\u00e8s une ann\u00e9e 2024 qui l\u2019aura vu crever l\u2019\u00e9cran <a href=\"https:\/\/www.ouest-france.fr\/premium\/journal\/journal-presse-ocean\/2024-05-01\/?edition=nantes-metropole-nord-et-sud\" target=\"_blank\" rel=\"nofollow noopener\">lors de sa qu\u00eate de la flamme olympique<\/a>.<\/p>\n<p>Apr\u00e8s son escale \u00e0 Nantes, le Belem devrait hiverner \u00e0 Saint-Nazaire <a href=\"https:\/\/nantes.maville.com\/actu\/actudet_-le-trois-mats-belem-lance-un-sos-sa-poupe-est-en-danger-_8-6499619_actu.Htm\" target=\"_blank\" rel=\"nofollow noopener\">pour un important chantier d\u2019entretien<\/a>.<\/p>\n<p>Tarifs visite\u00a0: adulte 8\u00a0\u20ac, de 6 \u00e0 12\u00a0ans 4\u00a0\u20ac. Gratuit pour les moins de 6\u00a0ans, les bienfaiteurs du Belem et les personnes en situation de handicap.<\/p>\n<p>\u00a0<\/p>\n","protected":false},"excerpt":{"rendered":"Le Belem fait son retour \u00e0 Nantes. Amarr\u00e9 au ponton du quai de la Fosse, le trois-m\u00e2ts barque&hellip;\n","protected":false},"author":2,"featured_media":400600,"comment_status":"","ping_status":"","sticky":false,"template":"","format":"standard","meta":{"footnotes":""},"categories":[2818],"tags":[1111,11,18434,10334,13940,1777,674,1011,27,766,12,12884,2636,25,53187],"class_list":{"0":"post-400599","1":"post","2":"type-post","3":"status-publish","4":"format-standard","5":"has-post-thumbnail","7":"category-nantes","8":"tag-actu","9":"tag-actualites","10":"tag-belem","11":"tag-bientot","12":"tag-billetterie","13":"tag-eu","14":"tag-europe","15":"tag-fr","16":"tag-france","17":"tag-nantes","18":"tag-news","19":"tag-ouverte","20":"tag-pays-de-la-loire","21":"tag-republique-francaise","22":"tag-trois-mats"},"share_on_mastodon":{"url":"https:\/\/pubeurope.com\/@fr\/115226825540708959","error":""},"_links":{"self":[{"href":"https:\/\/www.europesays.com\/fr\/wp-json\/wp\/v2\/posts\/400599","targetHints":{"allow":["GET"]}}],"collection":[{"href":"https:\/\/www.europesays.com\/fr\/wp-json\/wp\/v2\/posts"}],"about":[{"href":"https:\/\/www.europesays.com\/fr\/wp-json\/wp\/v2\/types\/post"}],"author":[{"embeddable":true,"href":"https:\/\/www.europesays.com\/fr\/wp-json\/wp\/v2\/users\/2"}],"replies":[{"embeddable":true,"href":"https:\/\/www.europesays.com\/fr\/wp-json\/wp\/v2\/comments?post=400599"}],"version-history":[{"count":0,"href":"https:\/\/www.europesays.com\/fr\/wp-json\/wp\/v2\/posts\/400599\/revisions"}],"wp:featuredmedia":[{"embeddable":true,"href":"https:\/\/www.europesays.com\/fr\/wp-json\/wp\/v2\/media\/400600"}],"wp:attachment":[{"href":"https:\/\/www.europesays.com\/fr\/wp-json\/wp\/v2\/media?parent=400599"}],"wp:term":[{"taxonomy":"category","embeddable":true,"href":"https:\/\/www.europesays.com\/fr\/wp-json\/wp\/v2\/categories?post=400599"},{"taxonomy":"post_tag","embeddable":true,"href":"https:\/\/www.europesays.com\/fr\/wp-json\/wp\/v2\/tags?post=400599"}],"curies":[{"name":"wp","href":"https:\/\/api.w.org\/{rel}","templated":true}]}}