{"id":400601,"date":"2025-09-18T18:56:44","date_gmt":"2025-09-18T18:56:44","guid":{"rendered":"https:\/\/www.europesays.com\/fr\/400601\/"},"modified":"2025-09-18T18:56:44","modified_gmt":"2025-09-18T18:56:44","slug":"une-septuagenaire-chute-de-deux-metres-en-marchant-sur-une-grille-daeration-a-nantes-2","status":"publish","type":"post","link":"https:\/\/www.europesays.com\/fr\/400601\/","title":{"rendered":"Une septuag\u00e9naire chute de deux m\u00e8tres en marchant sur une grille d\u2019a\u00e9ration \u00e0 Nantes"},"content":{"rendered":"<p>Plus de peur que de mal pour cette sexag\u00e9naire. Une vingtaine de <a href=\"https:\/\/www.20minutes.fr\/societe\/4165846-20250730-incendies-certaines-casernes-appel-secours-pourquoi-manque-pompiers-volontaires\" target=\"_blank\" class=\"c-link c-link--is-underlined\" rel=\"noopener\">sapeurs-pompiers<\/a> et l\u2019\u00e9quipe de sauvetage en milieux p\u00e9rilleux de Loire-Atlantique sont intervenus rue des plantes quartier Breil-Barberie \u00e0 <a href=\"https:\/\/www.20minutes.fr\/nantes\/\" target=\"_blank\" class=\"c-link c-link--is-underlined\" rel=\"noopener\">Nantes<\/a> ce jeudi aux alentours de 12h30. Une femme \u00e2g\u00e9e de 73 ans a chut\u00e9 d\u2019un peu moins de deux m\u00e8tres en marchant sur une grille d\u2019a\u00e9ration.<\/p>\n<p>Selon les sapeurs-pompiers, <a href=\"https:\/\/www.20minutes.fr\/faits_divers\/faits-divers-nantes\/\" target=\"_blank\" class=\"c-link c-link--is-underlined\" rel=\"noopener\">la victime a \u00e9t\u00e9 prise en charge<\/a> par les \u00e9quipes et transport\u00e9e dans un \u00e9tat l\u00e9ger.<\/p>\n<p>On ignore pour le moment la cause de la chute de cette grille situ\u00e9e au milieu du trottoir.<\/p>\n","protected":false},"excerpt":{"rendered":"Plus de peur que de mal pour cette sexag\u00e9naire. Une vingtaine de sapeurs-pompiers et l\u2019\u00e9quipe de sauvetage en&hellip;\n","protected":false},"author":2,"featured_media":400602,"comment_status":"","ping_status":"","sticky":false,"template":"","format":"standard","meta":{"footnotes":""},"categories":[2818],"tags":[1111,47,11,1777,674,118,6944,1011,27,3047,766,12,2636,25],"class_list":{"0":"post-400601","1":"post","2":"type-post","3":"status-publish","4":"format-standard","5":"has-post-thumbnail","7":"category-nantes","8":"tag-actu","9":"tag-actualite","10":"tag-actualites","11":"tag-eu","12":"tag-europe","13":"tag-faits-divers","14":"tag-faits-divers-nantes","15":"tag-fr","16":"tag-france","17":"tag-loire-atlantique","18":"tag-nantes","19":"tag-news","20":"tag-pays-de-la-loire","21":"tag-republique-francaise"},"share_on_mastodon":{"url":"https:\/\/pubeurope.com\/@fr\/115226829412532695","error":""},"_links":{"self":[{"href":"https:\/\/www.europesays.com\/fr\/wp-json\/wp\/v2\/posts\/400601","targetHints":{"allow":["GET"]}}],"collection":[{"href":"https:\/\/www.europesays.com\/fr\/wp-json\/wp\/v2\/posts"}],"about":[{"href":"https:\/\/www.europesays.com\/fr\/wp-json\/wp\/v2\/types\/post"}],"author":[{"embeddable":true,"href":"https:\/\/www.europesays.com\/fr\/wp-json\/wp\/v2\/users\/2"}],"replies":[{"embeddable":true,"href":"https:\/\/www.europesays.com\/fr\/wp-json\/wp\/v2\/comments?post=400601"}],"version-history":[{"count":0,"href":"https:\/\/www.europesays.com\/fr\/wp-json\/wp\/v2\/posts\/400601\/revisions"}],"wp:featuredmedia":[{"embeddable":true,"href":"https:\/\/www.europesays.com\/fr\/wp-json\/wp\/v2\/media\/400602"}],"wp:attachment":[{"href":"https:\/\/www.europesays.com\/fr\/wp-json\/wp\/v2\/media?parent=400601"}],"wp:term":[{"taxonomy":"category","embeddable":true,"href":"https:\/\/www.europesays.com\/fr\/wp-json\/wp\/v2\/categories?post=400601"},{"taxonomy":"post_tag","embeddable":true,"href":"https:\/\/www.europesays.com\/fr\/wp-json\/wp\/v2\/tags?post=400601"}],"curies":[{"name":"wp","href":"https:\/\/api.w.org\/{rel}","templated":true}]}}