{"id":400609,"date":"2025-09-18T19:00:16","date_gmt":"2025-09-18T19:00:16","guid":{"rendered":"https:\/\/www.europesays.com\/fr\/400609\/"},"modified":"2025-09-18T19:00:16","modified_gmt":"2025-09-18T19:00:16","slug":"toulouse-forte-mobilisation-slogan-anti-police-intimidations-au-coeur-de-la-manifestation-du-18-septembre","status":"publish","type":"post","link":"https:\/\/www.europesays.com\/fr\/400609\/","title":{"rendered":"Toulouse : forte mobilisation, slogan anti-police, intimidations&#8230; au c\u0153ur de la manifestation du 18 septembre"},"content":{"rendered":"<p>Quelques camions de police ouvrent la rue. Sur les boulevards, la circulation est bloqu\u00e9e. Ordre est donn\u00e9 aux passants de contourner par les \u00e9troites ruelles du centre-ville de <a href=\"https:\/\/www.valeursactuelles.com\/regions\/occitanie\/haute-garonne\/toulouse\" target=\"_blank\" rel=\"noopener\">Toulouse<\/a> pour rejoindre leur destination. Sur la chauss\u00e9e, des jeunes sont assis face \u00e0 la mar\u00e9chauss\u00e9e. Certains sont masqu\u00e9s, d\u2019autres jettent des avions en papier sur la ligne de CRS qui leur font face, en scandant \u00ab contre l\u2019autorit\u00e9, des avions en papier \u00bb.<\/p>\n<p><a href=\"https:\/\/www.valeursactuelles.com\/societe\/greve-du-18-septembre-des-violences-xx-interpellations-et-une-guillotine-exhibee\" class=\"h-flex h-align-items-center h-border-tb h-ptb-15\" target=\"_blank\" rel=\"noopener\">A\u00a0LIRE\u00a0Gr\u00e8ve du 18 septembre : des violences, plus de 140 interpellations et une guillotine exhib\u00e9e<\/a><\/p>\n<p>A l\u2019appel de l\u2019intersyndicale, entre 18 000 et 40 000 personnes battent le pav\u00e9 \u00e0 Toulouse. Une semaine apr\u00e8s une premi\u00e8re manifestation \u00e9maill\u00e9e de violences, \u00e0 l\u2019appel du mouvement <a href=\"https:\/\/www.valeursactuelles.com\/politique\/mouvement-bloquons-tout-le-divorce-du-peuple-avec-lextreme-gauche\" target=\"_blank\" rel=\"noopener\">\u201cBloquons Tout\u201d<\/a>, les forces de l\u2019ordre sont sur le pied de guerre. Dans les ruelles longeant le trac\u00e9 de la manifestation d\u00e9clar\u00e9e, les \u00e9quipes de la compagnie d\u00e9partementale d\u2019intervention suivent les \u00e9v\u00e9nements d\u2019un coin de l\u2019\u0153il.<\/p>\n<p>\u00a0<\/p>\n<p><img loading=\"lazy\" decoding=\"async\" class=\"size-medium wp-image-391904 lazy\" src=\"https:\/\/www.europesays.com\/fr\/wp-content\/uploads\/2025\/09\/P1012933-300x200.jpg\" alt=\"\" width=\"300\" height=\"200\"  data-\/>Drapeaux noirs et palestiniens font face au canon \u00e0 eau des forces de l\u2019ordre, place Jean-Jaur\u00e8s, \u00e0 Toulouse, jeudi 18 septembre. Photo \u00a9 Cyril VielrecobreLes syndicats d\u00e9bord\u00e9s par les \u201cultras\u201d<a href=\"https:\/\/www.valeursactuelles.com\/clubvaleurs\/societe\/fabien-vanhemelryck-un-electrochoc-de-securite-est-urgent\" class=\"h-flex h-align-items-center h-border-tb h-ptb-15\" target=\"_blank\" rel=\"noopener\">A\u00a0LIRE\u00a0Fabien Vanhemelryck : \u00ab\u00a0Un \u00e9lectrochoc de s\u00e9curit\u00e9 est urgent\u00a0\u00bb<\/a><\/p>\n<p>Le cort\u00e8ge officiel, emmen\u00e9 par la CGT et la FSU est rapidement devanc\u00e9 par un millier de militants radicaux. Les messages sont plus hostiles que sociaux. \u00ab A.C.A.B \u00bb pour \u201cAll Cops are bastards\u201d (\u201cTous les flics sont des batards\u201d) sont scand\u00e9s au nez et \u00e0 la barbe des forces de l\u2019ordre, entre deux \u201cSiamo tutti antifascisti\u201d, slogan de ralliement de l\u2019extr\u00eame gauche. Pas de banderole contre les efforts budg\u00e9taires demand\u00e9s par l\u2019ancien Premier ministre, Fran\u00e7ois Bayrou. Peu de message \u00e0 l\u2019encontre du nouveau chef du gouvernement, <a href=\"https:\/\/www.valeursactuelles.com\/tag\/sebastien-lecornu\" target=\"_blank\" rel=\"noopener\">S\u00e9bastien Lecornu<\/a>.<\/p>\n<p><a href=\"https:\/\/www.valeursactuelles.com\/clubvaleurs\/politique\/derriere-la-fausse-chasse-aux-negres-lultragauche-a-la-manoeuvre\" class=\"h-flex h-align-items-center h-border-tb h-ptb-15\" target=\"_blank\" rel=\"noopener\">A\u00a0LIRE\u00a0Derri\u00e8re la fausse \u201cchasse aux n\u00e8gres\u201d, l\u2019ultragauche \u00e0 la man\u0153uvre<\/a><\/p>\n<p>Devant les chars de la CGT tr\u00f4nent les drapeaux noirs, floqu\u00e9s d\u2019une t\u00eate de mort, des drapeaux palestiniens, LGBT et la faucille et le marteau. \u00ab C\u2019est un premier cort\u00e8ge sur lequel on porte notre attention, car il peut vite se transformer en black bloc \u00bb, confie un policier. Un cordon de CRS leur ouvre la voix et \u00e9vite que le cort\u00e8ge ne s\u2019\u00e9carte trop des organisateurs.<\/p>\n<p>Alors, lorsque les policiers font patienter les \u201cind\u00e9pendants\u201d de la manifestation, \u00e0 quelques encablures du lieu de dispersion officiel, la tension monte d\u2019un cran. Le bruit des tambours se fait plus martial. Les clapping encouragent la foule \u00e0 presser le pas. \u00ab Laissez-nous passer \u00bb, crie la foule. \u00ab La police nous bloque \u00bb, murmure-t-on dans le cort\u00e8ge, comme pour d\u00e9signer un coupable.<\/p>\n<p>Finalement, les manifestants sont men\u00e9s au carrefour des all\u00e9es Jean-Jaur\u00e8s o\u00f9 un face \u00e0 face tendu se pr\u00e9pare avec les forces de l\u2019ordre. Une compagnie de CRS bloque la progression du cort\u00e8ge et \u00e9vite tout d\u00e9part en manifestation sauvage. \u00ab C\u2019est \u00e0 ce moment-l\u00e0 que tout peut partir en vrille \u00bb, explique un policier habitu\u00e9 des manifestations dans la ville rose. Certains jeunes s\u2019assient devant le canon \u00e0 eau dispos\u00e9 pr\u00e9ventivement. Devant les photographes, des manifestants tout de noir v\u00eatus lancent des avions en papier en guise de projectile. Pas de r\u00e9ponse.<\/p>\n<p>\u00ab Contre l\u2019Etat et pour la Palestine \u00bb<\/p>\n<p>En marge du cort\u00e8ge, quelques jeunes viennent s\u2019agr\u00e9ger au mouvement social. Souhaitant garder l\u2019anonymat, il explique \u00eatre pr\u00e9sent \u00ab contre l\u2019Etat et pour la Palestine \u00bb. A peine majeur, il se fait un malin plaisir de porter fi\u00e8rement sa cagoule, loin du profil plus discret du militant d\u2019ultra gauche. L\u2019interview est vite interrompue par des militants d\u2019extr\u00eame gauche. Non pas que la volont\u00e9 affich\u00e9e d\u2019en d\u00e9coudre les d\u00e9range, mais nos questions importunent.<\/p>\n<p>A quelques m\u00e8tres de l\u00e0, un homme d\u2019une quarantaine d\u2019ann\u00e9es, pancarte \u201cMacron D\u00e9mission\u201d peinte aux couleurs du drapeau national tente de s\u2019extraire du cort\u00e8ge. \u00ab Je pars avant que les casseurs d\u2019ultra gauche et la racaille ne s\u00e8ment le d\u00e9sordre \u00bb, confie-t-il. N\u2019appartenant \u00e0 aucun syndicat, il est venu \u00ab porter la voix de la France qui travaille \u00bb, poursuit le manifestant venu s\u2019agr\u00e9ger au cort\u00e8ge. D\u2019autres n\u2019ont pas pu quitter le cort\u00e8ge sans encombre. Selon nos confr\u00e8res de<a href=\"https:\/\/www.ladepeche.fr\/2025\/09\/18\/direct-greve-du-18-septembre-perturbations-defiles-infos-pratiques-suivez-cette-journee-daction-en-occitanie-et-en-france-12936019.php\" target=\"_blank\" rel=\"nofollow noopener\"> La D\u00e9p\u00eache<\/a>, un manifestant s\u2019est fait arracher son drapeau fran\u00e7ais, provoquant un d\u00e9but d\u2019\u00e9chauffour\u00e9es.<\/p>\n<p>Les syndicats plient bagage. La fin de la manifestation a sonn\u00e9. Quelques policiers tentent de disperser les manifestants. Les premiers gaz lacrymog\u00e8nes sont lanc\u00e9s. Les r\u00e9calcitrants? poursuivent leur manifestation en direction de la gare Matabiau. Le cort\u00e8ge s\u2019amenuise et se d\u00e9membre, nombreux quittent le mouvement social. Certains individus \u00e9chauff\u00e9s lancent fumig\u00e8nes et p\u00e9tards.<\/p>\n<p><img decoding=\"async\" loading=\"lazy\" class=\"size-medium wp-image-391903 lazy\" src=\"https:\/\/www.europesays.com\/fr\/wp-content\/uploads\/2025\/09\/interpelletion-floutee-police-300x200.jpg\" alt=\"\" width=\"300\" height=\"200\"  data-\/>37 personnes ont \u00e9t\u00e9 interpell\u00e9es \u00e0 Toulouse, jeudi 18 septembre, selon la pr\u00e9fecture de Haute-Garonne. Photo \u00a9 Cyril Vielrecobre<\/p>\n<p>La place Belfort s\u2019anime, une nuage de gaz lacrymog\u00e8ne envahit l\u2019espace, des projectiles sont \u00e9chang\u00e9s avec les policiers. Une voiture prend feu devant une cr\u00e8che, selon Actu Toulouse, sans que son origine ne soit pour l\u2019heure identifi\u00e9e. Rue Bayard, la brigade anticriminalit\u00e9 interpelle plusieurs individus hostiles devant les regards de ceux qui crient \u00e0 la bavure. Ils feront partie des 37 interpell\u00e9s \u00e0 Toulouse Au total, 309 interpellations ont eu lieu en marge des manifestations en France, selon les chiffres du minist\u00e8re de l\u2019Int\u00e9rieur. Une vingtaine de forces de l\u2019ordre et un journaliste ont \u00e9t\u00e9 bless\u00e9s.<\/p>\n","protected":false},"excerpt":{"rendered":"Quelques camions de police ouvrent la rue. Sur les boulevards, la circulation est bloqu\u00e9e. Ordre est donn\u00e9 aux&hellip;\n","protected":false},"author":2,"featured_media":400610,"comment_status":"","ping_status":"","sticky":false,"template":"","format":"standard","meta":{"footnotes":""},"categories":[2816],"tags":[1111,11,16995,1777,674,1011,27,35535,2088,12,2680,1072,25,11564,2312],"class_list":{"0":"post-400609","1":"post","2":"type-post","3":"status-publish","4":"format-standard","5":"has-post-thumbnail","7":"category-toulouse","8":"tag-actu","9":"tag-actualites","10":"tag-black-blocs","11":"tag-eu","12":"tag-europe","13":"tag-fr","14":"tag-france","15":"tag-incident","16":"tag-manifestation","17":"tag-news","18":"tag-occitanie","19":"tag-police","20":"tag-republique-francaise","21":"tag-syndicat","22":"tag-toulouse"},"share_on_mastodon":{"url":"https:\/\/pubeurope.com\/@fr\/115226845753464617","error":""},"_links":{"self":[{"href":"https:\/\/www.europesays.com\/fr\/wp-json\/wp\/v2\/posts\/400609","targetHints":{"allow":["GET"]}}],"collection":[{"href":"https:\/\/www.europesays.com\/fr\/wp-json\/wp\/v2\/posts"}],"about":[{"href":"https:\/\/www.europesays.com\/fr\/wp-json\/wp\/v2\/types\/post"}],"author":[{"embeddable":true,"href":"https:\/\/www.europesays.com\/fr\/wp-json\/wp\/v2\/users\/2"}],"replies":[{"embeddable":true,"href":"https:\/\/www.europesays.com\/fr\/wp-json\/wp\/v2\/comments?post=400609"}],"version-history":[{"count":0,"href":"https:\/\/www.europesays.com\/fr\/wp-json\/wp\/v2\/posts\/400609\/revisions"}],"wp:featuredmedia":[{"embeddable":true,"href":"https:\/\/www.europesays.com\/fr\/wp-json\/wp\/v2\/media\/400610"}],"wp:attachment":[{"href":"https:\/\/www.europesays.com\/fr\/wp-json\/wp\/v2\/media?parent=400609"}],"wp:term":[{"taxonomy":"category","embeddable":true,"href":"https:\/\/www.europesays.com\/fr\/wp-json\/wp\/v2\/categories?post=400609"},{"taxonomy":"post_tag","embeddable":true,"href":"https:\/\/www.europesays.com\/fr\/wp-json\/wp\/v2\/tags?post=400609"}],"curies":[{"name":"wp","href":"https:\/\/api.w.org\/{rel}","templated":true}]}}