{"id":40061,"date":"2025-04-20T23:18:09","date_gmt":"2025-04-20T23:18:09","guid":{"rendered":"https:\/\/www.europesays.com\/fr\/40061\/"},"modified":"2025-04-20T23:18:09","modified_gmt":"2025-04-20T23:18:09","slug":"previsions-du-lundi-21-avril-2025-3","status":"publish","type":"post","link":"https:\/\/www.europesays.com\/fr\/40061\/","title":{"rendered":"pr\u00e9visions du lundi 21 avril 2025"},"content":{"rendered":"<p>\u00c0 Nice, les maximales iront jusqu&rsquo;\u00e0 16\u00b0C dans la journ\u00e9e tandis que les minimales seront de 11\u00b0C. Avec des nuages le matin, le ciel sera encore couvert. Le soleil manquera car le ciel sera couvert par des nuages. Les valeurs seront de 12\u00b0C au minimum et de 16\u00b0C au maximum. Un petit vent de sud-est soufflera. L&rsquo;apr\u00e8s-midi, un important soleil brillera. Les temp\u00e9ratures afficheront entre 14\u00b0C et 16\u00b0C. Les valeurs iront de 13 \u00e0 14\u00b0C sur l&rsquo;ensemble de la soir\u00e9e. Le ciel sera limpide dans la nuit de lundi \u00e0 mardi.<\/p>\n<p>Un bel ensoleillement est pr\u00e9vu demain \u00e0 Nice. Une m\u00e9t\u00e9o plus chaude est attendue puisque les temp\u00e9ratures vont enregistrer une augmentation. Les valeurs seront comprises entre 12 et 17\u00b0C. Une modeste brise de sud-est sera ressentie par les habitants. Le matin, on pr\u00e9voit des valeurs avoisinant 15\u00b0C. Les temp\u00e9ratures s&rsquo;\u00e9chelonneront entre 15 et 17\u00b0C demain apr\u00e8s-midi. Des pluies \u00e9parses tomberont dans la soir\u00e9e. Les valeurs afficheront entre 14 et 15\u00b0C.<\/p>\n<p>Les jours passent mais ne se ressemblent pas. Les conditions m\u00e9t\u00e9orologiques seront changeantes pour les jours \u00e0 venir. Mercredi, la m\u00e9t\u00e9o sera pluvieuse alors qu&rsquo;une am\u00e9lioration est pr\u00e9vue jeudi.<\/p>\n<p><\/p>\n","protected":false},"excerpt":{"rendered":"\u00c0 Nice, les maximales iront jusqu&rsquo;\u00e0 16\u00b0C dans la journ\u00e9e tandis que les minimales seront de 11\u00b0C. Avec&hellip;\n","protected":false},"author":2,"featured_media":40062,"comment_status":"","ping_status":"","sticky":false,"template":"","format":"standard","meta":{"footnotes":""},"categories":[2819],"tags":[1111,11,2898,1777,674,1011,27,12,2401,883,2119,882,25],"class_list":{"0":"post-40061","1":"post","2":"type-post","3":"status-publish","4":"format-standard","5":"has-post-thumbnail","7":"category-nice","8":"tag-actu","9":"tag-actualites","10":"tag-alpes-maritimes","11":"tag-eu","12":"tag-europe","13":"tag-fr","14":"tag-france","15":"tag-news","16":"tag-nice","17":"tag-paca","18":"tag-previsions-meteo","19":"tag-provence-alpes-cote-dazur","20":"tag-republique-francaise"},"share_on_mastodon":{"url":"https:\/\/pubeurope.com\/@fr\/114372850736818696","error":""},"_links":{"self":[{"href":"https:\/\/www.europesays.com\/fr\/wp-json\/wp\/v2\/posts\/40061","targetHints":{"allow":["GET"]}}],"collection":[{"href":"https:\/\/www.europesays.com\/fr\/wp-json\/wp\/v2\/posts"}],"about":[{"href":"https:\/\/www.europesays.com\/fr\/wp-json\/wp\/v2\/types\/post"}],"author":[{"embeddable":true,"href":"https:\/\/www.europesays.com\/fr\/wp-json\/wp\/v2\/users\/2"}],"replies":[{"embeddable":true,"href":"https:\/\/www.europesays.com\/fr\/wp-json\/wp\/v2\/comments?post=40061"}],"version-history":[{"count":0,"href":"https:\/\/www.europesays.com\/fr\/wp-json\/wp\/v2\/posts\/40061\/revisions"}],"wp:featuredmedia":[{"embeddable":true,"href":"https:\/\/www.europesays.com\/fr\/wp-json\/wp\/v2\/media\/40062"}],"wp:attachment":[{"href":"https:\/\/www.europesays.com\/fr\/wp-json\/wp\/v2\/media?parent=40061"}],"wp:term":[{"taxonomy":"category","embeddable":true,"href":"https:\/\/www.europesays.com\/fr\/wp-json\/wp\/v2\/categories?post=40061"},{"taxonomy":"post_tag","embeddable":true,"href":"https:\/\/www.europesays.com\/fr\/wp-json\/wp\/v2\/tags?post=40061"}],"curies":[{"name":"wp","href":"https:\/\/api.w.org\/{rel}","templated":true}]}}