{"id":400617,"date":"2025-09-18T19:04:14","date_gmt":"2025-09-18T19:04:14","guid":{"rendered":"https:\/\/www.europesays.com\/fr\/400617\/"},"modified":"2025-09-18T19:04:14","modified_gmt":"2025-09-18T19:04:14","slug":"hovsep-ohanessian-patron-du-bar-argent-a-la-plaine-sen-est-alle","status":"publish","type":"post","link":"https:\/\/www.europesays.com\/fr\/400617\/","title":{"rendered":"Hovsep Ohanessian, patron du bar \u00ab\u00a0Argent\u00a0\u00bb \u00e0 la Plaine, s&rsquo;en est all\u00e9"},"content":{"rendered":"<p>Il avait l\u2019habitude d\u2019ouvrir <a href=\"https:\/\/www.laprovence.com\/article\/edition-marseille\/4382292\/la-belle-histoire-de-karine-et-hovsep-les-patrons-de-la-brasserie-argent.html\" target=\"_blank\" rel=\"nofollow noopener\">son bar Argent, rue Auguste-Blanqui<\/a> (5e) \u00e0 l\u2019aube pour accueillir les cantonniers, et de ne le fermer que bien apr\u00e8s 22h, sous l\u2019air de Mes amis, mes amours, mes emmerdes de Charles Aznavour. Figure du quartier depuis pr\u00e8s de vingt-cinq ans, Hovsep Ohanessian s\u2019est \u00e9teint le 18\u00a0ao\u00fbt dernier, \u00e0 l\u2019\u00e2ge de 71\u00a0ans. Apr\u00e8s une messe donn\u00e9e \u00e0 Marseille, il a \u00e9t\u00e9 inhum\u00e9 \u00e0 Erevan, en Arm\u00e9nie, dix jours plus tard.<\/p>\n<p>P\u00e8re de quatre enfants \u2013 Nerses, Verguine, Aravni et Arthur, les pr\u00e9noms respectifs de son grand-p\u00e8re, sa grand-m\u00e8re, son arri\u00e8re-grand-p\u00e8re et de son p\u00e8re \u2013, grand-p\u00e8re de dix petits-enfants, il \u00e9tait n\u00e9 en Arm\u00e9nie sovi\u00e9tique, o\u00f9 ses propres parents, <a href=\"https:\/\/www.laprovence.com\/article\/region\/5157259763240214\/marseille-commemore-les-110-ans-du-genocide-armenien-au-memorial-derevan\" target=\"_blank\" rel=\"nofollow noopener\">rescap\u00e9s du g\u00e9nocide de\u00a01915<\/a>, \u00e9taient retourn\u00e9s en\u00a01948, apr\u00e8s s\u2019\u00eatre r\u00e9fugi\u00e9s en Gr\u00e8ce, puis \u00e0 Marseille.<\/p>\n<p>\u00ab\u00a0Il portait une m\u00e9moire collective et un attachement \u00e0 Marseille\u00a0\u00bb<\/p>\n<p>Hovsep Ohanessian avait servi l\u2019arm\u00e9e sovi\u00e9tique en Ukraine avant de devenir chauffeur poids lourds pour aider sa famille et financer ses \u00e9tudes. Devenu ing\u00e9nieur en m\u00e9canique automobile, il avait dirig\u00e9 une usine de textile de 200 employ\u00e9s qu\u2019il avait privatis\u00e9e \u00e0 la chute de l\u2019URSS. Il avait ensuite lanc\u00e9 une fabrique de p\u00e2tes, puis de charcuterie, et ouvert tour \u00e0 tour des \u00e9piceries, un garage et un restaurant.<\/p>\n<p>En\u00a02000, dans l\u2019espoir de garantir un avenir \u00e0 ses enfants, il avait quitt\u00e9 <a href=\"https:\/\/www.laprovence.com\/article\/region\/1337434688888715\/la-ville-de-marseille-est-desormais-jumelee-avec-erevan-la-capitale-armenienne\" target=\"_blank\" rel=\"nofollow noopener\">Erevan<\/a>, pour repartir de z\u00e9ro, \u00e0 l\u2019\u00e2ge de 50\u00a0ans. Arriv\u00e9 \u00e0 Marseille, l\u2019entrepreneur avait repris un pressing rue Vitalis (5e), puis le bar-brasserie Argent rue Blanqui.<\/p>\n<p>Ceux qui l\u2019ont connu garderont en m\u00e9moire sa g\u00e9n\u00e9rosit\u00e9, sa loyaut\u00e9 et sa fid\u00e9lit\u00e9 en amiti\u00e9. \u00ab\u00a0Il fut un p\u00e8re aimant, un chef de famille respect\u00e9 et un homme profond\u00e9ment bon\u00a0\u00bb, a rappel\u00e9 son fils <a href=\"https:\/\/www.laprovence.com\/article\/papier\/3195559\/arthur-ohanessian-lengagement-politique-a-23-ans.html\" target=\"_blank\" rel=\"nofollow noopener\">Arthur qui, en\u00a02014, \u00e0 23\u00a0ans, s\u2019\u00e9tait fait conna\u00eetre en devenant le plus jeune \u00e9lu municipal<\/a>.<\/p>\n<p>\u00ab\u00a0Figure respect\u00e9e et aim\u00e9e, exemple d\u2019int\u00e9gration r\u00e9ussie, il incarnait la m\u00e9moire d\u2019une g\u00e9n\u00e9ration d\u2019hommes venus b\u00e2tir leur vie ici tout en gardant un lien ind\u00e9fectible avec l\u2019Arm\u00e9nie, ajoute-t-il. Par son parcours, sa capacit\u00e9 \u00e0 transmettre des valeurs de solidarit\u00e9 et de dignit\u00e9, il repr\u00e9sentait bien plus qu\u2019une histoire familiale\u00a0: il portait une m\u00e9moire collective et un attachement \u00e0 Marseille que beaucoup reconna\u00eetront.\u00a0\u00bb<\/p>\n","protected":false},"excerpt":{"rendered":"Il avait l\u2019habitude d\u2019ouvrir son bar Argent, rue Auguste-Blanqui (5e) \u00e0 l\u2019aube pour accueillir les cantonniers, et de&hellip;\n","protected":false},"author":2,"featured_media":400618,"comment_status":"","ping_status":"","sticky":false,"template":"","format":"standard","meta":{"footnotes":""},"categories":[2814],"tags":[17,1111,11,1261,9732,1102,1777,674,1011,27,53191,884,12,53192,4030,6775,882,16,25],"class_list":{"0":"post-400617","1":"post","2":"type-post","3":"status-publish","4":"format-standard","5":"has-post-thumbnail","7":"category-marseille","8":"tag-17","9":"tag-actu","10":"tag-actualites","11":"tag-argent","12":"tag-bar","13":"tag-breakingnews","14":"tag-eu","15":"tag-europe","16":"tag-fr","17":"tag-france","18":"tag-hovsep","19":"tag-marseille","20":"tag-news","21":"tag-ohanessian","22":"tag-patron","23":"tag-plaine","24":"tag-provence-alpes-cote-dazur","25":"tag-region","26":"tag-republique-francaise"},"share_on_mastodon":{"url":"https:\/\/pubeurope.com\/@fr\/115226860918710683","error":""},"_links":{"self":[{"href":"https:\/\/www.europesays.com\/fr\/wp-json\/wp\/v2\/posts\/400617","targetHints":{"allow":["GET"]}}],"collection":[{"href":"https:\/\/www.europesays.com\/fr\/wp-json\/wp\/v2\/posts"}],"about":[{"href":"https:\/\/www.europesays.com\/fr\/wp-json\/wp\/v2\/types\/post"}],"author":[{"embeddable":true,"href":"https:\/\/www.europesays.com\/fr\/wp-json\/wp\/v2\/users\/2"}],"replies":[{"embeddable":true,"href":"https:\/\/www.europesays.com\/fr\/wp-json\/wp\/v2\/comments?post=400617"}],"version-history":[{"count":0,"href":"https:\/\/www.europesays.com\/fr\/wp-json\/wp\/v2\/posts\/400617\/revisions"}],"wp:featuredmedia":[{"embeddable":true,"href":"https:\/\/www.europesays.com\/fr\/wp-json\/wp\/v2\/media\/400618"}],"wp:attachment":[{"href":"https:\/\/www.europesays.com\/fr\/wp-json\/wp\/v2\/media?parent=400617"}],"wp:term":[{"taxonomy":"category","embeddable":true,"href":"https:\/\/www.europesays.com\/fr\/wp-json\/wp\/v2\/categories?post=400617"},{"taxonomy":"post_tag","embeddable":true,"href":"https:\/\/www.europesays.com\/fr\/wp-json\/wp\/v2\/tags?post=400617"}],"curies":[{"name":"wp","href":"https:\/\/api.w.org\/{rel}","templated":true}]}}