{"id":400621,"date":"2025-09-18T19:07:27","date_gmt":"2025-09-18T19:07:27","guid":{"rendered":"https:\/\/www.europesays.com\/fr\/400621\/"},"modified":"2025-09-18T19:07:27","modified_gmt":"2025-09-18T19:07:27","slug":"rhone-lyon-dans-le-top-5-des-meilleures-villes-pour-la-pratique-du-velo-selon-ce-classement","status":"publish","type":"post","link":"https:\/\/www.europesays.com\/fr\/400621\/","title":{"rendered":"Rh\u00f4ne. Lyon dans le Top 5 des meilleures villes pour la pratique du v\u00e9lo selon ce classement"},"content":{"rendered":"<p>Lyon figure d\u00e9sormais parmi les cinq grandes villes de France les mieux class\u00e9es pour la pratique du v\u00e9lo. La F\u00e9d\u00e9ration des usagers de la bicyclette (FUB) lui attribue la note de 4,03 sur 5, soit un \u00ab\u00a0B\u00a0\u00bb sur l\u2019\u00e9chelle de notation. En 2021, la ville n\u2019affichait que 3,51, ce qui repr\u00e9sente une progression de 15\u00a0% en quatre ans.<\/p>\n<p>Ce barom\u00e8tre, lanc\u00e9 en 2017 et inspir\u00e9 du Fahrrad-Klima-Test allemand, est devenu la plus grande enqu\u00eate citoyenne au monde sur le ressenti des cyclistes. L\u2019\u00e9dition 2025 bat un record de participation avec pr\u00e8s de 335\u00a0000 r\u00e9ponses, soit 100\u00a0000 de plus qu\u2019en 2024.<\/p>\n<p>Au classement des grandes villes, Grenoble et Strasbourg trustent une nouvelle fois les premi\u00e8res places, suivies par Rennes. Lyon arrive en quatri\u00e8me position, devant Annecy. \u00ab\u00a0Les grandes villes confirment leur r\u00f4le de locomotives du v\u00e9lo en France\u00a0\u00bb, souligne la FUB.<\/p>\n<p>  Ce que disent les cyclistes<\/p>\n<p>L\u2019enqu\u00eate distingue le ressenti des cyclistes quotidiens, globalement plus indulgents, de celui des usagers occasionnels, souvent plus exigeants. Parmi les principales pr\u00e9occupations exprim\u00e9es\u00a0: <a href=\"https:\/\/www.leprogres.fr\/transport\/2024\/12\/22\/entre-incivilites-et-insecurite-les-cyclistes-en-quete-de-respect\" target=\"_blank\" rel=\"nofollow noopener\">le sentiment d\u2019ins\u00e9curit\u00e9<\/a> (60\u00a0%), le manque d\u2019am\u00e9nagements cyclables (50\u00a0%), la vitesse trop \u00e9lev\u00e9e des v\u00e9hicules motoris\u00e9s (32\u00a0%).<\/p>\n<p>Malgr\u00e9 des efforts constat\u00e9s en mati\u00e8re de stationnement v\u00e9lo, l\u2019offre reste jug\u00e9e largement insuffisante. Pr\u00e8s de 1344 lieux-cl\u00e9s manquant de stationnement ont \u00e9t\u00e9 signal\u00e9s dans 594 communes. Le classement des gares les plus mal not\u00e9es pointe notamment Grenoble, Marseille Saint-Charles et <a href=\"https:\/\/www.leprogres.fr\/transport\/2025\/08\/07\/voie-lyonnaise-3-ce-nouveau-troncon-qui-transforme-les-quais-de-saone-de-perrache-au-pont-koenig\" target=\"_blank\" rel=\"nofollow noopener\">Lyon Perrache<\/a> parmi les points noirs.<\/p>\n<p>  Un barom\u00e8tre de r\u00e9f\u00e9rence<\/p>\n<p>Le barom\u00e8tre attribue une note de A +\u00a0\u00e0 G \u00e0 chaque commune participante, selon un d\u00e9grad\u00e9 de couleurs allant du vert au rouge. Les r\u00e9sultats d\u00e9taillent non seulement la s\u00e9curit\u00e9 et la qualit\u00e9 des am\u00e9nagements cyclables, mais aussi la facilit\u00e9 \u00e0 stationner son v\u00e9lo, la signalisation, ou encore la place accord\u00e9e aux cyclistes dans l\u2019espace public. Pour cette \u00e9dition 2025, plus de 12\u00a0000 communes ont particip\u00e9.<\/p>\n","protected":false},"excerpt":{"rendered":"Lyon figure d\u00e9sormais parmi les cinq grandes villes de France les mieux class\u00e9es pour la pratique du v\u00e9lo.&hellip;\n","protected":false},"author":2,"featured_media":400622,"comment_status":"","ping_status":"","sticky":false,"template":"","format":"standard","meta":{"footnotes":""},"categories":[1889],"tags":[1111,11,2430,2757,436,1777,674,107,1011,27,2428,2756,12,25,2429,71,104,517],"class_list":{"0":"post-400621","1":"post","2":"type-post","3":"status-publish","4":"format-standard","5":"has-post-thumbnail","7":"category-lyon","8":"tag-actu","9":"tag-actualites","10":"tag-auvergne-rhone-alpes","11":"tag-edition-lyon-villeurbanne","12":"tag-environnement","13":"tag-eu","14":"tag-europe","15":"tag-fil-info","16":"tag-fr","17":"tag-france","18":"tag-lyon","19":"tag-lyon-bassin","20":"tag-news","21":"tag-republique-francaise","22":"tag-rhone","23":"tag-sante","24":"tag-societe","25":"tag-sport"},"share_on_mastodon":{"url":"https:\/\/pubeurope.com\/@fr\/115226872476132661","error":""},"_links":{"self":[{"href":"https:\/\/www.europesays.com\/fr\/wp-json\/wp\/v2\/posts\/400621","targetHints":{"allow":["GET"]}}],"collection":[{"href":"https:\/\/www.europesays.com\/fr\/wp-json\/wp\/v2\/posts"}],"about":[{"href":"https:\/\/www.europesays.com\/fr\/wp-json\/wp\/v2\/types\/post"}],"author":[{"embeddable":true,"href":"https:\/\/www.europesays.com\/fr\/wp-json\/wp\/v2\/users\/2"}],"replies":[{"embeddable":true,"href":"https:\/\/www.europesays.com\/fr\/wp-json\/wp\/v2\/comments?post=400621"}],"version-history":[{"count":0,"href":"https:\/\/www.europesays.com\/fr\/wp-json\/wp\/v2\/posts\/400621\/revisions"}],"wp:featuredmedia":[{"embeddable":true,"href":"https:\/\/www.europesays.com\/fr\/wp-json\/wp\/v2\/media\/400622"}],"wp:attachment":[{"href":"https:\/\/www.europesays.com\/fr\/wp-json\/wp\/v2\/media?parent=400621"}],"wp:term":[{"taxonomy":"category","embeddable":true,"href":"https:\/\/www.europesays.com\/fr\/wp-json\/wp\/v2\/categories?post=400621"},{"taxonomy":"post_tag","embeddable":true,"href":"https:\/\/www.europesays.com\/fr\/wp-json\/wp\/v2\/tags?post=400621"}],"curies":[{"name":"wp","href":"https:\/\/api.w.org\/{rel}","templated":true}]}}