{"id":400626,"date":"2025-09-18T19:11:13","date_gmt":"2025-09-18T19:11:13","guid":{"rendered":"https:\/\/www.europesays.com\/fr\/400626\/"},"modified":"2025-09-18T19:11:13","modified_gmt":"2025-09-18T19:11:13","slug":"greve-du-18-septembre-vers-une-nouvelle-journee-de-mobilisation-mais-quand","status":"publish","type":"post","link":"https:\/\/www.europesays.com\/fr\/400626\/","title":{"rendered":"Gr\u00e8ve du 18\u00a0septembre\u00a0: vers une nouvelle journ\u00e9e de mobilisation, mais quand\u00a0?"},"content":{"rendered":"<p class=\"paragraph text_align_left lp-f-body-02\">Pourtant, la partie n\u2019\u00e9tait pas forc\u00e9ment gagn\u00e9e. Car <a href=\"https:\/\/www.leparisien.fr\/societe\/greve-lintersyndicale-propose-une-journee-de-mobilisation-le-jeudi-18-septembre-29-08-2025-4GKYPWXGEVE7ZA3PX65NAZANDY.php\" target=\"_self\" rel=\"noopener\">l\u2019appel \u00e0 manifester avait \u00e9t\u00e9 lanc\u00e9 fin ao\u00fbt,<\/a> juste apr\u00e8s l\u2019annonce de <a href=\"https:\/\/www.leparisien.fr\/politique\/francois-bayrou\/\" target=\"_self\" rel=\"noopener\">Fran\u00e7ois Bayrou<\/a> qui souhaitait solliciter le vote de confiance des parlementaires. Depuis, il n\u2019est plus Premier ministre et son successeur, <a href=\"https:\/\/www.leparisien.fr\/politique\/sebastien-lecornu\/\" target=\"_self\" rel=\"noopener\">S\u00e9bastien Lecornu<\/a>, a certes sond\u00e9 les forces syndicales \u2014 mis \u00e0 part FO, qui a demand\u00e9 \u00e0 \u00eatre re\u00e7u apr\u00e8s cette journ\u00e9e \u2014 mais sans d\u00e9voiler ses intentions. Et si, sur la forme, il semble avoir mieux r\u00e9ussi ce premier rendez-vous que son pr\u00e9d\u00e9cesseur, il n\u2019a pas rassur\u00e9 les partenaires sociaux sur le fond.<\/p>\n","protected":false},"excerpt":{"rendered":"Pourtant, la partie n\u2019\u00e9tait pas forc\u00e9ment gagn\u00e9e. Car l\u2019appel \u00e0 manifester avait \u00e9t\u00e9 lanc\u00e9 fin ao\u00fbt, juste apr\u00e8s&hellip;\n","protected":false},"author":2,"featured_media":400627,"comment_status":"","ping_status":"","sticky":false,"template":"","format":"standard","meta":{"footnotes":""},"categories":[1888],"tags":[1111,1928,11,1927,33,1777,674,1011,27,39474,12,1926,626,1925,316,25,11067],"class_list":{"0":"post-400626","1":"post","2":"type-post","3":"status-publish","4":"format-standard","5":"has-post-thumbnail","7":"category-paris","8":"tag-actu","9":"tag-actu-paris","10":"tag-actualites","11":"tag-actualites-paris","12":"tag-economie","13":"tag-eu","14":"tag-europe","15":"tag-fr","16":"tag-france","17":"tag-marylise-leon","18":"tag-news","19":"tag-news-paris","20":"tag-paris","21":"tag-paris-news","22":"tag-politique","23":"tag-republique-francaise","24":"tag-sebastien-lecornu"},"share_on_mastodon":{"url":"https:\/\/pubeurope.com\/@fr\/115226888524050774","error":""},"_links":{"self":[{"href":"https:\/\/www.europesays.com\/fr\/wp-json\/wp\/v2\/posts\/400626","targetHints":{"allow":["GET"]}}],"collection":[{"href":"https:\/\/www.europesays.com\/fr\/wp-json\/wp\/v2\/posts"}],"about":[{"href":"https:\/\/www.europesays.com\/fr\/wp-json\/wp\/v2\/types\/post"}],"author":[{"embeddable":true,"href":"https:\/\/www.europesays.com\/fr\/wp-json\/wp\/v2\/users\/2"}],"replies":[{"embeddable":true,"href":"https:\/\/www.europesays.com\/fr\/wp-json\/wp\/v2\/comments?post=400626"}],"version-history":[{"count":0,"href":"https:\/\/www.europesays.com\/fr\/wp-json\/wp\/v2\/posts\/400626\/revisions"}],"wp:featuredmedia":[{"embeddable":true,"href":"https:\/\/www.europesays.com\/fr\/wp-json\/wp\/v2\/media\/400627"}],"wp:attachment":[{"href":"https:\/\/www.europesays.com\/fr\/wp-json\/wp\/v2\/media?parent=400626"}],"wp:term":[{"taxonomy":"category","embeddable":true,"href":"https:\/\/www.europesays.com\/fr\/wp-json\/wp\/v2\/categories?post=400626"},{"taxonomy":"post_tag","embeddable":true,"href":"https:\/\/www.europesays.com\/fr\/wp-json\/wp\/v2\/tags?post=400626"}],"curies":[{"name":"wp","href":"https:\/\/api.w.org\/{rel}","templated":true}]}}