{"id":400638,"date":"2025-09-18T19:17:14","date_gmt":"2025-09-18T19:17:14","guid":{"rendered":"https:\/\/www.europesays.com\/fr\/400638\/"},"modified":"2025-09-18T19:17:14","modified_gmt":"2025-09-18T19:17:14","slug":"donald-trump-cajole-et-flatte-des-engagements-et-des-actions-protestataires-choc-recit-dune-visite-controversee-au-royaume-uni","status":"publish","type":"post","link":"https:\/\/www.europesays.com\/fr\/400638\/","title":{"rendered":"Donald Trump cajol\u00e9 et flatt\u00e9, des engagements et des actions protestataires choc: r\u00e9cit d&rsquo;une visite controvers\u00e9e au Royaume-Uni"},"content":{"rendered":"<p class=\"text-left ap-StoryElement ap-StoryElement--mb js-paywall-target ap-StoryText\">Dans cette ambiance \u00e0 la fois feutr\u00e9e et grandiose, le milliardaire et ancien animateur de la s\u00e9rie am\u00e9ricaine The Apprentice a admis mercredi soir conna\u00eetre l\u00e0 \u00ab\u00a0un des plus grands honneurs de [sa] vie\u00a0\u00bb. Avant d&rsquo;assurer que \u00ab\u00a0le lien de parent\u00e9 et d&rsquo;identit\u00e9 entre les \u00c9tats-Unis et le Royaume-Uni est inestimable et \u00e9ternel. Il est irrempla\u00e7able et indestructible\u00a0\u00bb.<\/p>\n<p><a href=\"https:\/\/www.lalibre.be\/international\/2025\/09\/18\/donald-trump-assis-a-cote-de-kate-middleton-menu-en-francais-et-bouteilles-speciales-les-details-du-banquet-en-lhonneur-du-president-americain-ZHUY33HPWRFPFN5HQ7WLJACXGQ\/\" target=\"_blank\" rel=\"noopener noreferrer\" class=\"ap-StoryInterstitialLink ap-StoryElement ap-StoryElement--mb\">Donald Trump assis \u00e0 c\u00f4t\u00e9 de Kate Middleton, menu en fran\u00e7ais et une bouteille sp\u00e9ciale : les d\u00e9tails du banquet en l&rsquo;honneur du pr\u00e9sident am\u00e9ricain<\/a>Isol\u00e9 des protestations<\/p>\n<p class=\"text-left ap-StoryElement ap-StoryElement--mb ap-StoryText\">La promesse d&rsquo;un s\u00e9jour r\u00e9ussi ? Pas si vite. Quelques heures apr\u00e8s son arriv\u00e9e sur le sol britannique, les n\u00e9gociations sur l&rsquo;abaissement de 25 % \u00e0 0 % des droits de douane impos\u00e9s \u00e0 l&rsquo;importation d&rsquo;acier britannique par la Maison-Blanche (contre des droits de 50 % pour l&rsquo;Union europ\u00e9enne) ont \u00e9t\u00e9 stopp\u00e9es net par la partie am\u00e9ricaine.<\/p>\n<p class=\"text-left ap-StoryElement ap-StoryElement--mb ap-StoryText\">Ensuite, m\u00eame si les autorit\u00e9s britanniques avaient tout fait pour isoler leur h\u00f4te des opposants \u00e0 sa seconde visite officielle au Royaume-Uni, apr\u00e8s celle effectu\u00e9e en 2019, lors de son premier mandat, leurs actions ne sont pas pass\u00e9es inaper\u00e7ues. Mardi soir, des photographies de Donald Trump avec le p\u00e9dophile et prox\u00e9n\u00e8te Jeffrey Epstein ont \u00e9t\u00e9 projet\u00e9es sur les murs du ch\u00e2teau de Windsor. Mercredi, des manifestations ont \u00e9t\u00e9 organis\u00e9es \u00e0 Windsor et surtout dans le centre de Londres, o\u00f9 cinq mille personnes ont march\u00e9 pour exprimer leur opposition \u00e0 la r\u00e9ception d'\u00a0\u00bbun violeur et un raciste\u00a0\u00bb, comme nous l&rsquo;y a expliqu\u00e9 l&rsquo;une des responsables de la coalition anti-Trump, Zoe Gardner.<\/p>\n<p><a href=\"https:\/\/www.lalibre.be\/international\/europe\/2024\/11\/12\/au-royaume-uni-le-ministre-des-affaires-etrangeres-a-revu-son-opinion-sur-le-tyran-trump-il-y-avait-des-choses-que-je-ne-savais-pas-a-lepoque-5Z2EWIHMU5CABON6FYYU6O2IXM\/\" target=\"_blank\" rel=\"noopener noreferrer\" class=\"ap-StoryInterstitialLink ap-StoryElement ap-StoryElement--mb\">Le ministre britannique des Affaires \u00e9trang\u00e8res a revu son opinion sur \u00ab\u00a0le tyran Trump\u00a0\u00bb<\/a><\/p>\n<p class=\"text-left ap-StoryElement ap-StoryElement--mb ap-StoryText\">Enfin, le chef du parti lib\u00e9ral-d\u00e9mocrate Ed Davey a rejet\u00e9 l&rsquo;invitation de participer au banquet de Windsor en raison du manque d&rsquo;action du pr\u00e9sident am\u00e9ricain \u00ab\u00a0pour emp\u00eacher la catastrophe humanitaire\u00a0\u00bb \u00e0 Gaza.<\/p>\n<p>Promesses d&rsquo;investissement<\/p>\n<p class=\"text-left ap-StoryElement ap-StoryElement--mb ap-StoryText\">De fait, en difficult\u00e9 au niveau national, o\u00f9 sa l\u00e9gitimit\u00e9 est remise en question apr\u00e8s plusieurs scandales politiques et par la pouss\u00e9e du <a href=\"https:\/\/www.lalibre.be\/international\/europe\/2025\/09\/06\/reform-uk-le-parti-de-nigel-farage-profite-de-lomnipresence-de-la-question-migratoire-dans-lactualite-FQPJPVXOGNDULH6CPBUHNMGSNQ\/\" target=\"_self\" rel=\"noopener\">parti populiste anti-immigration Reform UK<\/a>, largement en t\u00eate dans les sondages, le Premier ministre britannique n&rsquo;a pas souhait\u00e9 ab\u00eemer sa relation avec son \u00ab\u00a0v\u00e9ritable ami\u00a0\u00bb, comme il l&rsquo;a qualifi\u00e9, en le poussant trop sur les sujets diplomatiques contentieux, tels que l&rsquo;Ukraine, l&rsquo;Otan et Gaza. Surtout que les deux hommes ne sont pas d&rsquo;accord sur la reconnaissance de l&rsquo;\u00c9tat palestinien par Londres, qui devrait survenir dans les prochaines heures. Il a donc mis en avant leur \u00ab\u00a0accord de prosp\u00e9rit\u00e9 technologique\u00a0\u00bb, une gigantesque promesse d&rsquo;investissement bilat\u00e9ral de 250 milliards de livres sterling (290 milliards d&rsquo;euros).<\/p>\n<p><a href=\"https:\/\/www.lalibre.be\/economie\/conjoncture\/2025\/05\/08\/hors-de-lue-le-royaume-uni-a-obtenu-un-accord-commercial-limite-avec-les-etats-unis-plus-quun-simple-coup-diplomatique-P7JE43NGD5BC7OXCBSJ6F2F7SY\/\" target=\"_blank\" rel=\"noopener noreferrer\" class=\"ap-StoryInterstitialLink ap-StoryElement ap-StoryElement--mb\">Le Royaume-Uni est le premier \u00e0 conclure un accord commercial avec les \u00c9tats-Unis<\/a><\/p>\n<p class=\"text-left ap-StoryElement ap-StoryElement--mb ap-StoryText\">Apr\u00e8s avoir \u00e9t\u00e9 le premier \u00e0 signer un accord commercial avec les \u00c9tats-Unis en mai et \u00e0 avoir obtenu des tarifs douaniers (de 10 %) parmi les plus faibles d\u00e9cr\u00e9t\u00e9s par la Maison-Blanche, Keir Starmer a enregistr\u00e9 jeudi 150 milliards de livres sterling (170 milliards d&rsquo;euros) d&rsquo;investissements am\u00e9ricains dans le domaine de l&rsquo;intelligence artificielle (IA), des centres de base de donn\u00e9es et des constructions de puces, notamment par les groupes Microsoft, Google, Nvidia et surtout le fonds d&rsquo;investissement Blackstone, qui s&rsquo;est engag\u00e9 sur 90 milliards de livres sterling (103 milliards d&rsquo;euros) sur dix ans.<\/p>\n<p class=\"text-left ap-StoryElement ap-StoryElement--mb ap-StoryText\">Ces apports consid\u00e9rables devraient cr\u00e9er 15 000 emplois selon le responsable travailliste. Ils s&rsquo;inscrivent dans sa strat\u00e9gie d\u00e9voil\u00e9e en janvier \u00ab\u00a0d&rsquo;injecter l&rsquo;IA dans les veines de cette nation entreprenante\u00a0\u00bb pour faire \u00ab\u00a0du Royaume-Uni le leader mondial de l&rsquo;IA\u00a0\u00bb. Les deux pays avaient d\u00e9j\u00e0 d\u00e9voil\u00e9 en d\u00e9but de semaine la construction commune de douze petits r\u00e9acteurs nucl\u00e9aires modulaires d&rsquo;une capacit\u00e9 de 960MW.<\/p>\n<p class=\"text-left ap-StoryElement ap-StoryElement--mb ap-StoryText\">De son c\u00f4t\u00e9, Donald Trump paraissait jeudi apr\u00e8s-midi aux anges, notamment apr\u00e8s avoir assur\u00e9 la promesse de nouveaux investissements britanniques aux \u00c9tats-Unis. \u00ab\u00a0Nous avons l&rsquo;intention d&rsquo;\u00eatre toujours le partenaire commercial le plus solide, le plus proche et le plus fiable du Royaume-Uni\u00a0\u00bb, a-t-il indiqu\u00e9. \u00ab\u00a0C&rsquo;est tr\u00e8s important pour nous. La relation est tr\u00e8s importante.\u00a0\u00bb De quoi soulager Keir Starmer.<\/p>\n","protected":false},"excerpt":{"rendered":"Dans cette ambiance \u00e0 la fois feutr\u00e9e et grandiose, le milliardaire et ancien animateur de la s\u00e9rie am\u00e9ricaine&hellip;\n","protected":false},"author":2,"featured_media":400639,"comment_status":"","ping_status":"","sticky":false,"template":"","format":"standard","meta":{"footnotes":""},"categories":[1588],"tags":[53193,11,21332,3057,1777,674,1227,12,16865,473,1853,1851,1850,1852],"class_list":{"0":"post-400638","1":"post","2":"type-post","3":"status-publish","4":"format-standard","5":"has-post-thumbnail","7":"category-royaume-uni","8":"tag-1st-images","9":"tag-actualites","10":"tag-diplomacy","11":"tag-essential","12":"tag-eu","13":"tag-europe","14":"tag-horizontal","15":"tag-news","16":"tag-royals","17":"tag-royaume-uni","18":"tag-royaume-uni-de-grande-bretagne-et-dirlande-du-nord","19":"tag-uk","20":"tag-united-kingdom","21":"tag-united-kingdom-of-great-britain-and-northern-ireland"},"share_on_mastodon":{"url":"https:\/\/pubeurope.com\/@fr\/115226912009486939","error":""},"_links":{"self":[{"href":"https:\/\/www.europesays.com\/fr\/wp-json\/wp\/v2\/posts\/400638","targetHints":{"allow":["GET"]}}],"collection":[{"href":"https:\/\/www.europesays.com\/fr\/wp-json\/wp\/v2\/posts"}],"about":[{"href":"https:\/\/www.europesays.com\/fr\/wp-json\/wp\/v2\/types\/post"}],"author":[{"embeddable":true,"href":"https:\/\/www.europesays.com\/fr\/wp-json\/wp\/v2\/users\/2"}],"replies":[{"embeddable":true,"href":"https:\/\/www.europesays.com\/fr\/wp-json\/wp\/v2\/comments?post=400638"}],"version-history":[{"count":0,"href":"https:\/\/www.europesays.com\/fr\/wp-json\/wp\/v2\/posts\/400638\/revisions"}],"wp:featuredmedia":[{"embeddable":true,"href":"https:\/\/www.europesays.com\/fr\/wp-json\/wp\/v2\/media\/400639"}],"wp:attachment":[{"href":"https:\/\/www.europesays.com\/fr\/wp-json\/wp\/v2\/media?parent=400638"}],"wp:term":[{"taxonomy":"category","embeddable":true,"href":"https:\/\/www.europesays.com\/fr\/wp-json\/wp\/v2\/categories?post=400638"},{"taxonomy":"post_tag","embeddable":true,"href":"https:\/\/www.europesays.com\/fr\/wp-json\/wp\/v2\/tags?post=400638"}],"curies":[{"name":"wp","href":"https:\/\/api.w.org\/{rel}","templated":true}]}}