{"id":400654,"date":"2025-09-18T19:28:13","date_gmt":"2025-09-18T19:28:13","guid":{"rendered":"https:\/\/www.europesays.com\/fr\/400654\/"},"modified":"2025-09-18T19:28:13","modified_gmt":"2025-09-18T19:28:13","slug":"atp-nouveau-depart-pour-medvedev-cela-na-pas-ete-une-decision-facile-a-prendre-mais-je-suis-heureux-de-tenter-lexperience","status":"publish","type":"post","link":"https:\/\/www.europesays.com\/fr\/400654\/","title":{"rendered":"ATP > Nouveau d\u00e9part pour Medvedev : \u00ab\u00a0Cela n&rsquo;a pas \u00e9t\u00e9 une d\u00e9cision facile \u00e0 prendre mais je suis heureux de tenter l&rsquo;exp\u00e9rience\u00a0\u00bb"},"content":{"rendered":"<p>Apr\u00e8s avoir mis un terme \u00e0 sa longue colla\u00adbo\u00adra\u00adtion avec le Fran\u00e7ais Gilles Cervara, Daniil Medvedev va vivre \u00e0 Hangzhou en Chine son premier tournoi depuis le d\u00e9but de <a href=\"https:\/\/www.welovetennis.fr\/atp\/les-deux-nouveaux-coachs-de-medvedev-sont-connus\" data-wpel-link=\"internal\" target=\"_blank\" rel=\"noopener\">son asso\u00adcia\u00adtion avec ses deux nouveaux entra\u00ee\u00adneurs, Thomas Johansson et Rohan Goetzke<\/a>.<\/p>\n<p><strong>\u00ab\u202fCela n\u2019a pas \u00e9t\u00e9 une d\u00e9ci\u00adsion facile \u00e0 prendre, mais je suis heureux de tenter l\u2019ex\u00adp\u00e9\u00adrience avec eux pour le reste de la saison, puis pour la saison prochaine, je verrai comment cela se passe. J\u2019aime leur fa\u00e7on de travailler. J\u2019aime ce qu\u2019ils disent, et c\u2019est un nouveau projet int\u00e9\u00adres\u00adsant dans ma carri\u00e8re\u202f\u00bb<\/strong>, a d\u00e9clar\u00e9 le Russe de 29 ans, 18e mondial, dans des propos relay\u00e9s par l\u2019<a href=\"https:\/\/www.atptour.com\/en\/tournaments\" data-wpel-link=\"external\" target=\"_blank\" rel=\"nofollow external noopener\">ATP<\/a>. <\/p>\n<p class=\"post-published-date\" style=\"color: silver; font-size: 75%; text-align: left;\">Publi\u00e9 le jeudi 18 septembre 2025 \u00e0 10:19<\/p>\n","protected":false},"excerpt":{"rendered":"Apr\u00e8s avoir mis un terme \u00e0 sa longue colla\u00adbo\u00adra\u00adtion avec le Fran\u00e7ais Gilles Cervara, Daniil Medvedev va vivre&hellip;\n","protected":false},"author":2,"featured_media":270496,"comment_status":"","ping_status":"","sticky":false,"template":"","format":"standard","meta":{"footnotes":""},"categories":[1415],"tags":[3252,1011,27,60,1467],"class_list":{"0":"post-400654","1":"post","2":"type-post","3":"status-publish","4":"format-standard","5":"has-post-thumbnail","7":"category-tennis","8":"tag-daniil-medvedev","9":"tag-fr","10":"tag-france","11":"tag-sports","12":"tag-tennis"},"share_on_mastodon":{"url":"https:\/\/pubeurope.com\/@fr\/115226955149211252","error":""},"_links":{"self":[{"href":"https:\/\/www.europesays.com\/fr\/wp-json\/wp\/v2\/posts\/400654","targetHints":{"allow":["GET"]}}],"collection":[{"href":"https:\/\/www.europesays.com\/fr\/wp-json\/wp\/v2\/posts"}],"about":[{"href":"https:\/\/www.europesays.com\/fr\/wp-json\/wp\/v2\/types\/post"}],"author":[{"embeddable":true,"href":"https:\/\/www.europesays.com\/fr\/wp-json\/wp\/v2\/users\/2"}],"replies":[{"embeddable":true,"href":"https:\/\/www.europesays.com\/fr\/wp-json\/wp\/v2\/comments?post=400654"}],"version-history":[{"count":0,"href":"https:\/\/www.europesays.com\/fr\/wp-json\/wp\/v2\/posts\/400654\/revisions"}],"wp:featuredmedia":[{"embeddable":true,"href":"https:\/\/www.europesays.com\/fr\/wp-json\/wp\/v2\/media\/270496"}],"wp:attachment":[{"href":"https:\/\/www.europesays.com\/fr\/wp-json\/wp\/v2\/media?parent=400654"}],"wp:term":[{"taxonomy":"category","embeddable":true,"href":"https:\/\/www.europesays.com\/fr\/wp-json\/wp\/v2\/categories?post=400654"},{"taxonomy":"post_tag","embeddable":true,"href":"https:\/\/www.europesays.com\/fr\/wp-json\/wp\/v2\/tags?post=400654"}],"curies":[{"name":"wp","href":"https:\/\/api.w.org\/{rel}","templated":true}]}}