{"id":400659,"date":"2025-09-18T19:32:12","date_gmt":"2025-09-18T19:32:12","guid":{"rendered":"https:\/\/www.europesays.com\/fr\/400659\/"},"modified":"2025-09-18T19:32:12","modified_gmt":"2025-09-18T19:32:12","slug":"cyclisme-route-rafal-majka-pogacar-parle-moins-et-gagne-plus-que-contador-et-sagan","status":"publish","type":"post","link":"https:\/\/www.europesays.com\/fr\/400659\/","title":{"rendered":"Cyclisme. Route &#8211; Rafal Majka : \u00abPogacar parle moins et gagne plus que Contador et Sagan\u00bb"},"content":{"rendered":"<p><strong>Rafal Majka<\/strong>, \u00e0 36 ans, va  prendre sa retraite \u00e0 l&rsquo;issue de la saison. Au cours de ses 15 ann\u00e9es chez les professionnels, le Polonais\u00a0a connu trois \u00e9quipes : la <strong>Tinkoff-Saxo<\/strong> (2011 \u00e0 2016), la <strong>BORA-hansgrohe <\/strong>(2017 \u00e0 2020) et bien s\u00fbr <strong>UAE Team Emirates XRG\u00a0<\/strong>(2021-2025).\u00a0<strong>Majka<\/strong> a c\u00f4toy\u00e9 certaines l\u00e9gendes de ce sport, en \u00e9tant leur fid\u00e8le lieutenant, notamment avec <strong>Alberto Contador<\/strong> en d\u00e9but de carri\u00e8re, puis <strong>Peter Sagan<\/strong>, mais \u00e9galement\u00a0<strong><a href=\"https:\/\/www.cyclismactu.net\/..\/news-gp-de-montreal-route-tadej-pogacar-j-avais-un-peu-peur-de-me-rendre-canada-90157.html\" target=\"_blank\" rel=\"noopener\">Tadej Pogacar<\/a><\/strong>\u00a0ou<strong> <a href=\"https:\/\/www.cyclismactu.net\/..\/news-trofeo-matteotti-route-isaac-del-toro-j-aborde-mondiaux-en-confiance-90149.html\" target=\"_blank\" rel=\"noopener\">Isaac Del Toro<\/a> <\/strong>sur la fin.\u00a0<\/p>\n<p>Vid\u00e9o &#8211; Tadej Pogacar et Rafal Majka&#8230; un sacr\u00e9 duo Lire la suite de l&rsquo;article&#13;<\/p>\n<p>\u00a0<\/p>\n<p>&#13;<br \/>\n\u00ab\u00a0Chez BORA j\u2019\u00e9tais le leader absolu et c\u2019\u00e9tait un grand stress\u00a0\u00bb&#13;<\/p>\n<p>Dans une interview pour <a href=\"https:\/\/bici.pro\/news\/professionisti\/majka-sceglie-famiglia-non-esclude-tornare-diesse\/\" target=\"_blank\" rel=\"noopener\">Bici.Pro<\/a>,\u00a0il a retrac\u00e9 sa carri\u00e8re professionnelle et \u00e9voqu\u00e9 les grands noms avec qui il a couru. \u00ab\u00a0Alberto \u00e9tait capable de dire qu\u2019il allait gagner le Giro, le Tour ou la Vuelta et ensuite il le faisait. Sagan, en forme, pouvait tout gagner, trois Mondiaux cons\u00e9cutifs ce n\u2019est pas quelque chose de normal. Et puis il y a Tadej, qui ne dit pas grand-chose mais gagne tout. Pogacar parle moins mais gagne plus\u00a0\u00bb, a d\u00e9clar\u00e9 <strong>Rafal Majka<\/strong>.<\/p>\n<p>&#13;<\/p>\n<p>\u00ab\u00a0Chez Saxo Bank j\u2019ai toujours eu la confiance et je suis devenu leader, mais j\u2019ai aussi aid\u00e9 Contador. Chez BORA j\u2019\u00e9tais le leader absolu et c\u2019\u00e9tait un grand stress\u00a0\u00bb, a-t-il r\u00e9v\u00e9l\u00e9. \u00ab\u00a0Apr\u00e8s quatre ans j\u2019avais besoin de changement et je suis arriv\u00e9 chez UAE, o\u00f9 j\u2019ai rencontr\u00e9 un jeune appel\u00e9 Pogacar. Je pensais qu\u2019il gagnerait quelques courses et tout d\u2019un coup je me suis retrouv\u00e9 avec quelqu\u2019un qui gagne tout et sera une l\u00e9gende\u00a0\u00bb, a poursuivi le Polonais. \u00ab\u00a0\u00c7a a \u00e9t\u00e9 amusant de courir avec le meilleur cycliste du monde, peut-\u00eatre de l\u2019histoire. Cette \u00e9quipe est comme une famille et je sais qu\u2019elle me manquera.\u00a0\u00bb<\/p>\n<p>&#13;<\/p>\n<p>\u00a0<\/p>\n<p>&#13;<br \/>\n\u00ab\u00a0Del Toro ? A\u00a0l\u2019avenir il gagnera un Grand Tour\u00a0\u00bb&#13;<\/p>\n<p>\u00ab\u00a0\u00c0 30 ans j\u2019ai compris qu\u2019il valait mieux \u00eatre \u00e9quipier que de gagner une ou deux courses par an. Alors j\u2019ai rejoint UAE sans savoir \u00e0 quel point Pogacar deviendrait fort. L\u2019aider c\u2019est un autre type de stress. Il faut \u00eatre pr\u00eat quand il le demande, mais c\u2019est plus facile parce qu\u2019il peut pratiquement tout gagner. Alors j\u2019ai pu continuer avec lui, je ne suis pas cram\u00e9\u00a0\u00bb, a-t-il expliqu\u00e9, en pr\u00e9cisant qu\u2019il quitte le haut niveau avec de bonnes jambes.\u00a0\u00bbJ\u2019ai encore la motivation pour m\u2019entra\u00eener et courir, mais je veux passer du temps avec mes enfants. J\u2019ai \u00e9t\u00e9 loin de ma famille pendant 24 ans avec huit mois de voyages par an. Mes enfants ont neuf et cinq ans maintenant, le temps passe vite.\u00a0\u00bb\u00a0<\/p>\n<p>&#13;<\/p>\n<p>Cette saison, <strong>Majka <\/strong>a remport\u00e9 son titre national, est mont\u00e9 sur le podium du Tour d\u2019Autriche et a termin\u00e9 13e du <strong>Giro <\/strong>tout en \u00e9paulant <strong>Del Toro<\/strong>. \u00c0 propos du Mexicain, il a aussi d\u00e9clar\u00e9 : \u00ab\u00a0Porter le maillot rose jusqu\u2019\u00e0 la derni\u00e8re journ\u00e9e \u00e0 son \u00e2ge est incroyable. Il lui manquait peut-\u00eatre de l\u2019exp\u00e9rience, mais il est tr\u00e8s fort. Il fera un bon Mondial et \u00e0 l\u2019avenir il gagnera un grand tour.\u00a0\u00bb<\/p>\n","protected":false},"excerpt":{"rendered":"Rafal Majka, \u00e0 36 ans, va prendre sa retraite \u00e0 l&rsquo;issue de la saison. Au cours de ses&hellip;\n","protected":false},"author":2,"featured_media":400660,"comment_status":"","ping_status":"","sticky":false,"template":"","format":"standard","meta":{"footnotes":""},"categories":[1411],"tags":[1154,207,211,1011,27,209,60,210,212,208,213],"class_list":{"0":"post-400659","1":"post","2":"type-post","3":"status-publish","4":"format-standard","5":"has-post-thumbnail","7":"category-cyclisme","8":"tag-cycling","9":"tag-cyclisme","10":"tag-ffc","11":"tag-fr","12":"tag-france","13":"tag-route","14":"tag-sports","15":"tag-tour-de-france","16":"tag-uci","17":"tag-velo","18":"tag-world-tour"},"share_on_mastodon":{"url":"https:\/\/pubeurope.com\/@fr\/115226970974975805","error":""},"_links":{"self":[{"href":"https:\/\/www.europesays.com\/fr\/wp-json\/wp\/v2\/posts\/400659","targetHints":{"allow":["GET"]}}],"collection":[{"href":"https:\/\/www.europesays.com\/fr\/wp-json\/wp\/v2\/posts"}],"about":[{"href":"https:\/\/www.europesays.com\/fr\/wp-json\/wp\/v2\/types\/post"}],"author":[{"embeddable":true,"href":"https:\/\/www.europesays.com\/fr\/wp-json\/wp\/v2\/users\/2"}],"replies":[{"embeddable":true,"href":"https:\/\/www.europesays.com\/fr\/wp-json\/wp\/v2\/comments?post=400659"}],"version-history":[{"count":0,"href":"https:\/\/www.europesays.com\/fr\/wp-json\/wp\/v2\/posts\/400659\/revisions"}],"wp:featuredmedia":[{"embeddable":true,"href":"https:\/\/www.europesays.com\/fr\/wp-json\/wp\/v2\/media\/400660"}],"wp:attachment":[{"href":"https:\/\/www.europesays.com\/fr\/wp-json\/wp\/v2\/media?parent=400659"}],"wp:term":[{"taxonomy":"category","embeddable":true,"href":"https:\/\/www.europesays.com\/fr\/wp-json\/wp\/v2\/categories?post=400659"},{"taxonomy":"post_tag","embeddable":true,"href":"https:\/\/www.europesays.com\/fr\/wp-json\/wp\/v2\/tags?post=400659"}],"curies":[{"name":"wp","href":"https:\/\/api.w.org\/{rel}","templated":true}]}}