{"id":400663,"date":"2025-09-18T19:34:12","date_gmt":"2025-09-18T19:34:12","guid":{"rendered":"https:\/\/www.europesays.com\/fr\/400663\/"},"modified":"2025-09-18T19:34:12","modified_gmt":"2025-09-18T19:34:12","slug":"loin-du-protocole-kate-middleton-et-melania-trump-en-toute-decontraction-chez-les-scouts","status":"publish","type":"post","link":"https:\/\/www.europesays.com\/fr\/400663\/","title":{"rendered":"Loin du protocole, Kate Middleton et Melania Trump en toute d\u00e9contraction chez les scouts"},"content":{"rendered":"<p class=\"mb-4 text-lg md:leading-8 break-words\">Outre-Manche, <a href=\"https:\/\/www.parismatch.com\/actu\/international\/diner-detat-nuit-a-windsor-moment-privilegie-avec-kate-le-programme-de-melania-et-donald-trump-au-royaume-uni-257038\" rel=\"nofollow noopener\" target=\"_blank\" data-ylk=\"slk:la visite d\u2019\u00c9tat de Donald Trump;elm:context_link;itc:0;sec:content-canvas\" class=\"link \">la visite d\u2019\u00c9tat de Donald Trump<\/a> rev\u00eat un caract\u00e8re unique \u00e0 plus d\u2019un titre. C\u2019est en effet la premi\u00e8re fois qu\u2019un pr\u00e9sident effectue ce type de d\u00e9placement \u00e0 deux reprises dans le pays de Sa Majest\u00e9 et c\u2019est \u00e9galement la premi\u00e8re fois que Kate Middleton joue un r\u00f4le aussi important dans ce type d\u2019\u00e9v\u00e9nement.<\/p>\n<p class=\"mb-4 text-lg md:leading-8 break-words\">Pr\u00e9sente, comme le protocole l\u2019y oblige,<a href=\"https:\/\/www.parismatch.com\/Royal-Blog\/kate-middleton-et-le-prince-william-assortis-pour-accueillir-donald-et-melania-trump-a-windsor-257183\" rel=\"nofollow noopener\" target=\"_blank\" data-ylk=\"slk:\u00e0 la sortie d\u2019h\u00e9licopt\u00e8re du pr\u00e9sident;elm:context_link;itc:0;sec:content-canvas\" class=\"link \"> \u00e0 la sortie d\u2019h\u00e9licopt\u00e8re du pr\u00e9sident<\/a>, la princesse de Galles a \u00e9galement pris part au banquet donn\u00e9 en l\u2019honneur du chef d\u2019\u00c9tat au ch\u00e2teau de Windsor, <a href=\"https:\/\/www.parismatch.com\/Royal-Blog\/en-images-kate-princesse-dor-fait-succomber-donald-trump-a-windsor-257218\" rel=\"nofollow noopener\" target=\"_blank\" data-ylk=\"slk:recevant au passage les \u00e9loges de l\u2019ancien pr\u00e9sentateur t\u00e9l\u00e9;elm:context_link;itc:0;sec:content-canvas\" class=\"link \">recevant au passage les \u00e9loges de l\u2019ancien pr\u00e9sentateur t\u00e9l\u00e9<\/a>. Enfin, ce 18\u00a0septembre, c\u2019est Melania Trump que l\u2019\u00e9pouse du prince William a retrouv\u00e9e pour partir \u00e0 la rencontre d\u2019un jeune groupe scout.<\/p>\n<p class=\"mb-4 text-lg md:leading-8 break-words\">Pour la premi\u00e8re fois, la princesse de Galles s\u2019est donc retrouv\u00e9e \u00e0 devoir g\u00e9rer seule le d\u00e9placement d\u2019une Premi\u00e8re dame \u00e9trang\u00e8re sur le sol britannique. Les deux femmes avaient rendez-vous \u00e0 Frogmore House, tout pr\u00e8s du ch\u00e2teau de Windsor, avec des \u00ab\u00a0\u00e9cureuils\u00a0\u00bb, les plus jeunes groupes scouts, organisation dont Kate Middleton est la marraine.<\/p>\n<p>Activit\u00e9s ludiques entre princesse et First Lady<\/p>\n<p class=\"mb-4 text-lg md:leading-8 break-words\">Apr\u00e8s avoir surpris <a href=\"https:\/\/www.parismatch.com\/actu\/international\/au-banquet-detat-melania-trump-fait-un-choix-surprenant-face-a-camilla-et-kate-257215\" rel=\"nofollow noopener\" target=\"_blank\" data-ylk=\"slk:dans une robe Carolina Herrera jaune et rose;elm:context_link;itc:0;sec:content-canvas\" class=\"link \">dans une robe Carolina Herrera jaune et rose<\/a> au d\u00eener d\u2019\u00c9tat, Melania Trump est revenue \u00e0 une tenue plus basique, apparaissant v\u00eatue d\u2019une veste en su\u00e8de Ralph Lauren et d\u2019un pantalon cr\u00e8me. \u00c0 ses c\u00f4t\u00e9s, Kate Middleton avait opt\u00e9 pour une longue jupe marron \u00e9galement sign\u00e9e Ralph Lauren, ainsi qu\u2019un chemisier \u00e0 col lavalli\u00e8re vert et une veste courte&amp;n&#8230;<\/p>\n<p class=\"mb-4 text-lg md:leading-8 break-words\"><a href=\"https:\/\/www.parismatch.com\/Royal-Blog\/loin-du-protocole-kate-middleton-et-melania-trump-en-toute-decontraction-chez-les-scouts-257239?at_medium=affiliate&amp;at_campaign=Yahoo\" rel=\"nofollow noopener\" target=\"_blank\" data-ylk=\"slk:Lire la suite sur ParisMatch;elm:context_link;itc:0;sec:content-canvas\" class=\"link \">Lire la suite sur ParisMatch<\/a><\/p>\n","protected":false},"excerpt":{"rendered":"Outre-Manche, la visite d\u2019\u00c9tat de Donald Trump rev\u00eat un caract\u00e8re unique \u00e0 plus d\u2019un titre. C\u2019est en effet&hellip;\n","protected":false},"author":2,"featured_media":400664,"comment_status":"","ping_status":"","sticky":false,"template":"","format":"standard","meta":{"footnotes":""},"categories":[1359],"tags":[38875,35201,58,75,59,1011,27,5858,21831,973],"class_list":{"0":"post-400663","1":"post","2":"type-post","3":"status-publish","4":"format-standard","5":"has-post-thumbnail","7":"category-people","8":"tag-chateau-de-windsor","9":"tag-chef-detat","10":"tag-divertissement","11":"tag-donald-trump","12":"tag-entertainment","13":"tag-fr","14":"tag-france","15":"tag-kate-middleton","16":"tag-melania-trump","17":"tag-people"},"share_on_mastodon":{"url":"https:\/\/pubeurope.com\/@fr\/115226978834955381","error":""},"_links":{"self":[{"href":"https:\/\/www.europesays.com\/fr\/wp-json\/wp\/v2\/posts\/400663","targetHints":{"allow":["GET"]}}],"collection":[{"href":"https:\/\/www.europesays.com\/fr\/wp-json\/wp\/v2\/posts"}],"about":[{"href":"https:\/\/www.europesays.com\/fr\/wp-json\/wp\/v2\/types\/post"}],"author":[{"embeddable":true,"href":"https:\/\/www.europesays.com\/fr\/wp-json\/wp\/v2\/users\/2"}],"replies":[{"embeddable":true,"href":"https:\/\/www.europesays.com\/fr\/wp-json\/wp\/v2\/comments?post=400663"}],"version-history":[{"count":0,"href":"https:\/\/www.europesays.com\/fr\/wp-json\/wp\/v2\/posts\/400663\/revisions"}],"wp:featuredmedia":[{"embeddable":true,"href":"https:\/\/www.europesays.com\/fr\/wp-json\/wp\/v2\/media\/400664"}],"wp:attachment":[{"href":"https:\/\/www.europesays.com\/fr\/wp-json\/wp\/v2\/media?parent=400663"}],"wp:term":[{"taxonomy":"category","embeddable":true,"href":"https:\/\/www.europesays.com\/fr\/wp-json\/wp\/v2\/categories?post=400663"},{"taxonomy":"post_tag","embeddable":true,"href":"https:\/\/www.europesays.com\/fr\/wp-json\/wp\/v2\/tags?post=400663"}],"curies":[{"name":"wp","href":"https:\/\/api.w.org\/{rel}","templated":true}]}}